{"id":33131,"date":"2022-07-01T14:46:22","date_gmt":"2022-07-01T17:46:22","guid":{"rendered":"https:\/\/temucotelevision.cl\/web\/?p=33131"},"modified":"2022-07-01T14:46:22","modified_gmt":"2022-07-01T17:46:22","slug":"ministro-de-economia-visito-la-region-de-la-araucania-con-foco-en-el-desarrollo-de-las-comunidades-y-las-mipymes","status":"publish","type":"post","link":"https:\/\/temucotelevision.cl\/web\/2022\/07\/01\/ministro-de-economia-visito-la-region-de-la-araucania-con-foco-en-el-desarrollo-de-las-comunidades-y-las-mipymes\/","title":{"rendered":"Ministro de Econom\u00eda visit\u00f3 la regi\u00f3n de La Araucan\u00eda con foco en el desarrollo de las comunidades y las MiPymes\u00a0"},"content":{"rendered":"<div class=\"pvc_clear\"><\/div><p id=\"pvc_stats_33131\" class=\"pvc_stats total_only  \" data-element-id=\"33131\" style=\"\"><i class=\"pvc-stats-icon large\" aria-hidden=\"true\"><svg aria-hidden=\"true\" focusable=\"false\" data-prefix=\"far\" data-icon=\"chart-bar\" role=\"img\" xmlns=\"http:\/\/www.w3.org\/2000\/svg\" viewBox=\"0 0 512 512\" class=\"svg-inline--fa fa-chart-bar fa-w-16 fa-2x\"><path fill=\"currentColor\" d=\"M396.8 352h22.4c6.4 0 12.8-6.4 12.8-12.8V108.8c0-6.4-6.4-12.8-12.8-12.8h-22.4c-6.4 0-12.8 6.4-12.8 12.8v230.4c0 6.4 6.4 12.8 12.8 12.8zm-192 0h22.4c6.4 0 12.8-6.4 12.8-12.8V140.8c0-6.4-6.4-12.8-12.8-12.8h-22.4c-6.4 0-12.8 6.4-12.8 12.8v198.4c0 6.4 6.4 12.8 12.8 12.8zm96 0h22.4c6.4 0 12.8-6.4 12.8-12.8V204.8c0-6.4-6.4-12.8-12.8-12.8h-22.4c-6.4 0-12.8 6.4-12.8 12.8v134.4c0 6.4 6.4 12.8 12.8 12.8zM496 400H48V80c0-8.84-7.16-16-16-16H16C7.16 64 0 71.16 0 80v336c0 17.67 14.33 32 32 32h464c8.84 0 16-7.16 16-16v-16c0-8.84-7.16-16-16-16zm-387.2-48h22.4c6.4 0 12.8-6.4 12.8-12.8v-70.4c0-6.4-6.4-12.8-12.8-12.8h-22.4c-6.4 0-12.8 6.4-12.8 12.8v70.4c0 6.4 6.4 12.8 12.8 12.8z\" class=\"\"><\/path><\/svg><\/i> <img loading=\"lazy\" decoding=\"async\" width=\"16\" height=\"16\" alt=\"Loading\" src=\"https:\/\/temucotelevision.cl\/web\/wp-content\/plugins\/page-views-count\/ajax-loader-2x.gif\" border=0 \/><\/p><div class=\"pvc_clear\"><\/div>\n<ul class=\"wp-block-list\"><li><strong>Adem\u00e1s de reunirse con emprendedores y cooperativas, el secretario de Estado se reuni\u00f3 con representantes de la pesca artesanal local, adem\u00e1s de participar en la presente edici\u00f3n de Enela 2022.&nbsp;<\/strong><\/li><\/ul>\n\n\n\n<p>El ministro de Econom\u00eda, Fomento y Turismo, Nicol\u00e1s Grau, arrib\u00f3 durante la jornada de ayer a la regi\u00f3n de La Araucan\u00eda, con el objetivo de conocer en terreno las iniciativas de desarrollo productivo de MiPymes y comunidades locales. Adem\u00e1s, dio a conocer las diferentes pol\u00edticas que impulsa su cartera, como las medidas asociadas a la reactivaci\u00f3n econ\u00f3mica, especialmente en sectores rezagados, la implementaci\u00f3n de un nuevo modelo de desarrollo, adem\u00e1s de los \u00faltimos programas lanzados en el marco del plan \u201cChile Apoya\u201d.\u00a0<\/p>\n\n\n\n<p>En su primera actividad, el Ministro comparti\u00f3 junto a diversas cooperativas de la regi\u00f3n. Junto al seremi de Econom\u00eda, Vicente Painel, el secretario de Estado conoci\u00f3 la variedad productiva de este tipo de organizaciones, adem\u00e1s de los desaf\u00edos de los cooperados en t\u00e9rminos de capacidad organizativa y de crecimiento. En la reuni\u00f3n estuvieron presentes las cooperativas agr\u00edcolas Antonio Rapiman, Raynko Franberries y Kumey Mapu; as\u00ed como tambi\u00e9n la cooperativa de trabajo Witraltu Mapu.&nbsp;&nbsp;&nbsp;&nbsp;<\/p>\n\n\n\n<p>Posteriormente, particip\u00f3 en uno de los paneles perteneciente al ciclo de conversatorios Enela 2022. Espec\u00edficamente, comparti\u00f3 el espacio con Pablo Zamora, presidente de la Fundaci\u00f3n Chile, y Carolina Echenique, fundadora de Tika. En la instancia, se abordaron el papel de las empresas y su capacidad de generar un desarrollo sostenible.&nbsp;<\/p>\n\n\n\n<p>En su intervenci\u00f3n, el Ministro asegur\u00f3 que las principales industrias que componen actualmente el pa\u00eds, y tambi\u00e9n la regi\u00f3n de La Araucan\u00eda, a futuro, representan una gran oportunidad de un desarrollo amigable con el medio ambiente, sin embargo, esto no puede llevarse a cabo si es que no se tiene en cuenta la mirada de las comunidades locales donde se emplazan estas industrias. \u201cTiene que haber un gran esfuerzo, para hacer calzar esta oportunidad global que tiene el pa\u00eds con un desarrollo y una estrategia local que sea justa, y que d\u00e9 prosperidad a las familias en dichas zonas. Esto es un tremendo desaf\u00edo para el sector privado y para el gobierno, lo que tiene que ver en conversaciones con las comunidades, en la inversi\u00f3n en puertos, incluso, en la inversi\u00f3n en colegios\u201d, indic\u00f3.&nbsp;&nbsp;<\/p>\n\n\n\n<p>Finalizada la actividad, se traslad\u00f3 a una reuni\u00f3n con representantes de la pesca y acuicultura artesanal de la regi\u00f3n. Junto al Delegado presidencial regional de La Araucan\u00eda, Ra\u00fal Allard, Seremi de Hacienda, autoridades regionales de Sernapesca, Subpesca y el Seremi de Econom\u00eda, se dio a conocer las prioridades de pol\u00edtica productiva regional. Asimismo, se explicaron en detalle las 20 medidas de apoyo a la pesca artesanal, comprometidas por el Ministerio de Econom\u00eda y la Subsecretar\u00eda de Pesca el pasado 20 de junio. En el espacio se encontraban representantes de la Cooperativa de Armadores Pesqueros Artesanales de Queule, la Asociaci\u00f3n Gremial de Armadores y Pescadores Artesanales Pel\u00e1gicos Araucan\u00eda, Pescadores Artesanales de la Caleta La Barra del Tolt\u00e9n, la Agrupaci\u00f3n Comunal de Organizaciones de Pescadores Artesanales de Saavedra, la Organizaci\u00f3n Carahue, y la Asociaci\u00f3n Gremial de Buzos Mariscadores de Nehuent\u00fae.&nbsp;&nbsp;&nbsp;&nbsp;&nbsp;&nbsp;&nbsp;&nbsp;&nbsp;&nbsp;&nbsp;<\/p>\n\n\n\n<p>Por \u00faltimo, el ministro Grau visit\u00f3 el Centro de Negocios de Sercotec \u201cInakeyu\u201d, espacio de desarrollo con identidad cultural Mapuche localizado en Nueva Imperial, donde se presentaron diversos emprendimientos incubados por medio de los programas impulsados en dichas instalaciones. Asimismo, sostuvo una reuni\u00f3n telem\u00e1tica con representantes de la Naci\u00f3n Apache y Siux, pueblos ind\u00edgenas de EE.UU. Tambi\u00e9n participaron miembros del Fondo de Riesgo New Mexico Community Capital, con quienes intercambiaron ideas sobre el impulso y desarrollo econ\u00f3mico en comunidades originarias.&nbsp;<\/p>\n\n\n\n<p>Al finalizar su visita, el ministro Grau destac\u00f3 la serie de actividades realizadas durante la jornada: \u201chemos conversado con cooperativas mapuches, muchas de ellas que se articularon despu\u00e9s de la recuperaci\u00f3n de tierras y haber armado negocios en torno a ellas, y discutimos los desaf\u00edos que existen a futuro. En Enela, tuve la oportunidad de exponer sobre el modelo de desarrollo, las oportunidades que existen en el pa\u00eds y tambi\u00e9n los desaf\u00edos que hay para la inversi\u00f3n en la regi\u00f3n. Tambi\u00e9n tuve la oportunidad de reunirme con el mundo de la pesca artesanal, de distintas caletas, y terminamos teniendo un excelente encuentro en el centro de negocios Inakeyu, donde vimos c\u00f3mo es posible hacer un centro de negocios a partir de la identidad cultural mapuche, conversando con distintas emprendedoras y emprendedores. Fue una excelente jornada, y nos llevamos, como suele suceder en estas giras, muchos compromisos\u201d.&nbsp;<\/p>\n\n\n\n<p>Por su parte, el seremi de Econom\u00eda, Vicente Painel, destac\u00f3 la visita del Ministro, resaltando el trabajo en terreno ejercido por la cartera. \u201cEl aspecto m\u00e1s valioso, es que las cooperativas y la sociedad de turismo mapuches, los pescadores artesanales y algueras, y los emprendedores organizados en el centro de negocios Inakeyu, pudieron reunirse con la primera autoridad del Ministerio, frente a frente, conversando, en una relaci\u00f3n de confianza. Vale decir, un Ministro de Estado en el territorio, lo que nos lleva a las posibilidades ciertas de desarrollo\u201d, afirm\u00f3.&nbsp;&nbsp;<\/p>\n","protected":false},"excerpt":{"rendered":"<div class=\"pvc_clear\"><\/div>\n<p id=\"pvc_stats_33131\" class=\"pvc_stats total_only  \" data-element-id=\"33131\" style=\"\"><i class=\"pvc-stats-icon large\" aria-hidden=\"true\"><svg aria-hidden=\"true\" focusable=\"false\" data-prefix=\"far\" data-icon=\"chart-bar\" role=\"img\" xmlns=\"http:\/\/www.w3.org\/2000\/svg\" viewBox=\"0 0 512 512\" class=\"svg-inline--fa fa-chart-bar fa-w-16 fa-2x\"><path fill=\"currentColor\" d=\"M396.8 352h22.4c6.4 0 12.8-6.4 12.8-12.8V108.8c0-6.4-6.4-12.8-12.8-12.8h-22.4c-6.4 0-12.8 6.4-12.8 12.8v230.4c0 6.4 6.4 12.8 12.8 12.8zm-192 0h22.4c6.4 0 12.8-6.4 12.8-12.8V140.8c0-6.4-6.4-12.8-12.8-12.8h-22.4c-6.4 0-12.8 6.4-12.8 12.8v198.4c0 6.4 6.4 12.8 12.8 12.8zm96 0h22.4c6.4 0 12.8-6.4 12.8-12.8V204.8c0-6.4-6.4-12.8-12.8-12.8h-22.4c-6.4 0-12.8 6.4-12.8 12.8v134.4c0 6.4 6.4 12.8 12.8 12.8zM496 400H48V80c0-8.84-7.16-16-16-16H16C7.16 64 0 71.16 0 80v336c0 17.67 14.33 32 32 32h464c8.84 0 16-7.16 16-16v-16c0-8.84-7.16-16-16-16zm-387.2-48h22.4c6.4 0 12.8-6.4 12.8-12.8v-70.4c0-6.4-6.4-12.8-12.8-12.8h-22.4c-6.4 0-12.8 6.4-12.8 12.8v70.4c0 6.4 6.4 12.8 12.8 12.8z\" class=\"\"><\/path><\/svg><\/i> <img loading=\"lazy\" decoding=\"async\" width=\"16\" height=\"16\" alt=\"Loading\" src=\"https:\/\/temucotelevision.cl\/web\/wp-content\/plugins\/page-views-count\/ajax-loader-2x.gif\" border=0 \/><\/p>\n<div class=\"pvc_clear\"><\/div>\n<p>Adem\u00e1s de reunirse con emprendedores y cooperativas, el secretario de Estado se reuni\u00f3 con representantes de la pesca artesanal local,<\/p>\n","protected":false},"author":1,"featured_media":33132,"comment_status":"open","ping_status":"open","sticky":false,"template":"","format":"standard","meta":{"colormag_page_container_layout":"default_layout","colormag_page_sidebar_layout":"default_layout","footnotes":""},"categories":[14],"tags":[1174,1647,318,2032,170],"class_list":["post-33131","post","type-post","status-publish","format-standard","has-post-thumbnail","hentry","category-temuco","tag-comunidades","tag-economia","tag-ministro","tag-pymes","tag-region"],"a3_pvc":{"activated":true,"total_views":55,"today_views":0},"_links":{"self":[{"href":"https:\/\/temucotelevision.cl\/web\/wp-json\/wp\/v2\/posts\/33131","targetHints":{"allow":["GET"]}}],"collection":[{"href":"https:\/\/temucotelevision.cl\/web\/wp-json\/wp\/v2\/posts"}],"about":[{"href":"https:\/\/temucotelevision.cl\/web\/wp-json\/wp\/v2\/types\/post"}],"author":[{"embeddable":true,"href":"https:\/\/temucotelevision.cl\/web\/wp-json\/wp\/v2\/users\/1"}],"replies":[{"embeddable":true,"href":"https:\/\/temucotelevision.cl\/web\/wp-json\/wp\/v2\/comments?post=33131"}],"version-history":[{"count":1,"href":"https:\/\/temucotelevision.cl\/web\/wp-json\/wp\/v2\/posts\/33131\/revisions"}],"predecessor-version":[{"id":33133,"href":"https:\/\/temucotelevision.cl\/web\/wp-json\/wp\/v2\/posts\/33131\/revisions\/33133"}],"wp:featuredmedia":[{"embeddable":true,"href":"https:\/\/temucotelevision.cl\/web\/wp-json\/wp\/v2\/media\/33132"}],"wp:attachment":[{"href":"https:\/\/temucotelevision.cl\/web\/wp-json\/wp\/v2\/media?parent=33131"}],"wp:term":[{"taxonomy":"category","embeddable":true,"href":"https:\/\/temucotelevision.cl\/web\/wp-json\/wp\/v2\/categories?post=33131"},{"taxonomy":"post_tag","embeddable":true,"href":"https:\/\/temucotelevision.cl\/web\/wp-json\/wp\/v2\/tags?post=33131"}],"curies":[{"name":"wp","href":"https:\/\/api.w.org\/{rel}","templated":true}]}}