{"id":33064,"date":"2022-06-29T20:38:45","date_gmt":"2022-06-29T23:38:45","guid":{"rendered":"https:\/\/temucotelevision.cl\/web\/?p=33064"},"modified":"2022-06-29T20:38:47","modified_gmt":"2022-06-29T23:38:47","slug":"cartelera-semanal-en-bar-de-rene-semana-desde-el-miercoles-29-al-sabado-2-de-junio","status":"publish","type":"post","link":"https:\/\/temucotelevision.cl\/web\/2022\/06\/29\/cartelera-semanal-en-bar-de-rene-semana-desde-el-miercoles-29-al-sabado-2-de-junio\/","title":{"rendered":"Cartelera semanal en Bar de Ren\u00e9 semana desde el mi\u00e9rcoles 29 al s\u00e1bado 2 de junio"},"content":{"rendered":"<div class=\"pvc_clear\"><\/div><p id=\"pvc_stats_33064\" class=\"pvc_stats total_only  \" data-element-id=\"33064\" style=\"\"><i class=\"pvc-stats-icon large\" aria-hidden=\"true\"><svg aria-hidden=\"true\" focusable=\"false\" data-prefix=\"far\" data-icon=\"chart-bar\" role=\"img\" xmlns=\"http:\/\/www.w3.org\/2000\/svg\" viewBox=\"0 0 512 512\" class=\"svg-inline--fa fa-chart-bar fa-w-16 fa-2x\"><path fill=\"currentColor\" d=\"M396.8 352h22.4c6.4 0 12.8-6.4 12.8-12.8V108.8c0-6.4-6.4-12.8-12.8-12.8h-22.4c-6.4 0-12.8 6.4-12.8 12.8v230.4c0 6.4 6.4 12.8 12.8 12.8zm-192 0h22.4c6.4 0 12.8-6.4 12.8-12.8V140.8c0-6.4-6.4-12.8-12.8-12.8h-22.4c-6.4 0-12.8 6.4-12.8 12.8v198.4c0 6.4 6.4 12.8 12.8 12.8zm96 0h22.4c6.4 0 12.8-6.4 12.8-12.8V204.8c0-6.4-6.4-12.8-12.8-12.8h-22.4c-6.4 0-12.8 6.4-12.8 12.8v134.4c0 6.4 6.4 12.8 12.8 12.8zM496 400H48V80c0-8.84-7.16-16-16-16H16C7.16 64 0 71.16 0 80v336c0 17.67 14.33 32 32 32h464c8.84 0 16-7.16 16-16v-16c0-8.84-7.16-16-16-16zm-387.2-48h22.4c6.4 0 12.8-6.4 12.8-12.8v-70.4c0-6.4-6.4-12.8-12.8-12.8h-22.4c-6.4 0-12.8 6.4-12.8 12.8v70.4c0 6.4 6.4 12.8 12.8 12.8z\" class=\"\"><\/path><\/svg><\/i> <img loading=\"lazy\" decoding=\"async\" width=\"16\" height=\"16\" alt=\"Loading\" src=\"https:\/\/temucotelevision.cl\/web\/wp-content\/plugins\/page-views-count\/ajax-loader-2x.gif\" border=0 \/><\/p><div class=\"pvc_clear\"><\/div>\n<p><strong>El m\u00edtico Bar de Ren\u00e9, semana a semana presenta una cartelera variada con las mejores bandas y m\u00fasicos chilenos de la escena independiente<\/strong><\/p>\n\n\n\n<p>Durante esta semana,&nbsp;sorprende con una&nbsp;variada cartelera&nbsp;nutrida&nbsp;de psicodelia, funk, electr\u00f3nica y la&nbsp;experimentaci\u00f3n&nbsp;de&nbsp;bandas como&nbsp;<strong>Tob\u00edas Alcayota y&nbsp;Las 3 Mar\u00edas<\/strong>, el rock de<strong>&nbsp;Stol y Maldigo<\/strong>, la electr\u00f3nica de<strong>&nbsp;Silvio Paredes<\/strong>,&nbsp;las bandas&nbsp;rockeras de&nbsp;<strong>Tonto Pero Feo, Bullicio&nbsp;Puppets&nbsp;<\/strong>y desde Concepci\u00f3n&nbsp;<strong>Peter Ron<\/strong>.<\/p>\n\n\n\n<p><strong>Cartelera semana desde el 29 de junio al 2 de julio:<\/strong><\/p>\n\n\n\n<p>Mi\u00e9rcoles 29 de junio<br>Escenario El\u00e9ctrico 21:30 hrs.<br><strong>Tob\u00edas Alcayota + La 3 Mar\u00edas<\/strong><br>Entrada v\u00eda<a href=\"http:\/\/%20https\/\/www.passline.com\/eventos\/tobias-alcayota-y-las-3-marias\" target=\"_blank\" rel=\"noreferrer noopener\">&nbsp;Passline.<\/a><\/p>\n\n\n\n<p>Jueves 30 de junio<br>Escenario El\u00e9ctrico 21:30 hrs.<br><strong>Stol + Maldigo<\/strong><br>Entradas v\u00eda&nbsp;<a href=\"http:\/\/%20https\/\/www.passline.com\/eventos\/noche-de-rock-independiente-en-bar-de-rene-stol-maldigo\" target=\"_blank\" rel=\"noreferrer noopener\">Passline<\/a>.<\/p>\n\n\n\n<p>S\u00e1bado 2 de julio<br>Escenario Ac\u00fastico 19:30 hrs<br><strong>Silvio Paredes y Los Grandes Bailables<\/strong><br>Entradas v\u00eda&nbsp;<a href=\"mailto:silvioparedesygrandesbailables@gmail.com\" target=\"_blank\" rel=\"noreferrer noopener\">silvioparedesygrandesbailables@gmail.com<\/a>.<\/p>\n\n\n\n<p>S\u00e1bado 2 de julio<br>Escenario El\u00e9ctrico 21:30 hrs.<br><strong>Tonto Pero Feo + Peter Ron + Bullicios Pappets<\/strong><br>Entradas v\u00eda\u00a0<a rel=\"noreferrer noopener\" href=\"https:\/\/www.portaldisc.com\/evento\/15anostontoperofeo\" target=\"_blank\">PortalTickets<\/a>.<\/p>\n\n\n\n<figure class=\"wp-block-image\"><img decoding=\"async\" src=\"https:\/\/mcusercontent.com\/79a86e888635868c7967a8ae8\/images\/15f8378a-659c-9e34-6526-c8911427f656.jpg\" alt=\"\"\/><\/figure>\n","protected":false},"excerpt":{"rendered":"<div class=\"pvc_clear\"><\/div>\n<p id=\"pvc_stats_33064\" class=\"pvc_stats total_only  \" data-element-id=\"33064\" style=\"\"><i class=\"pvc-stats-icon large\" aria-hidden=\"true\"><svg aria-hidden=\"true\" focusable=\"false\" data-prefix=\"far\" data-icon=\"chart-bar\" role=\"img\" xmlns=\"http:\/\/www.w3.org\/2000\/svg\" viewBox=\"0 0 512 512\" class=\"svg-inline--fa fa-chart-bar fa-w-16 fa-2x\"><path fill=\"currentColor\" d=\"M396.8 352h22.4c6.4 0 12.8-6.4 12.8-12.8V108.8c0-6.4-6.4-12.8-12.8-12.8h-22.4c-6.4 0-12.8 6.4-12.8 12.8v230.4c0 6.4 6.4 12.8 12.8 12.8zm-192 0h22.4c6.4 0 12.8-6.4 12.8-12.8V140.8c0-6.4-6.4-12.8-12.8-12.8h-22.4c-6.4 0-12.8 6.4-12.8 12.8v198.4c0 6.4 6.4 12.8 12.8 12.8zm96 0h22.4c6.4 0 12.8-6.4 12.8-12.8V204.8c0-6.4-6.4-12.8-12.8-12.8h-22.4c-6.4 0-12.8 6.4-12.8 12.8v134.4c0 6.4 6.4 12.8 12.8 12.8zM496 400H48V80c0-8.84-7.16-16-16-16H16C7.16 64 0 71.16 0 80v336c0 17.67 14.33 32 32 32h464c8.84 0 16-7.16 16-16v-16c0-8.84-7.16-16-16-16zm-387.2-48h22.4c6.4 0 12.8-6.4 12.8-12.8v-70.4c0-6.4-6.4-12.8-12.8-12.8h-22.4c-6.4 0-12.8 6.4-12.8 12.8v70.4c0 6.4 6.4 12.8 12.8 12.8z\" class=\"\"><\/path><\/svg><\/i> <img loading=\"lazy\" decoding=\"async\" width=\"16\" height=\"16\" alt=\"Loading\" src=\"https:\/\/temucotelevision.cl\/web\/wp-content\/plugins\/page-views-count\/ajax-loader-2x.gif\" border=0 \/><\/p>\n<div class=\"pvc_clear\"><\/div>\n<p>El m\u00edtico Bar de Ren\u00e9, semana a semana presenta una cartelera variada con las mejores bandas y m\u00fasicos chilenos de<\/p>\n","protected":false},"author":1,"featured_media":33065,"comment_status":"open","ping_status":"open","sticky":false,"template":"","format":"standard","meta":{"colormag_page_container_layout":"default_layout","colormag_page_sidebar_layout":"default_layout","footnotes":""},"categories":[369],"tags":[],"class_list":["post-33064","post","type-post","status-publish","format-standard","has-post-thumbnail","hentry","category-musica"],"a3_pvc":{"activated":true,"total_views":48,"today_views":0},"_links":{"self":[{"href":"https:\/\/temucotelevision.cl\/web\/wp-json\/wp\/v2\/posts\/33064","targetHints":{"allow":["GET"]}}],"collection":[{"href":"https:\/\/temucotelevision.cl\/web\/wp-json\/wp\/v2\/posts"}],"about":[{"href":"https:\/\/temucotelevision.cl\/web\/wp-json\/wp\/v2\/types\/post"}],"author":[{"embeddable":true,"href":"https:\/\/temucotelevision.cl\/web\/wp-json\/wp\/v2\/users\/1"}],"replies":[{"embeddable":true,"href":"https:\/\/temucotelevision.cl\/web\/wp-json\/wp\/v2\/comments?post=33064"}],"version-history":[{"count":1,"href":"https:\/\/temucotelevision.cl\/web\/wp-json\/wp\/v2\/posts\/33064\/revisions"}],"predecessor-version":[{"id":33066,"href":"https:\/\/temucotelevision.cl\/web\/wp-json\/wp\/v2\/posts\/33064\/revisions\/33066"}],"wp:featuredmedia":[{"embeddable":true,"href":"https:\/\/temucotelevision.cl\/web\/wp-json\/wp\/v2\/media\/33065"}],"wp:attachment":[{"href":"https:\/\/temucotelevision.cl\/web\/wp-json\/wp\/v2\/media?parent=33064"}],"wp:term":[{"taxonomy":"category","embeddable":true,"href":"https:\/\/temucotelevision.cl\/web\/wp-json\/wp\/v2\/categories?post=33064"},{"taxonomy":"post_tag","embeddable":true,"href":"https:\/\/temucotelevision.cl\/web\/wp-json\/wp\/v2\/tags?post=33064"}],"curies":[{"name":"wp","href":"https:\/\/api.w.org\/{rel}","templated":true}]}}