{"id":33057,"date":"2022-06-29T13:48:35","date_gmt":"2022-06-29T16:48:35","guid":{"rendered":"https:\/\/temucotelevision.cl\/web\/?p=33057"},"modified":"2022-06-29T13:50:40","modified_gmt":"2022-06-29T16:50:40","slug":"carabineros-de-carahue-detienen-a-delincuente-que-evadio-control-vehicular-y-disparo-en-contra-de-los-policias","status":"publish","type":"post","link":"https:\/\/temucotelevision.cl\/web\/2022\/06\/29\/carabineros-de-carahue-detienen-a-delincuente-que-evadio-control-vehicular-y-disparo-en-contra-de-los-policias\/","title":{"rendered":"Carabineros de Carahue detienen a delincuente que evadi\u00f3 control vehicular y dispar\u00f3 en contra de los polic\u00edas"},"content":{"rendered":"<div class=\"pvc_clear\"><\/div><p id=\"pvc_stats_33057\" class=\"pvc_stats total_only  \" data-element-id=\"33057\" style=\"\"><i class=\"pvc-stats-icon large\" aria-hidden=\"true\"><svg aria-hidden=\"true\" focusable=\"false\" data-prefix=\"far\" data-icon=\"chart-bar\" role=\"img\" xmlns=\"http:\/\/www.w3.org\/2000\/svg\" viewBox=\"0 0 512 512\" class=\"svg-inline--fa fa-chart-bar fa-w-16 fa-2x\"><path fill=\"currentColor\" d=\"M396.8 352h22.4c6.4 0 12.8-6.4 12.8-12.8V108.8c0-6.4-6.4-12.8-12.8-12.8h-22.4c-6.4 0-12.8 6.4-12.8 12.8v230.4c0 6.4 6.4 12.8 12.8 12.8zm-192 0h22.4c6.4 0 12.8-6.4 12.8-12.8V140.8c0-6.4-6.4-12.8-12.8-12.8h-22.4c-6.4 0-12.8 6.4-12.8 12.8v198.4c0 6.4 6.4 12.8 12.8 12.8zm96 0h22.4c6.4 0 12.8-6.4 12.8-12.8V204.8c0-6.4-6.4-12.8-12.8-12.8h-22.4c-6.4 0-12.8 6.4-12.8 12.8v134.4c0 6.4 6.4 12.8 12.8 12.8zM496 400H48V80c0-8.84-7.16-16-16-16H16C7.16 64 0 71.16 0 80v336c0 17.67 14.33 32 32 32h464c8.84 0 16-7.16 16-16v-16c0-8.84-7.16-16-16-16zm-387.2-48h22.4c6.4 0 12.8-6.4 12.8-12.8v-70.4c0-6.4-6.4-12.8-12.8-12.8h-22.4c-6.4 0-12.8 6.4-12.8 12.8v70.4c0 6.4 6.4 12.8 12.8 12.8z\" class=\"\"><\/path><\/svg><\/i> <img loading=\"lazy\" decoding=\"async\" width=\"16\" height=\"16\" alt=\"Loading\" src=\"https:\/\/temucotelevision.cl\/web\/wp-content\/plugins\/page-views-count\/ajax-loader-2x.gif\" border=0 \/><\/p><div class=\"pvc_clear\"><\/div>\n<p>El General Manuel Cifuentes precis\u00f3 que ante &#8220;una agresi\u00f3n ilegal y flagrante&#8221; el personal policial hace uso de su armamento y lesionan al individuo. Se incautaron dos armas de fuego y un chaleco antibalas.<\/p>\n\n\n\n<p>Un sujeto de 31 a\u00f1os de edad y con antecedentes por robo con violencia, entre otros delitos, fue detenido luego que evadi\u00f3 un control vehicular de Carabineros, se dio a la fuga y dispar\u00f3 en contra del personal policial, generando un enfrentamiento donde result\u00f3 lesionado y posteriormente auxiliado por los mismos funcionarios de la Subcomisar\u00eda de Carahue, para luego, ser trasladado a un centro asistencial.&nbsp;Se incautaron dos armas de fuego y un chaleco antibalas.<\/p>\n\n\n\n<p>Seg\u00fan precis\u00f3 el General Manuel Cifuentes, Jefe de la IX Zona &#8220;Araucan\u00eda&#8221;, Carabineros que realizaban servicios operativos preventivos en beneficio de la comunidad, se percatan que transitaba un veh\u00edculo sin sus placas patentes delanteras, por lo cual, se intent\u00f3 su fiscalizaci\u00f3n pero el conductor se dio a la fuga.<\/p>\n\n\n\n<p>Sin embargo, &#8220;este sujeto es interceptado en el sector urbano de la comuna de Carahue y al ser conminado a bajarse del veh\u00edculo, \u00e9l extrae y exhibe un arma de fuego hacia los Carabineros. A ra\u00edz de esta situaci\u00f3n, los Carabineros le advierten en reiteradas oportunidades que deponga su actitud, no obstante, \u00e9l se baja del veh\u00edculo y dispara en seis ocasiones -seg\u00fan lo que tenemos establecido al momento- en contra de los Carabineros quienes ante una agresi\u00f3n ilegal y flagrante, hacen uso de su armamento y lesionan a este individuo con tres impactos bal\u00edsticos en su brazo, abdomen y una extremidad inferior, sin que este sujeto est\u00e9 en riesgo vital. Cumpliendo nuestras obligaciones legales, de inmediato lo tuvimos que auxiliar y se generaron los canales para que \u00e9l sea trasladado a un centro de salud&#8221;,&nbsp;indic\u00f3.<\/p>\n\n\n\n<p>El General Cifuentes, destac\u00f3 que al delincuente se le incautaron &#8220;dos armas de fuego\u2026 un rev\u00f3lver con el atac\u00f3 il\u00edcitamente a nuestros Carabineros que por fortuna y su protecci\u00f3n personal no resultaron lesionados y un arma de fuego hechiza tipo escopeta con cartuchos bal\u00edsticos adaptados para ser usados en actividades delictuales, m\u00e1s un chaleco antibalas&#8221;.<\/p>\n\n\n\n<p>Los hechos fueron informados al Ministerio P\u00fablico para el inicio de la investigaci\u00f3n correspondiente.<\/p>\n\n\n\n<div class=\"wp-block-media-text alignwide is-stacked-on-mobile\"><figure class=\"wp-block-media-text__media\"><video controls src=\"https:\/\/temucotelevision.cl\/web\/wp-content\/uploads\/2022\/06\/WhatsApp-Video-2022-06-29-at-12.38.01-PM.mp4\"><\/video><\/figure><div class=\"wp-block-media-text__content\">\n<p class=\"has-large-font-size\"><\/p>\n<\/div><\/div>\n\n\n\n<figure class=\"wp-block-image size-large\"><img loading=\"lazy\" decoding=\"async\" width=\"576\" height=\"1024\" src=\"https:\/\/temucotelevision.cl\/web\/wp-content\/uploads\/2022\/06\/Arma-576x1024.jpg\" alt=\"\" class=\"wp-image-33059\" srcset=\"https:\/\/temucotelevision.cl\/web\/wp-content\/uploads\/2022\/06\/Arma-576x1024.jpg 576w, https:\/\/temucotelevision.cl\/web\/wp-content\/uploads\/2022\/06\/Arma-768x1366.jpg 768w, https:\/\/temucotelevision.cl\/web\/wp-content\/uploads\/2022\/06\/Arma-864x1536.jpg 864w, https:\/\/temucotelevision.cl\/web\/wp-content\/uploads\/2022\/06\/Arma.jpg 899w\" sizes=\"auto, (max-width: 576px) 100vw, 576px\" \/><\/figure>\n\n\n\n<figure class=\"wp-block-image size-large\"><img loading=\"lazy\" decoding=\"async\" width=\"576\" height=\"1024\" src=\"https:\/\/temucotelevision.cl\/web\/wp-content\/uploads\/2022\/06\/Arma2-576x1024.jpg\" alt=\"\" class=\"wp-image-33060\" srcset=\"https:\/\/temucotelevision.cl\/web\/wp-content\/uploads\/2022\/06\/Arma2-576x1024.jpg 576w, https:\/\/temucotelevision.cl\/web\/wp-content\/uploads\/2022\/06\/Arma2-768x1366.jpg 768w, https:\/\/temucotelevision.cl\/web\/wp-content\/uploads\/2022\/06\/Arma2-864x1536.jpg 864w, https:\/\/temucotelevision.cl\/web\/wp-content\/uploads\/2022\/06\/Arma2.jpg 899w\" sizes=\"auto, (max-width: 576px) 100vw, 576px\" \/><\/figure>\n","protected":false},"excerpt":{"rendered":"<div class=\"pvc_clear\"><\/div>\n<p id=\"pvc_stats_33057\" class=\"pvc_stats total_only  \" data-element-id=\"33057\" style=\"\"><i class=\"pvc-stats-icon large\" aria-hidden=\"true\"><svg aria-hidden=\"true\" focusable=\"false\" data-prefix=\"far\" data-icon=\"chart-bar\" role=\"img\" xmlns=\"http:\/\/www.w3.org\/2000\/svg\" viewBox=\"0 0 512 512\" class=\"svg-inline--fa fa-chart-bar fa-w-16 fa-2x\"><path fill=\"currentColor\" d=\"M396.8 352h22.4c6.4 0 12.8-6.4 12.8-12.8V108.8c0-6.4-6.4-12.8-12.8-12.8h-22.4c-6.4 0-12.8 6.4-12.8 12.8v230.4c0 6.4 6.4 12.8 12.8 12.8zm-192 0h22.4c6.4 0 12.8-6.4 12.8-12.8V140.8c0-6.4-6.4-12.8-12.8-12.8h-22.4c-6.4 0-12.8 6.4-12.8 12.8v198.4c0 6.4 6.4 12.8 12.8 12.8zm96 0h22.4c6.4 0 12.8-6.4 12.8-12.8V204.8c0-6.4-6.4-12.8-12.8-12.8h-22.4c-6.4 0-12.8 6.4-12.8 12.8v134.4c0 6.4 6.4 12.8 12.8 12.8zM496 400H48V80c0-8.84-7.16-16-16-16H16C7.16 64 0 71.16 0 80v336c0 17.67 14.33 32 32 32h464c8.84 0 16-7.16 16-16v-16c0-8.84-7.16-16-16-16zm-387.2-48h22.4c6.4 0 12.8-6.4 12.8-12.8v-70.4c0-6.4-6.4-12.8-12.8-12.8h-22.4c-6.4 0-12.8 6.4-12.8 12.8v70.4c0 6.4 6.4 12.8 12.8 12.8z\" class=\"\"><\/path><\/svg><\/i> <img loading=\"lazy\" decoding=\"async\" width=\"16\" height=\"16\" alt=\"Loading\" src=\"https:\/\/temucotelevision.cl\/web\/wp-content\/plugins\/page-views-count\/ajax-loader-2x.gif\" border=0 \/><\/p>\n<div class=\"pvc_clear\"><\/div>\n<p>El General Manuel Cifuentes precis\u00f3 que ante &#8220;una agresi\u00f3n ilegal y flagrante&#8221; el personal policial hace uso de su armamento<\/p>\n","protected":false},"author":1,"featured_media":33058,"comment_status":"open","ping_status":"open","sticky":false,"template":"","format":"standard","meta":{"colormag_page_container_layout":"default_layout","colormag_page_sidebar_layout":"default_layout","footnotes":""},"categories":[15,16],"tags":[791,125,960,1085,348],"class_list":["post-33057","post","type-post","status-publish","format-standard","has-post-thumbnail","hentry","category-la-araucania","category-policial","tag-arma","tag-carabineros","tag-control","tag-delincuente","tag-disparo"],"a3_pvc":{"activated":true,"total_views":59,"today_views":0},"_links":{"self":[{"href":"https:\/\/temucotelevision.cl\/web\/wp-json\/wp\/v2\/posts\/33057","targetHints":{"allow":["GET"]}}],"collection":[{"href":"https:\/\/temucotelevision.cl\/web\/wp-json\/wp\/v2\/posts"}],"about":[{"href":"https:\/\/temucotelevision.cl\/web\/wp-json\/wp\/v2\/types\/post"}],"author":[{"embeddable":true,"href":"https:\/\/temucotelevision.cl\/web\/wp-json\/wp\/v2\/users\/1"}],"replies":[{"embeddable":true,"href":"https:\/\/temucotelevision.cl\/web\/wp-json\/wp\/v2\/comments?post=33057"}],"version-history":[{"count":2,"href":"https:\/\/temucotelevision.cl\/web\/wp-json\/wp\/v2\/posts\/33057\/revisions"}],"predecessor-version":[{"id":33063,"href":"https:\/\/temucotelevision.cl\/web\/wp-json\/wp\/v2\/posts\/33057\/revisions\/33063"}],"wp:featuredmedia":[{"embeddable":true,"href":"https:\/\/temucotelevision.cl\/web\/wp-json\/wp\/v2\/media\/33058"}],"wp:attachment":[{"href":"https:\/\/temucotelevision.cl\/web\/wp-json\/wp\/v2\/media?parent=33057"}],"wp:term":[{"taxonomy":"category","embeddable":true,"href":"https:\/\/temucotelevision.cl\/web\/wp-json\/wp\/v2\/categories?post=33057"},{"taxonomy":"post_tag","embeddable":true,"href":"https:\/\/temucotelevision.cl\/web\/wp-json\/wp\/v2\/tags?post=33057"}],"curies":[{"name":"wp","href":"https:\/\/api.w.org\/{rel}","templated":true}]}}