{"id":33050,"date":"2022-06-29T13:25:22","date_gmt":"2022-06-29T16:25:22","guid":{"rendered":"https:\/\/temucotelevision.cl\/web\/?p=33050"},"modified":"2022-06-29T13:25:23","modified_gmt":"2022-06-29T16:25:23","slug":"este-jueves-comienza-la-suspension-de-5-dias-de-clases-por-emergencia-sanitaria","status":"publish","type":"post","link":"https:\/\/temucotelevision.cl\/web\/2022\/06\/29\/este-jueves-comienza-la-suspension-de-5-dias-de-clases-por-emergencia-sanitaria\/","title":{"rendered":"Este jueves comienza la suspensi\u00f3n de 5 d\u00edas de clases por emergencia sanitaria\u00a0"},"content":{"rendered":"<div class=\"pvc_clear\"><\/div><p id=\"pvc_stats_33050\" class=\"pvc_stats total_only  \" data-element-id=\"33050\" style=\"\"><i class=\"pvc-stats-icon large\" aria-hidden=\"true\"><svg aria-hidden=\"true\" focusable=\"false\" data-prefix=\"far\" data-icon=\"chart-bar\" role=\"img\" xmlns=\"http:\/\/www.w3.org\/2000\/svg\" viewBox=\"0 0 512 512\" class=\"svg-inline--fa fa-chart-bar fa-w-16 fa-2x\"><path fill=\"currentColor\" d=\"M396.8 352h22.4c6.4 0 12.8-6.4 12.8-12.8V108.8c0-6.4-6.4-12.8-12.8-12.8h-22.4c-6.4 0-12.8 6.4-12.8 12.8v230.4c0 6.4 6.4 12.8 12.8 12.8zm-192 0h22.4c6.4 0 12.8-6.4 12.8-12.8V140.8c0-6.4-6.4-12.8-12.8-12.8h-22.4c-6.4 0-12.8 6.4-12.8 12.8v198.4c0 6.4 6.4 12.8 12.8 12.8zm96 0h22.4c6.4 0 12.8-6.4 12.8-12.8V204.8c0-6.4-6.4-12.8-12.8-12.8h-22.4c-6.4 0-12.8 6.4-12.8 12.8v134.4c0 6.4 6.4 12.8 12.8 12.8zM496 400H48V80c0-8.84-7.16-16-16-16H16C7.16 64 0 71.16 0 80v336c0 17.67 14.33 32 32 32h464c8.84 0 16-7.16 16-16v-16c0-8.84-7.16-16-16-16zm-387.2-48h22.4c6.4 0 12.8-6.4 12.8-12.8v-70.4c0-6.4-6.4-12.8-12.8-12.8h-22.4c-6.4 0-12.8 6.4-12.8 12.8v70.4c0 6.4 6.4 12.8 12.8 12.8z\" class=\"\"><\/path><\/svg><\/i> <img loading=\"lazy\" decoding=\"async\" width=\"16\" height=\"16\" alt=\"Loading\" src=\"https:\/\/temucotelevision.cl\/web\/wp-content\/plugins\/page-views-count\/ajax-loader-2x.gif\" border=0 \/><\/p><div class=\"pvc_clear\"><\/div>\n<ul class=\"wp-block-list\"><li><em>El objetivo principal de esta medida&nbsp;<strong>excepcional y de emergencia<\/strong>&nbsp;es proteger la salud de ni\u00f1os, ni\u00f1as y adolescentes ante la alta circulaci\u00f3n de virus respiratorios.<\/em><\/li><li>La medida ser\u00e1 obligatoria para todo el sistema escolar y de educaci\u00f3n parvularia, p\u00fablicos y privados.&nbsp;<\/li><\/ul>\n\n\n\n<p><strong>\u00a0<\/strong>Debido al aumento de la circulaci\u00f3n de virus respiratorios y a la alta ocupaci\u00f3n de camas UCI y UTI pedi\u00e1tricas, los ministerios de Salud y Educaci\u00f3n anunciaron 5 d\u00edas h\u00e1biles de suspensi\u00f3n de clases entre las regiones de Arica y Parinacota y Los Lagos, con excepci\u00f3n de la Provincia de Palena, los cuales se suman a las vacaciones de invierno planificadas por los establecimientos de educaci\u00f3n escolar y parvularia. Esto con el objetivo de\u00a0<strong>resguardar la presencialidad de la ense\u00f1anza<\/strong>\u00a0en el tiempo.\u00a0<\/p>\n\n\n\n<p>Por lo anterior, la Seremi de Educaci\u00f3n, Mar\u00eda Isabel Mari\u00f1anco sostuvo una reuni\u00f3n de trabajo de la cual participaron el Presidente regional del Colegio de Profesores, C\u00e9sar Escobar y el Presidente Regional de la Asociaci\u00f3n de Asistentes de Educaci\u00f3n, Ricardo Jara; adem\u00e1s de representantes comunales.<\/p>\n\n\n\n<p>Tras la cita la Seremi dijo que \u201cse ha logrado instalar en los gremios de la regi\u00f3n el hecho de que esta medida busca impedir un nuevo cierre&nbsp;&nbsp;prolongado de las escuelas y proteger a la poblaci\u00f3n de riesgo, no s\u00f3lo del COVID sino de una serie de virus respiratorios circulantes, atendiendo a las realidades de las comunidades locales, donde en muchas se han realizado procesos de encuestas con los apoderados\u201d.&nbsp;<\/p>\n\n\n\n<p>Mari\u00f1anco, insisti\u00f3 en que desde el Ministerio el llamado es a priorizar que los estudiantes permanezcan en sus hogares, por lo cual se ha dispuesto que a los establecimientos con r\u00e9gimen trimestral tambi\u00e9n&nbsp;&nbsp;les rija la medida de 5 d\u00edas adicionales; s\u00f3lo en casos espec\u00edficos son los sostenedores quienes deben acercarse con sus requerimientos a las direcciones provinciales.<\/p>\n\n\n\n<p>De esta forma, en los establecimientos escolares las y los estudiantes iniciar\u00e1n sus vacaciones el 30 de junio y finalizar\u00e1n el 22 de julio, debiendo volver a clases para comenzar el segundo semestre el lunes 25 de julio.&nbsp;<\/p>\n\n\n\n<p><strong>Medidas adicionales<\/strong><\/p>\n\n\n\n<p>Entendiendo las complejidades que esta medida de 5 d\u00edas de receso puede causar en la organizaci\u00f3n de las familias, es que se ha dictaminado que los establecimientos educacionales se mantendr\u00e1n abiertos entregando el servicio de alimentaci\u00f3n y atenci\u00f3n a las y los estudiantes que excepcionalmente as\u00ed lo requieran.&nbsp;<\/p>\n\n\n\n<p>No obstante, el llamado a las familias es a -dentro de sus posibilidades- no enviar a las y los estudiantes a los establecimientos, para que la medida pueda cumplir su objetivo, que es disminuir los contagios de enfermedades respiratorias.&nbsp;<\/p>\n\n\n\n<p>Para m\u00e1s informaci\u00f3n, las comunidades educativas pueden consultar las orientaciones sobre la suspensi\u00f3n de clases, publicadas en la web del Ministerio de Educaci\u00f3n,&nbsp;<a href=\"http:\/\/www.mineduc.cl\/\">www.mineduc.cl<\/a>.&nbsp;<\/p>\n","protected":false},"excerpt":{"rendered":"<div class=\"pvc_clear\"><\/div>\n<p id=\"pvc_stats_33050\" class=\"pvc_stats total_only  \" data-element-id=\"33050\" style=\"\"><i class=\"pvc-stats-icon large\" aria-hidden=\"true\"><svg aria-hidden=\"true\" focusable=\"false\" data-prefix=\"far\" data-icon=\"chart-bar\" role=\"img\" xmlns=\"http:\/\/www.w3.org\/2000\/svg\" viewBox=\"0 0 512 512\" class=\"svg-inline--fa fa-chart-bar fa-w-16 fa-2x\"><path fill=\"currentColor\" d=\"M396.8 352h22.4c6.4 0 12.8-6.4 12.8-12.8V108.8c0-6.4-6.4-12.8-12.8-12.8h-22.4c-6.4 0-12.8 6.4-12.8 12.8v230.4c0 6.4 6.4 12.8 12.8 12.8zm-192 0h22.4c6.4 0 12.8-6.4 12.8-12.8V140.8c0-6.4-6.4-12.8-12.8-12.8h-22.4c-6.4 0-12.8 6.4-12.8 12.8v198.4c0 6.4 6.4 12.8 12.8 12.8zm96 0h22.4c6.4 0 12.8-6.4 12.8-12.8V204.8c0-6.4-6.4-12.8-12.8-12.8h-22.4c-6.4 0-12.8 6.4-12.8 12.8v134.4c0 6.4 6.4 12.8 12.8 12.8zM496 400H48V80c0-8.84-7.16-16-16-16H16C7.16 64 0 71.16 0 80v336c0 17.67 14.33 32 32 32h464c8.84 0 16-7.16 16-16v-16c0-8.84-7.16-16-16-16zm-387.2-48h22.4c6.4 0 12.8-6.4 12.8-12.8v-70.4c0-6.4-6.4-12.8-12.8-12.8h-22.4c-6.4 0-12.8 6.4-12.8 12.8v70.4c0 6.4 6.4 12.8 12.8 12.8z\" class=\"\"><\/path><\/svg><\/i> <img loading=\"lazy\" decoding=\"async\" width=\"16\" height=\"16\" alt=\"Loading\" src=\"https:\/\/temucotelevision.cl\/web\/wp-content\/plugins\/page-views-count\/ajax-loader-2x.gif\" border=0 \/><\/p>\n<div class=\"pvc_clear\"><\/div>\n<p>El objetivo principal de esta medida&nbsp;excepcional y de emergencia&nbsp;es proteger la salud de ni\u00f1os, ni\u00f1as y adolescentes ante la alta<\/p>\n","protected":false},"author":1,"featured_media":33051,"comment_status":"open","ping_status":"open","sticky":false,"template":"","format":"standard","meta":{"colormag_page_container_layout":"default_layout","colormag_page_sidebar_layout":"default_layout","footnotes":""},"categories":[15],"tags":[659,321,5459,2308],"class_list":["post-33050","post","type-post","status-publish","format-standard","has-post-thumbnail","hentry","category-la-araucania","tag-clases","tag-emergencia","tag-sanitaria","tag-suspension"],"a3_pvc":{"activated":true,"total_views":47,"today_views":0},"_links":{"self":[{"href":"https:\/\/temucotelevision.cl\/web\/wp-json\/wp\/v2\/posts\/33050","targetHints":{"allow":["GET"]}}],"collection":[{"href":"https:\/\/temucotelevision.cl\/web\/wp-json\/wp\/v2\/posts"}],"about":[{"href":"https:\/\/temucotelevision.cl\/web\/wp-json\/wp\/v2\/types\/post"}],"author":[{"embeddable":true,"href":"https:\/\/temucotelevision.cl\/web\/wp-json\/wp\/v2\/users\/1"}],"replies":[{"embeddable":true,"href":"https:\/\/temucotelevision.cl\/web\/wp-json\/wp\/v2\/comments?post=33050"}],"version-history":[{"count":1,"href":"https:\/\/temucotelevision.cl\/web\/wp-json\/wp\/v2\/posts\/33050\/revisions"}],"predecessor-version":[{"id":33052,"href":"https:\/\/temucotelevision.cl\/web\/wp-json\/wp\/v2\/posts\/33050\/revisions\/33052"}],"wp:featuredmedia":[{"embeddable":true,"href":"https:\/\/temucotelevision.cl\/web\/wp-json\/wp\/v2\/media\/33051"}],"wp:attachment":[{"href":"https:\/\/temucotelevision.cl\/web\/wp-json\/wp\/v2\/media?parent=33050"}],"wp:term":[{"taxonomy":"category","embeddable":true,"href":"https:\/\/temucotelevision.cl\/web\/wp-json\/wp\/v2\/categories?post=33050"},{"taxonomy":"post_tag","embeddable":true,"href":"https:\/\/temucotelevision.cl\/web\/wp-json\/wp\/v2\/tags?post=33050"}],"curies":[{"name":"wp","href":"https:\/\/api.w.org\/{rel}","templated":true}]}}