{"id":33037,"date":"2022-06-28T20:35:50","date_gmt":"2022-06-28T23:35:50","guid":{"rendered":"https:\/\/temucotelevision.cl\/web\/?p=33037"},"modified":"2022-06-28T20:35:50","modified_gmt":"2022-06-28T23:35:50","slug":"ballet-folclorico-pucon-inicia-su-viaje-rumbo-a-europa","status":"publish","type":"post","link":"https:\/\/temucotelevision.cl\/web\/2022\/06\/28\/ballet-folclorico-pucon-inicia-su-viaje-rumbo-a-europa\/","title":{"rendered":"Ballet folcl\u00f3rico Puc\u00f3n inicia su viaje rumbo a Europa"},"content":{"rendered":"<div class=\"pvc_clear\"><\/div><p id=\"pvc_stats_33037\" class=\"pvc_stats total_only  \" data-element-id=\"33037\" style=\"\"><i class=\"pvc-stats-icon large\" aria-hidden=\"true\"><svg aria-hidden=\"true\" focusable=\"false\" data-prefix=\"far\" data-icon=\"chart-bar\" role=\"img\" xmlns=\"http:\/\/www.w3.org\/2000\/svg\" viewBox=\"0 0 512 512\" class=\"svg-inline--fa fa-chart-bar fa-w-16 fa-2x\"><path fill=\"currentColor\" d=\"M396.8 352h22.4c6.4 0 12.8-6.4 12.8-12.8V108.8c0-6.4-6.4-12.8-12.8-12.8h-22.4c-6.4 0-12.8 6.4-12.8 12.8v230.4c0 6.4 6.4 12.8 12.8 12.8zm-192 0h22.4c6.4 0 12.8-6.4 12.8-12.8V140.8c0-6.4-6.4-12.8-12.8-12.8h-22.4c-6.4 0-12.8 6.4-12.8 12.8v198.4c0 6.4 6.4 12.8 12.8 12.8zm96 0h22.4c6.4 0 12.8-6.4 12.8-12.8V204.8c0-6.4-6.4-12.8-12.8-12.8h-22.4c-6.4 0-12.8 6.4-12.8 12.8v134.4c0 6.4 6.4 12.8 12.8 12.8zM496 400H48V80c0-8.84-7.16-16-16-16H16C7.16 64 0 71.16 0 80v336c0 17.67 14.33 32 32 32h464c8.84 0 16-7.16 16-16v-16c0-8.84-7.16-16-16-16zm-387.2-48h22.4c6.4 0 12.8-6.4 12.8-12.8v-70.4c0-6.4-6.4-12.8-12.8-12.8h-22.4c-6.4 0-12.8 6.4-12.8 12.8v70.4c0 6.4 6.4 12.8 12.8 12.8z\" class=\"\"><\/path><\/svg><\/i> <img loading=\"lazy\" decoding=\"async\" width=\"16\" height=\"16\" alt=\"Loading\" src=\"https:\/\/temucotelevision.cl\/web\/wp-content\/plugins\/page-views-count\/ajax-loader-2x.gif\" border=0 \/><\/p><div class=\"pvc_clear\"><\/div>\n<p>El Ballet Folcl\u00f3rico Puc\u00f3n, inici\u00f3 este lunes su viaje rumbo a Europa, quienes se reunieron en la plaza de armas de la comuna lacustre, para iniciar el tan anhelado viaje. Al lugar llegaron familiares, amigos y autoridades entre ellos el alcalde Carlos Barra Matamala y el concejal Cristian Hern\u00e1ndez, para despedir a los m\u00fasicos y bailarines que representar\u00e1n al pa\u00eds y la comuna en el continente europeo.<\/p>\n\n\n\n<p>Un momento lleno de emociones por parte de los integrantes de este grupo y sus familiares quienes se encontraban contentos, pero a la vez muy nerviosos, con el viaje. Despedida que fue complementada por m\u00fasica y bailes folcl\u00f3ricos que alegraron el momento.<\/p>\n\n\n\n<p>Seg\u00fan lo manifestado por el alcalde, Carlos Barra, es un orgullo que el Ballet Folcl\u00f3rico de Puc\u00f3n, pueda realizar una gira de esta magnitud representando a la comuna. \u201cEstoy muy contento de estar despidiendo a esta embajada art\u00edstica que va a representar a Puc\u00f3n y al pa\u00eds en Europa. El municipio tambi\u00e9n ha hecho su aporte en lo que ha podido, estamos muy contentos y les deseamos mucho \u00e9xito en sus presentaciones y que dejen muy bien puesto el nombre de Puc\u00f3n y nuestro pa\u00eds\u201d.<\/p>\n\n\n\n<p>Cabe destacar que son 28 representantes de la comuna, quienes visitar\u00e1n 4 pa\u00edses del continente europeo, entre ellos Polonia, Albania, Macedonia y Turqu\u00eda, llevando hasta esas tierras parte del folclor chileno.&nbsp;<\/p>\n","protected":false},"excerpt":{"rendered":"<div class=\"pvc_clear\"><\/div>\n<p id=\"pvc_stats_33037\" class=\"pvc_stats total_only  \" data-element-id=\"33037\" style=\"\"><i class=\"pvc-stats-icon large\" aria-hidden=\"true\"><svg aria-hidden=\"true\" focusable=\"false\" data-prefix=\"far\" data-icon=\"chart-bar\" role=\"img\" xmlns=\"http:\/\/www.w3.org\/2000\/svg\" viewBox=\"0 0 512 512\" class=\"svg-inline--fa fa-chart-bar fa-w-16 fa-2x\"><path fill=\"currentColor\" d=\"M396.8 352h22.4c6.4 0 12.8-6.4 12.8-12.8V108.8c0-6.4-6.4-12.8-12.8-12.8h-22.4c-6.4 0-12.8 6.4-12.8 12.8v230.4c0 6.4 6.4 12.8 12.8 12.8zm-192 0h22.4c6.4 0 12.8-6.4 12.8-12.8V140.8c0-6.4-6.4-12.8-12.8-12.8h-22.4c-6.4 0-12.8 6.4-12.8 12.8v198.4c0 6.4 6.4 12.8 12.8 12.8zm96 0h22.4c6.4 0 12.8-6.4 12.8-12.8V204.8c0-6.4-6.4-12.8-12.8-12.8h-22.4c-6.4 0-12.8 6.4-12.8 12.8v134.4c0 6.4 6.4 12.8 12.8 12.8zM496 400H48V80c0-8.84-7.16-16-16-16H16C7.16 64 0 71.16 0 80v336c0 17.67 14.33 32 32 32h464c8.84 0 16-7.16 16-16v-16c0-8.84-7.16-16-16-16zm-387.2-48h22.4c6.4 0 12.8-6.4 12.8-12.8v-70.4c0-6.4-6.4-12.8-12.8-12.8h-22.4c-6.4 0-12.8 6.4-12.8 12.8v70.4c0 6.4 6.4 12.8 12.8 12.8z\" class=\"\"><\/path><\/svg><\/i> <img loading=\"lazy\" decoding=\"async\" width=\"16\" height=\"16\" alt=\"Loading\" src=\"https:\/\/temucotelevision.cl\/web\/wp-content\/plugins\/page-views-count\/ajax-loader-2x.gif\" border=0 \/><\/p>\n<div class=\"pvc_clear\"><\/div>\n<p>El Ballet Folcl\u00f3rico Puc\u00f3n, inici\u00f3 este lunes su viaje rumbo a Europa, quienes se reunieron en la plaza de armas<\/p>\n","protected":false},"author":1,"featured_media":33038,"comment_status":"open","ping_status":"open","sticky":false,"template":"","format":"standard","meta":{"colormag_page_container_layout":"default_layout","colormag_page_sidebar_layout":"default_layout","footnotes":""},"categories":[101,14],"tags":[1903,5421,5457,1615],"class_list":["post-33037","post","type-post","status-publish","format-standard","has-post-thumbnail","hentry","category-actualidad","category-temuco","tag-ballet","tag-europa","tag-folclorico","tag-viaje"],"a3_pvc":{"activated":true,"total_views":44,"today_views":0},"_links":{"self":[{"href":"https:\/\/temucotelevision.cl\/web\/wp-json\/wp\/v2\/posts\/33037","targetHints":{"allow":["GET"]}}],"collection":[{"href":"https:\/\/temucotelevision.cl\/web\/wp-json\/wp\/v2\/posts"}],"about":[{"href":"https:\/\/temucotelevision.cl\/web\/wp-json\/wp\/v2\/types\/post"}],"author":[{"embeddable":true,"href":"https:\/\/temucotelevision.cl\/web\/wp-json\/wp\/v2\/users\/1"}],"replies":[{"embeddable":true,"href":"https:\/\/temucotelevision.cl\/web\/wp-json\/wp\/v2\/comments?post=33037"}],"version-history":[{"count":1,"href":"https:\/\/temucotelevision.cl\/web\/wp-json\/wp\/v2\/posts\/33037\/revisions"}],"predecessor-version":[{"id":33039,"href":"https:\/\/temucotelevision.cl\/web\/wp-json\/wp\/v2\/posts\/33037\/revisions\/33039"}],"wp:featuredmedia":[{"embeddable":true,"href":"https:\/\/temucotelevision.cl\/web\/wp-json\/wp\/v2\/media\/33038"}],"wp:attachment":[{"href":"https:\/\/temucotelevision.cl\/web\/wp-json\/wp\/v2\/media?parent=33037"}],"wp:term":[{"taxonomy":"category","embeddable":true,"href":"https:\/\/temucotelevision.cl\/web\/wp-json\/wp\/v2\/categories?post=33037"},{"taxonomy":"post_tag","embeddable":true,"href":"https:\/\/temucotelevision.cl\/web\/wp-json\/wp\/v2\/tags?post=33037"}],"curies":[{"name":"wp","href":"https:\/\/api.w.org\/{rel}","templated":true}]}}