{"id":33033,"date":"2022-06-28T20:28:47","date_gmt":"2022-06-28T23:28:47","guid":{"rendered":"https:\/\/temucotelevision.cl\/web\/?p=33033"},"modified":"2022-06-28T20:28:48","modified_gmt":"2022-06-28T23:28:48","slug":"red-araucania-sur-coordina-a-todos-los-niveles-de-atencion-para-abordar-casos-sospechosos-de-viruela-simica","status":"publish","type":"post","link":"https:\/\/temucotelevision.cl\/web\/2022\/06\/28\/red-araucania-sur-coordina-a-todos-los-niveles-de-atencion-para-abordar-casos-sospechosos-de-viruela-simica\/","title":{"rendered":"Red Araucan\u00eda Sur coordina a todos los niveles de atenci\u00f3n para abordar casos sospechosos de Viruela S\u00edmica"},"content":{"rendered":"<div class=\"pvc_clear\"><\/div><p id=\"pvc_stats_33033\" class=\"pvc_stats total_only  \" data-element-id=\"33033\" style=\"\"><i class=\"pvc-stats-icon large\" aria-hidden=\"true\"><svg aria-hidden=\"true\" focusable=\"false\" data-prefix=\"far\" data-icon=\"chart-bar\" role=\"img\" xmlns=\"http:\/\/www.w3.org\/2000\/svg\" viewBox=\"0 0 512 512\" class=\"svg-inline--fa fa-chart-bar fa-w-16 fa-2x\"><path fill=\"currentColor\" d=\"M396.8 352h22.4c6.4 0 12.8-6.4 12.8-12.8V108.8c0-6.4-6.4-12.8-12.8-12.8h-22.4c-6.4 0-12.8 6.4-12.8 12.8v230.4c0 6.4 6.4 12.8 12.8 12.8zm-192 0h22.4c6.4 0 12.8-6.4 12.8-12.8V140.8c0-6.4-6.4-12.8-12.8-12.8h-22.4c-6.4 0-12.8 6.4-12.8 12.8v198.4c0 6.4 6.4 12.8 12.8 12.8zm96 0h22.4c6.4 0 12.8-6.4 12.8-12.8V204.8c0-6.4-6.4-12.8-12.8-12.8h-22.4c-6.4 0-12.8 6.4-12.8 12.8v134.4c0 6.4 6.4 12.8 12.8 12.8zM496 400H48V80c0-8.84-7.16-16-16-16H16C7.16 64 0 71.16 0 80v336c0 17.67 14.33 32 32 32h464c8.84 0 16-7.16 16-16v-16c0-8.84-7.16-16-16-16zm-387.2-48h22.4c6.4 0 12.8-6.4 12.8-12.8v-70.4c0-6.4-6.4-12.8-12.8-12.8h-22.4c-6.4 0-12.8 6.4-12.8 12.8v70.4c0 6.4 6.4 12.8 12.8 12.8z\" class=\"\"><\/path><\/svg><\/i> <img loading=\"lazy\" decoding=\"async\" width=\"16\" height=\"16\" alt=\"Loading\" src=\"https:\/\/temucotelevision.cl\/web\/wp-content\/plugins\/page-views-count\/ajax-loader-2x.gif\" border=0 \/><\/p><div class=\"pvc_clear\"><\/div>\n<h2 class=\"wp-block-heading\"><em>Hospital Regional y Complejo Asistencial Padre Las Casas ser\u00e1n los establecimientos de referencia para derivar casos sospechosos, mientras que las muestras para confirmar casos ser\u00e1n procesadas por el Instituto de Salud P\u00fablica.<\/em><\/h2>\n\n\n\n<p>Con la llegada de los primeros casos confirmados y sospechas de contagio por viruela s\u00edmica en el pa\u00eds, el Servicio de Salud Araucan\u00eda Sur (SSAS) estableci\u00f3 coordinaciones con la SEREMI de Salud para la preparaci\u00f3n de protocolos que permitan garantizar la seguridad en la atenci\u00f3n de todos los establecimientos en atenci\u00f3n primaria, secundaria y terciaria.<\/p>\n\n\n\n<p>Para la provincia de Caut\u00edn, los establecimientos p\u00fablicos que cuentan con la capacidad de recibir la derivaci\u00f3n de casos sospechosos son el Hospital Regional de Temuco y el Complejo Asistencial Padre Las Casas (CAPLC), que ya definieron los flujos de atenci\u00f3n internos para determinar v\u00edas de acceso, manejo inicial de pacientes, sectores de aislamiento y la coordinaci\u00f3n de los laboratorios de biolog\u00eda molecular para la derivaci\u00f3n de las muestras que permitir\u00e1n confirmar o descartar la infecci\u00f3n, que deben ser procesadas por el Instituto de Salud P\u00fablica (ISP).<\/p>\n\n\n\n<p>El subdirector m\u00e9dico (s) del SSAS, Dr. Francisco Belmar, valor\u00f3 la organizaci\u00f3n y el compromiso de toda la red asistencial provincial al coordinar acciones y derivaciones, \u201cproyectamos reunirnos semanalmente con la SEREMI de Salud y autoridades de los dos hospitales, para monitorear los avances epidemiol\u00f3gicos y proyectar las acciones futuras, en caso de recibir pacientes de otras regiones o si aumenta la incidencia en la circulaci\u00f3n del virus\u201d.<\/p>\n\n\n\n<p><strong>Hospitales de referencia<\/strong><strong><\/strong><\/p>\n\n\n\n<p>Sobre los hospitales de referencia, el directivo se\u00f1al\u00f3 que &#8220;el Hospital Regional cuenta con experiencia en manejo de patolog\u00edas infectol\u00f3gicas emergentes, como fue en su tiempo el \u00e9bola, y al principio con COVID-19. Mientras que el CAPLC es un hospital nuevo, que tiene espacios estructurales preparados con aislamientos adecuados para enfermedades infecciosas. Ambos, adem\u00e1s responden a un modelo de gesti\u00f3n territorial dentro de nuestra red asistencial, donde todos los pacientes de las comunas al sur del r\u00edo Caut\u00edn, pueden ser derivados al CAPLC, mientras que del r\u00edo Caut\u00edn al norte pueden llegar al HHHA\u201d.<\/p>\n\n\n\n<p>Por su parte, la directora del CAPLC, Andrea Catal\u00e1n, se refiri\u00f3 a la preparaci\u00f3n para comenzar a recibir los casos que sean derivados al establecimiento, \u201cen nuestros servicios de urgencia y m\u00e9dico-quir\u00fargico, reforzando los protocolos y medidas de protecci\u00f3n est\u00e1ndar. Tambi\u00e9n estamos coordinados con la SEREMI de Salud en la medida en que se presente un caso, para informar y hacer la derivaci\u00f3n correspondiente de la muestra al ISP\u201d.<\/p>\n\n\n\n<p>La articulaci\u00f3n de los flujos en la red asistencial, es coordinada desde la Sala de Crisis establecida en la direcci\u00f3n del SSAS, como apoyo a los equipos locales y a la comunicaci\u00f3n entre las instituciones del intersector. Con un equipo de profesionales que comenz\u00f3 en estas funciones desde el inicio de la pandemia por COVID-19, y responsables de la Central de Contacto y Respuesta Telef\u00f3nica para atender consultas de la poblaci\u00f3n en el n\u00famero 452 556393.<\/p>\n\n\n\n<p><strong>Atenci\u00f3n Primaria<\/strong><strong><\/strong><\/p>\n\n\n\n<p>Desde la atenci\u00f3n primaria, las coordinaciones han considerado capacitaciones para t\u00e9cnicas de toma de ex\u00e1menes, reforzar el uso de equipos de protecci\u00f3n personal y precauciones est\u00e1ndar, para prevenir contagios de enfermedades infecto-contagiosas y preparar al personal en caso de que tengan contacto con alg\u00fan caso sospechoso.<\/p>\n\n\n\n<p>Sobre el rol que desempe\u00f1ar\u00e1 este sector del \u00e1rea salud, la jefa de Atenci\u00f3n Primaria de Araucan\u00eda Sur, Paola Oyarz\u00fan, declar\u00f3 que \u201cen esta primera etapa no van a realizar tratamiento ni ex\u00e1menes a sospechosos de viruela s\u00edmica, sino que los va a derivar en ambulancias a los establecimientos de referencia. Los encargados de epidemiolog\u00eda, m\u00e9dicos, enfermeras y directivos de APS, est\u00e1n en conocimiento de los flujos que ya est\u00e1n establecidos y esperamos que la red responda como siempre lo ha hecho frente a las situaciones de emergencia sanitaria, pandemia o alerta, como ha sido en el \u00faltimo tiempo\u201d.<\/p>\n\n\n\n<p><strong>Viruela del Mono<\/strong><strong><\/strong><\/p>\n\n\n\n<p>Los s\u00edntomas asociados a Viruela del Mono son erupciones cut\u00e1neas, cefalea, fiebre superior a 38,5\u00b0, dolor muscular, de espalda, sensaci\u00f3n de agotamiento e inflamaci\u00f3n o hinchaz\u00f3n de ganglios.<\/p>\n\n\n\n<p>Es una enfermedad que se transmite por contacto f\u00edsico directo (piel con piel), con lesiones como erupciones cut\u00e1neas, fluidos corporales o costras de personas infectadas, tambi\u00e9n por emisiones de gotitas respiratorias, y contacto con ropa o utensilios de comer de una persona infectada.<\/p>\n\n\n\n<p>Ante dudas o consultas se encuentra disponible la l\u00ednea telef\u00f3nica de Salud Responde 600 360 7777 y en caso de acudir a un hospital, informar al personal de salud sobre fechas y lugares de viaje de los \u00faltimos 21 d\u00edas, en caso de haber tenido contacto con personas que tengan s\u00edntomas similares.<\/p>\n\n\n\n<figure class=\"wp-block-image size-large\"><img loading=\"lazy\" decoding=\"async\" width=\"1024\" height=\"555\" src=\"https:\/\/temucotelevision.cl\/web\/wp-content\/uploads\/2022\/06\/Capacitacion-Viruela-Simica-SSAS-1024x555.jpeg\" alt=\"\" class=\"wp-image-33034\" srcset=\"https:\/\/temucotelevision.cl\/web\/wp-content\/uploads\/2022\/06\/Capacitacion-Viruela-Simica-SSAS-1024x555.jpeg 1024w, https:\/\/temucotelevision.cl\/web\/wp-content\/uploads\/2022\/06\/Capacitacion-Viruela-Simica-SSAS-768x416.jpeg 768w, https:\/\/temucotelevision.cl\/web\/wp-content\/uploads\/2022\/06\/Capacitacion-Viruela-Simica-SSAS.jpeg 1161w\" sizes=\"auto, (max-width: 1024px) 100vw, 1024px\" \/><\/figure>\n","protected":false},"excerpt":{"rendered":"<div class=\"pvc_clear\"><\/div>\n<p id=\"pvc_stats_33033\" class=\"pvc_stats total_only  \" data-element-id=\"33033\" style=\"\"><i class=\"pvc-stats-icon large\" aria-hidden=\"true\"><svg aria-hidden=\"true\" focusable=\"false\" data-prefix=\"far\" data-icon=\"chart-bar\" role=\"img\" xmlns=\"http:\/\/www.w3.org\/2000\/svg\" viewBox=\"0 0 512 512\" class=\"svg-inline--fa fa-chart-bar fa-w-16 fa-2x\"><path fill=\"currentColor\" d=\"M396.8 352h22.4c6.4 0 12.8-6.4 12.8-12.8V108.8c0-6.4-6.4-12.8-12.8-12.8h-22.4c-6.4 0-12.8 6.4-12.8 12.8v230.4c0 6.4 6.4 12.8 12.8 12.8zm-192 0h22.4c6.4 0 12.8-6.4 12.8-12.8V140.8c0-6.4-6.4-12.8-12.8-12.8h-22.4c-6.4 0-12.8 6.4-12.8 12.8v198.4c0 6.4 6.4 12.8 12.8 12.8zm96 0h22.4c6.4 0 12.8-6.4 12.8-12.8V204.8c0-6.4-6.4-12.8-12.8-12.8h-22.4c-6.4 0-12.8 6.4-12.8 12.8v134.4c0 6.4 6.4 12.8 12.8 12.8zM496 400H48V80c0-8.84-7.16-16-16-16H16C7.16 64 0 71.16 0 80v336c0 17.67 14.33 32 32 32h464c8.84 0 16-7.16 16-16v-16c0-8.84-7.16-16-16-16zm-387.2-48h22.4c6.4 0 12.8-6.4 12.8-12.8v-70.4c0-6.4-6.4-12.8-12.8-12.8h-22.4c-6.4 0-12.8 6.4-12.8 12.8v70.4c0 6.4 6.4 12.8 12.8 12.8z\" class=\"\"><\/path><\/svg><\/i> <img loading=\"lazy\" decoding=\"async\" width=\"16\" height=\"16\" alt=\"Loading\" src=\"https:\/\/temucotelevision.cl\/web\/wp-content\/plugins\/page-views-count\/ajax-loader-2x.gif\" border=0 \/><\/p>\n<div class=\"pvc_clear\"><\/div>\n<p>Hospital Regional y Complejo Asistencial Padre Las Casas ser\u00e1n los establecimientos de referencia para derivar casos sospechosos, mientras que las<\/p>\n","protected":false},"author":1,"featured_media":33035,"comment_status":"open","ping_status":"open","sticky":false,"template":"","format":"standard","meta":{"colormag_page_container_layout":"default_layout","colormag_page_sidebar_layout":"default_layout","footnotes":""},"categories":[15],"tags":[253,2314,5456,5419],"class_list":["post-33033","post","type-post","status-publish","format-standard","has-post-thumbnail","hentry","category-la-araucania","tag-atencion","tag-casos","tag-simica","tag-viruela"],"a3_pvc":{"activated":true,"total_views":58,"today_views":0},"_links":{"self":[{"href":"https:\/\/temucotelevision.cl\/web\/wp-json\/wp\/v2\/posts\/33033","targetHints":{"allow":["GET"]}}],"collection":[{"href":"https:\/\/temucotelevision.cl\/web\/wp-json\/wp\/v2\/posts"}],"about":[{"href":"https:\/\/temucotelevision.cl\/web\/wp-json\/wp\/v2\/types\/post"}],"author":[{"embeddable":true,"href":"https:\/\/temucotelevision.cl\/web\/wp-json\/wp\/v2\/users\/1"}],"replies":[{"embeddable":true,"href":"https:\/\/temucotelevision.cl\/web\/wp-json\/wp\/v2\/comments?post=33033"}],"version-history":[{"count":1,"href":"https:\/\/temucotelevision.cl\/web\/wp-json\/wp\/v2\/posts\/33033\/revisions"}],"predecessor-version":[{"id":33036,"href":"https:\/\/temucotelevision.cl\/web\/wp-json\/wp\/v2\/posts\/33033\/revisions\/33036"}],"wp:featuredmedia":[{"embeddable":true,"href":"https:\/\/temucotelevision.cl\/web\/wp-json\/wp\/v2\/media\/33035"}],"wp:attachment":[{"href":"https:\/\/temucotelevision.cl\/web\/wp-json\/wp\/v2\/media?parent=33033"}],"wp:term":[{"taxonomy":"category","embeddable":true,"href":"https:\/\/temucotelevision.cl\/web\/wp-json\/wp\/v2\/categories?post=33033"},{"taxonomy":"post_tag","embeddable":true,"href":"https:\/\/temucotelevision.cl\/web\/wp-json\/wp\/v2\/tags?post=33033"}],"curies":[{"name":"wp","href":"https:\/\/api.w.org\/{rel}","templated":true}]}}