{"id":33030,"date":"2022-06-28T19:13:04","date_gmt":"2022-06-28T22:13:04","guid":{"rendered":"https:\/\/temucotelevision.cl\/web\/?p=33030"},"modified":"2022-06-28T19:13:05","modified_gmt":"2022-06-28T22:13:05","slug":"camara-baja-aprueba-proyecto-del-diputado-leal-para-eximir-a-bomberos-del-impuesto-especifico-a-los-combustibles","status":"publish","type":"post","link":"https:\/\/temucotelevision.cl\/web\/2022\/06\/28\/camara-baja-aprueba-proyecto-del-diputado-leal-para-eximir-a-bomberos-del-impuesto-especifico-a-los-combustibles\/","title":{"rendered":"C\u00e1mara Baja aprueba proyecto del diputado Leal para eximir a Bomberos del Impuesto Espec\u00edfico a los Combustibles\u00a0"},"content":{"rendered":"<div class=\"pvc_clear\"><\/div><p id=\"pvc_stats_33030\" class=\"pvc_stats total_only  \" data-element-id=\"33030\" style=\"\"><i class=\"pvc-stats-icon large\" aria-hidden=\"true\"><svg aria-hidden=\"true\" focusable=\"false\" data-prefix=\"far\" data-icon=\"chart-bar\" role=\"img\" xmlns=\"http:\/\/www.w3.org\/2000\/svg\" viewBox=\"0 0 512 512\" class=\"svg-inline--fa fa-chart-bar fa-w-16 fa-2x\"><path fill=\"currentColor\" d=\"M396.8 352h22.4c6.4 0 12.8-6.4 12.8-12.8V108.8c0-6.4-6.4-12.8-12.8-12.8h-22.4c-6.4 0-12.8 6.4-12.8 12.8v230.4c0 6.4 6.4 12.8 12.8 12.8zm-192 0h22.4c6.4 0 12.8-6.4 12.8-12.8V140.8c0-6.4-6.4-12.8-12.8-12.8h-22.4c-6.4 0-12.8 6.4-12.8 12.8v198.4c0 6.4 6.4 12.8 12.8 12.8zm96 0h22.4c6.4 0 12.8-6.4 12.8-12.8V204.8c0-6.4-6.4-12.8-12.8-12.8h-22.4c-6.4 0-12.8 6.4-12.8 12.8v134.4c0 6.4 6.4 12.8 12.8 12.8zM496 400H48V80c0-8.84-7.16-16-16-16H16C7.16 64 0 71.16 0 80v336c0 17.67 14.33 32 32 32h464c8.84 0 16-7.16 16-16v-16c0-8.84-7.16-16-16-16zm-387.2-48h22.4c6.4 0 12.8-6.4 12.8-12.8v-70.4c0-6.4-6.4-12.8-12.8-12.8h-22.4c-6.4 0-12.8 6.4-12.8 12.8v70.4c0 6.4 6.4 12.8 12.8 12.8z\" class=\"\"><\/path><\/svg><\/i> <img loading=\"lazy\" decoding=\"async\" width=\"16\" height=\"16\" alt=\"Loading\" src=\"https:\/\/temucotelevision.cl\/web\/wp-content\/plugins\/page-views-count\/ajax-loader-2x.gif\" border=0 \/><\/p><div class=\"pvc_clear\"><\/div>\n<p><em>Tras el amplio respaldo que recibi\u00f3 la iniciativa, el representante de La Araucan\u00eda llam\u00f3 al Gobierno a incluir la propuesta en la Reforma Tributaria que ingresar\u00e1n esta semana.<\/em>&nbsp;<\/p>\n\n\n\n<p>Esta tarde, la C\u00e1mara Baja aprob\u00f3 casi por unanimidad un proyecto de resoluci\u00f3n que present\u00f3 hace algunas semanas el diputado por la Regi\u00f3n de La Araucan\u00eda, Henry Leal (UDI), y que busca eximir al Cuerpo de Bomberos de Chile del pago del Impuesto Espec\u00edfico a los Combustibles, como una manera de ayudarlos a mejorar el acotado presupuesto anual con el que cuenta la instituci\u00f3n, sobre todo considerando el aumento que han sufrido las bencinas y el petr\u00f3leo durante los \u00faltimos a\u00f1os.<\/p>\n\n\n\n<p>Al respecto, y junto con valorar el respaldo transversal que recibi\u00f3 su iniciativa, el parlamentario por el Distrito 23 asegur\u00f3 que la propuesta hoy est\u00e1 en manos del Gobierno, recordando que el mes pasado se reuni\u00f3 con la subsecretaria de Hacienda, Claudia Sanhueza, quien se comprometi\u00f3 en dicha oportunidad a estudiar la medida y entregar una respuesta en el corto plazo, lo que a la fecha no se ha concretado.<\/p>\n\n\n\n<p>\u201cEstamos muy satisfechos de que se haya aprobado este proyecto de resoluci\u00f3n de manera transversal y casi por unanimidad, porque es bastante ins\u00f3lito que Bomberos tenga que pagar un doble impuesto -el de los combustibles y el IVA- por un servicio que le est\u00e1 entregando voluntariamente a los chilenos y al Estado. El uso de los carros y veh\u00edculos de emergencia son justamente para eso, para atender desinteresadamente cualquier emergencia que se presente, por lo tanto no parece razonable que tengan que seguir pagando este tributo\u201d, sostuvo Leal.<\/p>\n\n\n\n<p>Por lo mismo, y tras el amplio respaldo que recibi\u00f3 el proyecto, el representante de La Araucan\u00eda llam\u00f3 al Gobierno a incluir la propuesta en el marco de la Reforma Tributaria que se comenzar\u00e1 a discutir esta semana, insistiendo en que \u201cel costo de esta exenci\u00f3n para el Estado es bastante \u00ednfimo, pero ser\u00eda muy significativo para la instituci\u00f3n, porque una parte muy importante de su presupuesto anual se destina precisamente en combustible\u201d.<\/p>\n\n\n\n<p>\u201cSi queremos evitar que los voluntarios de Bomberos sigan saliendo a la calle a pedir limosna para financiar sus equipos y poder prestar un servicio a la comunidad, debemos adoptar medidas reales en beneficio de ellos, y una manera es eliminando el Impuesto Espec\u00edfico a los Combustibles. Ya es inentendible que los chilenos sigan pagando este tributo, pero si el Gobierno no quiere reducirlo como se lo hemos propuesto, creemos que al menos debiera hacerlo con una instituci\u00f3n como Bomberos\u201d, reiter\u00f3 el diputado Leal, quien finalmente adelant\u00f3 que presentar\u00e1 indicaciones durante la tramitaci\u00f3n de la Reforma Tributaria para avanzar en dicha exenci\u00f3n, adem\u00e1s de otras propuestas en el marco de la Ley de Presupuesto para el pr\u00f3ximo a\u00f1o.<\/p>\n","protected":false},"excerpt":{"rendered":"<div class=\"pvc_clear\"><\/div>\n<p id=\"pvc_stats_33030\" class=\"pvc_stats total_only  \" data-element-id=\"33030\" style=\"\"><i class=\"pvc-stats-icon large\" aria-hidden=\"true\"><svg aria-hidden=\"true\" focusable=\"false\" data-prefix=\"far\" data-icon=\"chart-bar\" role=\"img\" xmlns=\"http:\/\/www.w3.org\/2000\/svg\" viewBox=\"0 0 512 512\" class=\"svg-inline--fa fa-chart-bar fa-w-16 fa-2x\"><path fill=\"currentColor\" d=\"M396.8 352h22.4c6.4 0 12.8-6.4 12.8-12.8V108.8c0-6.4-6.4-12.8-12.8-12.8h-22.4c-6.4 0-12.8 6.4-12.8 12.8v230.4c0 6.4 6.4 12.8 12.8 12.8zm-192 0h22.4c6.4 0 12.8-6.4 12.8-12.8V140.8c0-6.4-6.4-12.8-12.8-12.8h-22.4c-6.4 0-12.8 6.4-12.8 12.8v198.4c0 6.4 6.4 12.8 12.8 12.8zm96 0h22.4c6.4 0 12.8-6.4 12.8-12.8V204.8c0-6.4-6.4-12.8-12.8-12.8h-22.4c-6.4 0-12.8 6.4-12.8 12.8v134.4c0 6.4 6.4 12.8 12.8 12.8zM496 400H48V80c0-8.84-7.16-16-16-16H16C7.16 64 0 71.16 0 80v336c0 17.67 14.33 32 32 32h464c8.84 0 16-7.16 16-16v-16c0-8.84-7.16-16-16-16zm-387.2-48h22.4c6.4 0 12.8-6.4 12.8-12.8v-70.4c0-6.4-6.4-12.8-12.8-12.8h-22.4c-6.4 0-12.8 6.4-12.8 12.8v70.4c0 6.4 6.4 12.8 12.8 12.8z\" class=\"\"><\/path><\/svg><\/i> <img loading=\"lazy\" decoding=\"async\" width=\"16\" height=\"16\" alt=\"Loading\" src=\"https:\/\/temucotelevision.cl\/web\/wp-content\/plugins\/page-views-count\/ajax-loader-2x.gif\" border=0 \/><\/p>\n<div class=\"pvc_clear\"><\/div>\n<p>Tras el amplio respaldo que recibi\u00f3 la iniciativa, el representante de La Araucan\u00eda llam\u00f3 al Gobierno a incluir la propuesta<\/p>\n","protected":false},"author":1,"featured_media":33031,"comment_status":"open","ping_status":"open","sticky":false,"template":"","format":"standard","meta":{"colormag_page_container_layout":"default_layout","colormag_page_sidebar_layout":"default_layout","footnotes":""},"categories":[84],"tags":[304,604,5455,1350,155],"class_list":["post-33030","post","type-post","status-publish","format-standard","has-post-thumbnail","hentry","category-politica","tag-bomberos","tag-camara","tag-especifico","tag-impuesto","tag-proyecto"],"a3_pvc":{"activated":true,"total_views":31,"today_views":0},"_links":{"self":[{"href":"https:\/\/temucotelevision.cl\/web\/wp-json\/wp\/v2\/posts\/33030","targetHints":{"allow":["GET"]}}],"collection":[{"href":"https:\/\/temucotelevision.cl\/web\/wp-json\/wp\/v2\/posts"}],"about":[{"href":"https:\/\/temucotelevision.cl\/web\/wp-json\/wp\/v2\/types\/post"}],"author":[{"embeddable":true,"href":"https:\/\/temucotelevision.cl\/web\/wp-json\/wp\/v2\/users\/1"}],"replies":[{"embeddable":true,"href":"https:\/\/temucotelevision.cl\/web\/wp-json\/wp\/v2\/comments?post=33030"}],"version-history":[{"count":1,"href":"https:\/\/temucotelevision.cl\/web\/wp-json\/wp\/v2\/posts\/33030\/revisions"}],"predecessor-version":[{"id":33032,"href":"https:\/\/temucotelevision.cl\/web\/wp-json\/wp\/v2\/posts\/33030\/revisions\/33032"}],"wp:featuredmedia":[{"embeddable":true,"href":"https:\/\/temucotelevision.cl\/web\/wp-json\/wp\/v2\/media\/33031"}],"wp:attachment":[{"href":"https:\/\/temucotelevision.cl\/web\/wp-json\/wp\/v2\/media?parent=33030"}],"wp:term":[{"taxonomy":"category","embeddable":true,"href":"https:\/\/temucotelevision.cl\/web\/wp-json\/wp\/v2\/categories?post=33030"},{"taxonomy":"post_tag","embeddable":true,"href":"https:\/\/temucotelevision.cl\/web\/wp-json\/wp\/v2\/tags?post=33030"}],"curies":[{"name":"wp","href":"https:\/\/api.w.org\/{rel}","templated":true}]}}