{"id":33027,"date":"2022-06-28T19:09:17","date_gmt":"2022-06-28T22:09:17","guid":{"rendered":"https:\/\/temucotelevision.cl\/web\/?p=33027"},"modified":"2022-06-28T19:09:18","modified_gmt":"2022-06-28T22:09:18","slug":"curacavi-aprueba-la-primera-ordenanza-hidrica-de-chile","status":"publish","type":"post","link":"https:\/\/temucotelevision.cl\/web\/2022\/06\/28\/curacavi-aprueba-la-primera-ordenanza-hidrica-de-chile\/","title":{"rendered":"Curacav\u00ed aprueba la primera ordenanza h\u00eddrica de Chile"},"content":{"rendered":"<div class=\"pvc_clear\"><\/div><p id=\"pvc_stats_33027\" class=\"pvc_stats total_only  \" data-element-id=\"33027\" style=\"\"><i class=\"pvc-stats-icon large\" aria-hidden=\"true\"><svg aria-hidden=\"true\" focusable=\"false\" data-prefix=\"far\" data-icon=\"chart-bar\" role=\"img\" xmlns=\"http:\/\/www.w3.org\/2000\/svg\" viewBox=\"0 0 512 512\" class=\"svg-inline--fa fa-chart-bar fa-w-16 fa-2x\"><path fill=\"currentColor\" d=\"M396.8 352h22.4c6.4 0 12.8-6.4 12.8-12.8V108.8c0-6.4-6.4-12.8-12.8-12.8h-22.4c-6.4 0-12.8 6.4-12.8 12.8v230.4c0 6.4 6.4 12.8 12.8 12.8zm-192 0h22.4c6.4 0 12.8-6.4 12.8-12.8V140.8c0-6.4-6.4-12.8-12.8-12.8h-22.4c-6.4 0-12.8 6.4-12.8 12.8v198.4c0 6.4 6.4 12.8 12.8 12.8zm96 0h22.4c6.4 0 12.8-6.4 12.8-12.8V204.8c0-6.4-6.4-12.8-12.8-12.8h-22.4c-6.4 0-12.8 6.4-12.8 12.8v134.4c0 6.4 6.4 12.8 12.8 12.8zM496 400H48V80c0-8.84-7.16-16-16-16H16C7.16 64 0 71.16 0 80v336c0 17.67 14.33 32 32 32h464c8.84 0 16-7.16 16-16v-16c0-8.84-7.16-16-16-16zm-387.2-48h22.4c6.4 0 12.8-6.4 12.8-12.8v-70.4c0-6.4-6.4-12.8-12.8-12.8h-22.4c-6.4 0-12.8 6.4-12.8 12.8v70.4c0 6.4 6.4 12.8 12.8 12.8z\" class=\"\"><\/path><\/svg><\/i> <img loading=\"lazy\" decoding=\"async\" width=\"16\" height=\"16\" alt=\"Loading\" src=\"https:\/\/temucotelevision.cl\/web\/wp-content\/plugins\/page-views-count\/ajax-loader-2x.gif\" border=0 \/><\/p><div class=\"pvc_clear\"><\/div>\n<p><em>Con la intenci\u00f3n de generar conciencia ambiental en la comunidad y junto con ello generar una disminuci\u00f3<\/em><em>n del consumo h<\/em><em>\u00eddrico comunal es que la I. Municipalidad de Curacav\u00ed ha creado la primera Ordenanza H\u00ed<\/em><em>drica Municipal<\/em><em>&nbsp;de Chile, para regular el uso eficiente del agua en espacios p\u00fablicos y privados de la zona.&nbsp;<\/em><em><\/em><\/p>\n\n\n\n<p>Seg\u00fan el \u00faltimo Informe H\u00eddrico de la Direcci\u00f3n General de Aguas 2021 (DGA), la falta de lluvia en grandes ciudades llega al 98% de d\u00e9ficit en comparaci\u00f3n a a\u00f1os normales, mientras peque\u00f1os poblados agr\u00edcolas se acostumbran a vivir con un racionamiento extremo. Si no existe una pol\u00edtica global, dicen los expertos, Chile enfrentar\u00e1 graves conflictos los pr\u00f3ximos cinco a\u00f1os.&nbsp;Chile se est\u00e1&nbsp;secando. As\u00ed lo anuncian las principales mediciones hidrogr\u00e1ficas, que grafican c\u00f3mo la privaci\u00f3n de agua se extiende por todo el territorio. Actualmente, 184 comunas tienen decretos de escasez h\u00eddrica, repartidas desde Atacama a Los Lagos, y ocho millones 250 mil personas viven con racionamiento. No obstante ninguna de ellas contaba hasta ahora con una ordenanza municipal que enfrentara de manera m\u00e1s global el problema, lo que exist\u00eda eran regulaciones acerca del riego o cuidado del agua, pero no una pol\u00edtica publica local a m\u00e1s largo plazo e integral.<\/p>\n\n\n\n<p>\u201cEl contar con una ordenanza h\u00eddrica nos ayudar\u00e1 a no s\u00f3lo regular y cuidar el uso del agua en diversas actividades de \u00edndole municipal como lo puede ser el de riegos de \u00e1reas verdes, plazas y parques, sino a pensar como proyectar esta nueva realidad de bajas precipitaciones que nos toca vivir en las siguientes d\u00e9cadas, y eso viene necesariamente tambi\u00e9n por un cambio cultural y de forma importante, que no se logra de una semana para otra. Aqu\u00ed apuntamos a cambiar conductas, h\u00e1bitos, costumbres, a tener mayor atenci\u00f3n en grifos, alcantarillados, riveras de agua, etc. Abordamos por primera vez en Chile, desde el mundo municipal el problema del agua a modo cabal y pleno, adem\u00e1s de complementarlo con una interesante acci\u00f3n de participaci\u00f3n ciudadana\u201d, indic\u00f3 Juan Pablo Barros, alcalde de Curacav\u00ed y Vicepdte de la Asociaci\u00f3n de Municipios Rurales &#8211; AMUR CHILE.<\/p>\n\n\n\n<p>Esta ordenanza comenzar\u00e1 a regir en los siguientes d\u00edas en todo el territorio comunal, as\u00ed como actores privados y p\u00fablicos los que deber\u00e1n ajustar sus procesos y actividades para no incurrir en multas ni incumplimientos. Paralelamente el municipio ya ha sido contactado para replicar la misma en otras comunas del pa\u00eds.<\/p>\n","protected":false},"excerpt":{"rendered":"<div class=\"pvc_clear\"><\/div>\n<p id=\"pvc_stats_33027\" class=\"pvc_stats total_only  \" data-element-id=\"33027\" style=\"\"><i class=\"pvc-stats-icon large\" aria-hidden=\"true\"><svg aria-hidden=\"true\" focusable=\"false\" data-prefix=\"far\" data-icon=\"chart-bar\" role=\"img\" xmlns=\"http:\/\/www.w3.org\/2000\/svg\" viewBox=\"0 0 512 512\" class=\"svg-inline--fa fa-chart-bar fa-w-16 fa-2x\"><path fill=\"currentColor\" d=\"M396.8 352h22.4c6.4 0 12.8-6.4 12.8-12.8V108.8c0-6.4-6.4-12.8-12.8-12.8h-22.4c-6.4 0-12.8 6.4-12.8 12.8v230.4c0 6.4 6.4 12.8 12.8 12.8zm-192 0h22.4c6.4 0 12.8-6.4 12.8-12.8V140.8c0-6.4-6.4-12.8-12.8-12.8h-22.4c-6.4 0-12.8 6.4-12.8 12.8v198.4c0 6.4 6.4 12.8 12.8 12.8zm96 0h22.4c6.4 0 12.8-6.4 12.8-12.8V204.8c0-6.4-6.4-12.8-12.8-12.8h-22.4c-6.4 0-12.8 6.4-12.8 12.8v134.4c0 6.4 6.4 12.8 12.8 12.8zM496 400H48V80c0-8.84-7.16-16-16-16H16C7.16 64 0 71.16 0 80v336c0 17.67 14.33 32 32 32h464c8.84 0 16-7.16 16-16v-16c0-8.84-7.16-16-16-16zm-387.2-48h22.4c6.4 0 12.8-6.4 12.8-12.8v-70.4c0-6.4-6.4-12.8-12.8-12.8h-22.4c-6.4 0-12.8 6.4-12.8 12.8v70.4c0 6.4 6.4 12.8 12.8 12.8z\" class=\"\"><\/path><\/svg><\/i> <img loading=\"lazy\" decoding=\"async\" width=\"16\" height=\"16\" alt=\"Loading\" src=\"https:\/\/temucotelevision.cl\/web\/wp-content\/plugins\/page-views-count\/ajax-loader-2x.gif\" border=0 \/><\/p>\n<div class=\"pvc_clear\"><\/div>\n<p>Con la intenci\u00f3n de generar conciencia ambiental en la comunidad y junto con ello generar una disminuci\u00f3n del consumo h\u00eddrico<\/p>\n","protected":false},"author":1,"featured_media":33028,"comment_status":"open","ping_status":"open","sticky":false,"template":"","format":"standard","meta":{"colormag_page_container_layout":"default_layout","colormag_page_sidebar_layout":"default_layout","footnotes":""},"categories":[101],"tags":[476,5453,5454,4639],"class_list":["post-33027","post","type-post","status-publish","format-standard","has-post-thumbnail","hentry","category-actualidad","tag-agua","tag-curacavi","tag-hidrica","tag-ordenanza"],"a3_pvc":{"activated":true,"total_views":67,"today_views":0},"_links":{"self":[{"href":"https:\/\/temucotelevision.cl\/web\/wp-json\/wp\/v2\/posts\/33027","targetHints":{"allow":["GET"]}}],"collection":[{"href":"https:\/\/temucotelevision.cl\/web\/wp-json\/wp\/v2\/posts"}],"about":[{"href":"https:\/\/temucotelevision.cl\/web\/wp-json\/wp\/v2\/types\/post"}],"author":[{"embeddable":true,"href":"https:\/\/temucotelevision.cl\/web\/wp-json\/wp\/v2\/users\/1"}],"replies":[{"embeddable":true,"href":"https:\/\/temucotelevision.cl\/web\/wp-json\/wp\/v2\/comments?post=33027"}],"version-history":[{"count":1,"href":"https:\/\/temucotelevision.cl\/web\/wp-json\/wp\/v2\/posts\/33027\/revisions"}],"predecessor-version":[{"id":33029,"href":"https:\/\/temucotelevision.cl\/web\/wp-json\/wp\/v2\/posts\/33027\/revisions\/33029"}],"wp:featuredmedia":[{"embeddable":true,"href":"https:\/\/temucotelevision.cl\/web\/wp-json\/wp\/v2\/media\/33028"}],"wp:attachment":[{"href":"https:\/\/temucotelevision.cl\/web\/wp-json\/wp\/v2\/media?parent=33027"}],"wp:term":[{"taxonomy":"category","embeddable":true,"href":"https:\/\/temucotelevision.cl\/web\/wp-json\/wp\/v2\/categories?post=33027"},{"taxonomy":"post_tag","embeddable":true,"href":"https:\/\/temucotelevision.cl\/web\/wp-json\/wp\/v2\/tags?post=33027"}],"curies":[{"name":"wp","href":"https:\/\/api.w.org\/{rel}","templated":true}]}}