{"id":33024,"date":"2022-06-28T17:22:28","date_gmt":"2022-06-28T20:22:28","guid":{"rendered":"https:\/\/temucotelevision.cl\/web\/?p=33024"},"modified":"2022-06-28T17:22:29","modified_gmt":"2022-06-28T20:22:29","slug":"araucania-es-sede-de-concentracion-nacional-promesas-chile-en-balonmano-femenino-infantil","status":"publish","type":"post","link":"https:\/\/temucotelevision.cl\/web\/2022\/06\/28\/araucania-es-sede-de-concentracion-nacional-promesas-chile-en-balonmano-femenino-infantil\/","title":{"rendered":"Araucan\u00eda es sede de Concentraci\u00f3n Nacional Promesas Chile en balonmano femenino infantil"},"content":{"rendered":"<div class=\"pvc_clear\"><\/div><p id=\"pvc_stats_33024\" class=\"pvc_stats total_only  \" data-element-id=\"33024\" style=\"\"><i class=\"pvc-stats-icon large\" aria-hidden=\"true\"><svg aria-hidden=\"true\" focusable=\"false\" data-prefix=\"far\" data-icon=\"chart-bar\" role=\"img\" xmlns=\"http:\/\/www.w3.org\/2000\/svg\" viewBox=\"0 0 512 512\" class=\"svg-inline--fa fa-chart-bar fa-w-16 fa-2x\"><path fill=\"currentColor\" d=\"M396.8 352h22.4c6.4 0 12.8-6.4 12.8-12.8V108.8c0-6.4-6.4-12.8-12.8-12.8h-22.4c-6.4 0-12.8 6.4-12.8 12.8v230.4c0 6.4 6.4 12.8 12.8 12.8zm-192 0h22.4c6.4 0 12.8-6.4 12.8-12.8V140.8c0-6.4-6.4-12.8-12.8-12.8h-22.4c-6.4 0-12.8 6.4-12.8 12.8v198.4c0 6.4 6.4 12.8 12.8 12.8zm96 0h22.4c6.4 0 12.8-6.4 12.8-12.8V204.8c0-6.4-6.4-12.8-12.8-12.8h-22.4c-6.4 0-12.8 6.4-12.8 12.8v134.4c0 6.4 6.4 12.8 12.8 12.8zM496 400H48V80c0-8.84-7.16-16-16-16H16C7.16 64 0 71.16 0 80v336c0 17.67 14.33 32 32 32h464c8.84 0 16-7.16 16-16v-16c0-8.84-7.16-16-16-16zm-387.2-48h22.4c6.4 0 12.8-6.4 12.8-12.8v-70.4c0-6.4-6.4-12.8-12.8-12.8h-22.4c-6.4 0-12.8 6.4-12.8 12.8v70.4c0 6.4 6.4 12.8 12.8 12.8z\" class=\"\"><\/path><\/svg><\/i> <img loading=\"lazy\" decoding=\"async\" width=\"16\" height=\"16\" alt=\"Loading\" src=\"https:\/\/temucotelevision.cl\/web\/wp-content\/plugins\/page-views-count\/ajax-loader-2x.gif\" border=0 \/><\/p><div class=\"pvc_clear\"><\/div>\n<p>\u00b7&nbsp;&nbsp;&nbsp;&nbsp;&nbsp;&nbsp;&nbsp;&nbsp;&nbsp;<strong>Entre el 27 de junio y el 7 de julio, el Campo Deportivo Cerro \u00d1ielol recibir\u00e1 a deportistas Sub-14 de Valpara\u00edso a Magallanes. La actividad es organizada por Mindep-IND.<\/strong><\/p>\n\n\n\n<p> 23 j\u00f3venes deportistas del balonmano nacional femenino participan en Temuco de la Concentraci\u00f3n Nacional Promesas Chile que se extender\u00e1 hasta el 7 de julio en el Campo de Deportes \u00d1ielol, de esta ciudad.\u00a0<\/p>\n\n\n\n<p>La actividad, que inici\u00f3 este lunes 27 de junio, es organizada por el Ministerio del Deporte a trav\u00e9s del IND La Araucan\u00eda, y concentrar\u00e1 por 11 d\u00edas a ni\u00f1as deportistas de la categor\u00eda sub-14 (13 o menos a\u00f1os), provenientes de Valpara\u00edso, Santiago, Biob\u00edo, Magallanes y La Araucan\u00eda.<\/p>\n\n\n\n<p>Al respecto, Marco Cisterna, encargado del departamento de Alto Rendimiento y Deporte Competitivo, explic\u00f3 que la Concentraci\u00f3n es la primera de tres previstas a nivel nacional para este a\u00f1o en la regi\u00f3n en el contexto del Programa Promesas Chile.<\/p>\n\n\n\n<p>\u201cEn el caso de esta primera concentraci\u00f3n nacional, todas las ni\u00f1as son beneficiarias del programa, instancia que tiene como objetivo potenciar el rendimiento de las deportistas en los \u00e1mbitos f\u00edsicos, t\u00e9cnicos y t\u00e1cticos\u201d, puntualiz\u00f3.<\/p>\n\n\n\n<p>El trabajo formativo iniciar\u00e1 a las 18 horas de este lunes con la llegada de las deportistas y una charla sobre psicolog\u00eda del deporte a cargo de profesionales del IND del nivel central. Los aspectos t\u00e9cnicos del balonmano ser\u00e1n desarrollados por los entrenadores de Promesas Chile Claudio V\u00e1squez (Araucan\u00eda) y Rolando Z\u00fa\u00f1iga (Valpara\u00edso).<\/p>\n\n\n\n<p>En los d\u00edas que dure la Concentraci\u00f3n, las deportistas tambi\u00e9n recibir\u00e1n charlas, orientaci\u00f3n y asistencia t\u00e9cnica especializada a trav\u00e9s de un equipo interdisciplinario integrado por un psic\u00f3logo, kinesi\u00f3logo, nutricionista y un m\u00e9dico.<\/p>\n\n\n\n<p>\u201cLa idea de estos esfuerzos formativos es que las ni\u00f1as no s\u00f3lo puedan crecer en los aspectos t\u00e9cnicos del balonmano, intercambiar enfoques y experiencias, y en el intertanto, contar con un staff de profesionales de primera l\u00ednea que puedan evaluarlas y orientarlas en los distintos aspectos que rodean la pr\u00e1ctica de la disciplina infantil\u201d, a\u00f1adi\u00f3 Cisterna.<\/p>\n\n\n\n<p>Junto con la concentraci\u00f3n de Balonmano que parte este lunes, se apronta una similar para Halterofilia entre el 14 y el 26 de julio, y en su conjunto representan una inversi\u00f3n sectorial por sobre los 48 millones de pesos para financiar alimentaci\u00f3n,&nbsp; traslado, servicios m\u00e9dicos y el apoyo t\u00e9cnico de las beneficiarias.<\/p>\n","protected":false},"excerpt":{"rendered":"<div class=\"pvc_clear\"><\/div>\n<p id=\"pvc_stats_33024\" class=\"pvc_stats total_only  \" data-element-id=\"33024\" style=\"\"><i class=\"pvc-stats-icon large\" aria-hidden=\"true\"><svg aria-hidden=\"true\" focusable=\"false\" data-prefix=\"far\" data-icon=\"chart-bar\" role=\"img\" xmlns=\"http:\/\/www.w3.org\/2000\/svg\" viewBox=\"0 0 512 512\" class=\"svg-inline--fa fa-chart-bar fa-w-16 fa-2x\"><path fill=\"currentColor\" d=\"M396.8 352h22.4c6.4 0 12.8-6.4 12.8-12.8V108.8c0-6.4-6.4-12.8-12.8-12.8h-22.4c-6.4 0-12.8 6.4-12.8 12.8v230.4c0 6.4 6.4 12.8 12.8 12.8zm-192 0h22.4c6.4 0 12.8-6.4 12.8-12.8V140.8c0-6.4-6.4-12.8-12.8-12.8h-22.4c-6.4 0-12.8 6.4-12.8 12.8v198.4c0 6.4 6.4 12.8 12.8 12.8zm96 0h22.4c6.4 0 12.8-6.4 12.8-12.8V204.8c0-6.4-6.4-12.8-12.8-12.8h-22.4c-6.4 0-12.8 6.4-12.8 12.8v134.4c0 6.4 6.4 12.8 12.8 12.8zM496 400H48V80c0-8.84-7.16-16-16-16H16C7.16 64 0 71.16 0 80v336c0 17.67 14.33 32 32 32h464c8.84 0 16-7.16 16-16v-16c0-8.84-7.16-16-16-16zm-387.2-48h22.4c6.4 0 12.8-6.4 12.8-12.8v-70.4c0-6.4-6.4-12.8-12.8-12.8h-22.4c-6.4 0-12.8 6.4-12.8 12.8v70.4c0 6.4 6.4 12.8 12.8 12.8z\" class=\"\"><\/path><\/svg><\/i> <img loading=\"lazy\" decoding=\"async\" width=\"16\" height=\"16\" alt=\"Loading\" src=\"https:\/\/temucotelevision.cl\/web\/wp-content\/plugins\/page-views-count\/ajax-loader-2x.gif\" border=0 \/><\/p>\n<div class=\"pvc_clear\"><\/div>\n<p>\u00b7&nbsp;&nbsp;&nbsp;&nbsp;&nbsp;&nbsp;&nbsp;&nbsp;&nbsp;Entre el 27 de junio y el 7 de julio, el Campo Deportivo Cerro \u00d1ielol recibir\u00e1 a deportistas Sub-14 de<\/p>\n","protected":false},"author":1,"featured_media":33025,"comment_status":"open","ping_status":"open","sticky":false,"template":"","format":"standard","meta":{"colormag_page_container_layout":"default_layout","colormag_page_sidebar_layout":"default_layout","footnotes":""},"categories":[14],"tags":[5451,995,5452,1247],"class_list":["post-33024","post","type-post","status-publish","format-standard","has-post-thumbnail","hentry","category-temuco","tag-balonmano","tag-deportistas","tag-ind","tag-sede"],"a3_pvc":{"activated":true,"total_views":53,"today_views":0},"_links":{"self":[{"href":"https:\/\/temucotelevision.cl\/web\/wp-json\/wp\/v2\/posts\/33024","targetHints":{"allow":["GET"]}}],"collection":[{"href":"https:\/\/temucotelevision.cl\/web\/wp-json\/wp\/v2\/posts"}],"about":[{"href":"https:\/\/temucotelevision.cl\/web\/wp-json\/wp\/v2\/types\/post"}],"author":[{"embeddable":true,"href":"https:\/\/temucotelevision.cl\/web\/wp-json\/wp\/v2\/users\/1"}],"replies":[{"embeddable":true,"href":"https:\/\/temucotelevision.cl\/web\/wp-json\/wp\/v2\/comments?post=33024"}],"version-history":[{"count":1,"href":"https:\/\/temucotelevision.cl\/web\/wp-json\/wp\/v2\/posts\/33024\/revisions"}],"predecessor-version":[{"id":33026,"href":"https:\/\/temucotelevision.cl\/web\/wp-json\/wp\/v2\/posts\/33024\/revisions\/33026"}],"wp:featuredmedia":[{"embeddable":true,"href":"https:\/\/temucotelevision.cl\/web\/wp-json\/wp\/v2\/media\/33025"}],"wp:attachment":[{"href":"https:\/\/temucotelevision.cl\/web\/wp-json\/wp\/v2\/media?parent=33024"}],"wp:term":[{"taxonomy":"category","embeddable":true,"href":"https:\/\/temucotelevision.cl\/web\/wp-json\/wp\/v2\/categories?post=33024"},{"taxonomy":"post_tag","embeddable":true,"href":"https:\/\/temucotelevision.cl\/web\/wp-json\/wp\/v2\/tags?post=33024"}],"curies":[{"name":"wp","href":"https:\/\/api.w.org\/{rel}","templated":true}]}}