{"id":33010,"date":"2022-06-28T13:39:35","date_gmt":"2022-06-28T16:39:35","guid":{"rendered":"https:\/\/temucotelevision.cl\/web\/?p=33010"},"modified":"2022-06-28T13:39:36","modified_gmt":"2022-06-28T16:39:36","slug":"alcalde-de-collipulli-firma-convenio-de-colaboracion-con-empresa-de-gas-para-obtener-descuentos-para-la-ciudadania","status":"publish","type":"post","link":"https:\/\/temucotelevision.cl\/web\/2022\/06\/28\/alcalde-de-collipulli-firma-convenio-de-colaboracion-con-empresa-de-gas-para-obtener-descuentos-para-la-ciudadania\/","title":{"rendered":"Alcalde de Collipulli firma convenio de colaboraci\u00f3n con empresa de gas para obtener descuentos para la ciudadan\u00eda"},"content":{"rendered":"<div class=\"pvc_clear\"><\/div><p id=\"pvc_stats_33010\" class=\"pvc_stats total_only  \" data-element-id=\"33010\" style=\"\"><i class=\"pvc-stats-icon large\" aria-hidden=\"true\"><svg aria-hidden=\"true\" focusable=\"false\" data-prefix=\"far\" data-icon=\"chart-bar\" role=\"img\" xmlns=\"http:\/\/www.w3.org\/2000\/svg\" viewBox=\"0 0 512 512\" class=\"svg-inline--fa fa-chart-bar fa-w-16 fa-2x\"><path fill=\"currentColor\" d=\"M396.8 352h22.4c6.4 0 12.8-6.4 12.8-12.8V108.8c0-6.4-6.4-12.8-12.8-12.8h-22.4c-6.4 0-12.8 6.4-12.8 12.8v230.4c0 6.4 6.4 12.8 12.8 12.8zm-192 0h22.4c6.4 0 12.8-6.4 12.8-12.8V140.8c0-6.4-6.4-12.8-12.8-12.8h-22.4c-6.4 0-12.8 6.4-12.8 12.8v198.4c0 6.4 6.4 12.8 12.8 12.8zm96 0h22.4c6.4 0 12.8-6.4 12.8-12.8V204.8c0-6.4-6.4-12.8-12.8-12.8h-22.4c-6.4 0-12.8 6.4-12.8 12.8v134.4c0 6.4 6.4 12.8 12.8 12.8zM496 400H48V80c0-8.84-7.16-16-16-16H16C7.16 64 0 71.16 0 80v336c0 17.67 14.33 32 32 32h464c8.84 0 16-7.16 16-16v-16c0-8.84-7.16-16-16-16zm-387.2-48h22.4c6.4 0 12.8-6.4 12.8-12.8v-70.4c0-6.4-6.4-12.8-12.8-12.8h-22.4c-6.4 0-12.8 6.4-12.8 12.8v70.4c0 6.4 6.4 12.8 12.8 12.8z\" class=\"\"><\/path><\/svg><\/i> <img loading=\"lazy\" decoding=\"async\" width=\"16\" height=\"16\" alt=\"Loading\" src=\"https:\/\/temucotelevision.cl\/web\/wp-content\/plugins\/page-views-count\/ajax-loader-2x.gif\" border=0 \/><\/p><div class=\"pvc_clear\"><\/div>\n<p><em>Se trata de un acuerdo entre el Municipio local y GASCO S.A<\/em><\/p>\n\n\n\n<p>Un 15% de descuento podr\u00e1n alcanzar los habitantes de la Ciudad de Los Puentes para la compra de gas licuado. Un ahorro directo para el bolsillo de miles de familias que se han visto afectadas por la inflaci\u00f3n del pa\u00eds.&nbsp;<\/p>\n\n\n\n<p>La empresa GASCO S.A ser\u00e1 quien entregue los cilindros a un menor costo, luego de una previa inscripci\u00f3n que deber\u00e1 realizar la persona interesada con la Direcci\u00f3n de Desarrollo Comunitario del Municipio local. All\u00ed, asistentes sociales proceder\u00e1n a solicitar los datos para ingresarlos al sistema, quedando habilitado en un m\u00e1ximo de 48 horas.&nbsp;<\/p>\n\n\n\n<p>Seg\u00fan la informaci\u00f3n entregada por parte del alcalde Manuel Macaya Ram\u00edrez, la idea tambi\u00e9n es buscar otras alianzas para que la ciudadan\u00eda pueda optar a otras alternativas<em>. \u201cEsto&nbsp;<\/em><em>fortalece y reafirma la relaci\u00f3n p\u00fablico-privada. Hoy un vital elemento enfrenta un incremento importante para la econom\u00eda familiar, el costo de vida cada d\u00eda es m\u00e1s alto y se hace necesario que los gobiernos locales colaboren para un mejor pasar de nuestra gente. Actualmente firmamos con la empresa Gasco S.A, pero a corto plazo podr\u00eda ser Abastible o Lipigas, la idea tambi\u00e9n es apoyar a distribuidores locales en este proceso.\u201d<\/em>&nbsp;Dijo Macaya.&nbsp;<\/p>\n\n\n\n<p>Este beneficio universal y sin distinci\u00f3n, el ciudadano tendr\u00e1 que acreditar residencia en Collipulli y autom\u00e1ticamente podr\u00e1 adquirir cilindros de 5, 11,15 o 45 kilos para una carga mensual por cada inscrito.&nbsp;<\/p>\n","protected":false},"excerpt":{"rendered":"<div class=\"pvc_clear\"><\/div>\n<p id=\"pvc_stats_33010\" class=\"pvc_stats total_only  \" data-element-id=\"33010\" style=\"\"><i class=\"pvc-stats-icon large\" aria-hidden=\"true\"><svg aria-hidden=\"true\" focusable=\"false\" data-prefix=\"far\" data-icon=\"chart-bar\" role=\"img\" xmlns=\"http:\/\/www.w3.org\/2000\/svg\" viewBox=\"0 0 512 512\" class=\"svg-inline--fa fa-chart-bar fa-w-16 fa-2x\"><path fill=\"currentColor\" d=\"M396.8 352h22.4c6.4 0 12.8-6.4 12.8-12.8V108.8c0-6.4-6.4-12.8-12.8-12.8h-22.4c-6.4 0-12.8 6.4-12.8 12.8v230.4c0 6.4 6.4 12.8 12.8 12.8zm-192 0h22.4c6.4 0 12.8-6.4 12.8-12.8V140.8c0-6.4-6.4-12.8-12.8-12.8h-22.4c-6.4 0-12.8 6.4-12.8 12.8v198.4c0 6.4 6.4 12.8 12.8 12.8zm96 0h22.4c6.4 0 12.8-6.4 12.8-12.8V204.8c0-6.4-6.4-12.8-12.8-12.8h-22.4c-6.4 0-12.8 6.4-12.8 12.8v134.4c0 6.4 6.4 12.8 12.8 12.8zM496 400H48V80c0-8.84-7.16-16-16-16H16C7.16 64 0 71.16 0 80v336c0 17.67 14.33 32 32 32h464c8.84 0 16-7.16 16-16v-16c0-8.84-7.16-16-16-16zm-387.2-48h22.4c6.4 0 12.8-6.4 12.8-12.8v-70.4c0-6.4-6.4-12.8-12.8-12.8h-22.4c-6.4 0-12.8 6.4-12.8 12.8v70.4c0 6.4 6.4 12.8 12.8 12.8z\" class=\"\"><\/path><\/svg><\/i> <img loading=\"lazy\" decoding=\"async\" width=\"16\" height=\"16\" alt=\"Loading\" src=\"https:\/\/temucotelevision.cl\/web\/wp-content\/plugins\/page-views-count\/ajax-loader-2x.gif\" border=0 \/><\/p>\n<div class=\"pvc_clear\"><\/div>\n<p>Se trata de un acuerdo entre el Municipio local y GASCO S.A Un 15% de descuento podr\u00e1n alcanzar los habitantes<\/p>\n","protected":false},"author":1,"featured_media":33011,"comment_status":"open","ping_status":"open","sticky":false,"template":"","format":"standard","meta":{"colormag_page_container_layout":"default_layout","colormag_page_sidebar_layout":"default_layout","footnotes":""},"categories":[15],"tags":[202,4183,549,1560,2182],"class_list":["post-33010","post","type-post","status-publish","format-standard","has-post-thumbnail","hentry","category-la-araucania","tag-alcalde","tag-descuentos","tag-empresa","tag-gas","tag-precios"],"a3_pvc":{"activated":true,"total_views":31,"today_views":0},"_links":{"self":[{"href":"https:\/\/temucotelevision.cl\/web\/wp-json\/wp\/v2\/posts\/33010","targetHints":{"allow":["GET"]}}],"collection":[{"href":"https:\/\/temucotelevision.cl\/web\/wp-json\/wp\/v2\/posts"}],"about":[{"href":"https:\/\/temucotelevision.cl\/web\/wp-json\/wp\/v2\/types\/post"}],"author":[{"embeddable":true,"href":"https:\/\/temucotelevision.cl\/web\/wp-json\/wp\/v2\/users\/1"}],"replies":[{"embeddable":true,"href":"https:\/\/temucotelevision.cl\/web\/wp-json\/wp\/v2\/comments?post=33010"}],"version-history":[{"count":1,"href":"https:\/\/temucotelevision.cl\/web\/wp-json\/wp\/v2\/posts\/33010\/revisions"}],"predecessor-version":[{"id":33012,"href":"https:\/\/temucotelevision.cl\/web\/wp-json\/wp\/v2\/posts\/33010\/revisions\/33012"}],"wp:featuredmedia":[{"embeddable":true,"href":"https:\/\/temucotelevision.cl\/web\/wp-json\/wp\/v2\/media\/33011"}],"wp:attachment":[{"href":"https:\/\/temucotelevision.cl\/web\/wp-json\/wp\/v2\/media?parent=33010"}],"wp:term":[{"taxonomy":"category","embeddable":true,"href":"https:\/\/temucotelevision.cl\/web\/wp-json\/wp\/v2\/categories?post=33010"},{"taxonomy":"post_tag","embeddable":true,"href":"https:\/\/temucotelevision.cl\/web\/wp-json\/wp\/v2\/tags?post=33010"}],"curies":[{"name":"wp","href":"https:\/\/api.w.org\/{rel}","templated":true}]}}