{"id":33007,"date":"2022-06-28T13:33:53","date_gmt":"2022-06-28T16:33:53","guid":{"rendered":"https:\/\/temucotelevision.cl\/web\/?p=33007"},"modified":"2022-06-28T13:33:54","modified_gmt":"2022-06-28T16:33:54","slug":"observatorio-judicial-presenta-informe-sobre-homicidios-lesiones-y-amenazas-en-la-macrozona-sur-2018-2021","status":"publish","type":"post","link":"https:\/\/temucotelevision.cl\/web\/2022\/06\/28\/observatorio-judicial-presenta-informe-sobre-homicidios-lesiones-y-amenazas-en-la-macrozona-sur-2018-2021\/","title":{"rendered":"Observatorio Judicial presenta informe sobre homicidios, lesiones y amenazas en la Macrozona Sur 2018-2021"},"content":{"rendered":"<div class=\"pvc_clear\"><\/div><p id=\"pvc_stats_33007\" class=\"pvc_stats total_only  \" data-element-id=\"33007\" style=\"\"><i class=\"pvc-stats-icon large\" aria-hidden=\"true\"><svg aria-hidden=\"true\" focusable=\"false\" data-prefix=\"far\" data-icon=\"chart-bar\" role=\"img\" xmlns=\"http:\/\/www.w3.org\/2000\/svg\" viewBox=\"0 0 512 512\" class=\"svg-inline--fa fa-chart-bar fa-w-16 fa-2x\"><path fill=\"currentColor\" d=\"M396.8 352h22.4c6.4 0 12.8-6.4 12.8-12.8V108.8c0-6.4-6.4-12.8-12.8-12.8h-22.4c-6.4 0-12.8 6.4-12.8 12.8v230.4c0 6.4 6.4 12.8 12.8 12.8zm-192 0h22.4c6.4 0 12.8-6.4 12.8-12.8V140.8c0-6.4-6.4-12.8-12.8-12.8h-22.4c-6.4 0-12.8 6.4-12.8 12.8v198.4c0 6.4 6.4 12.8 12.8 12.8zm96 0h22.4c6.4 0 12.8-6.4 12.8-12.8V204.8c0-6.4-6.4-12.8-12.8-12.8h-22.4c-6.4 0-12.8 6.4-12.8 12.8v134.4c0 6.4 6.4 12.8 12.8 12.8zM496 400H48V80c0-8.84-7.16-16-16-16H16C7.16 64 0 71.16 0 80v336c0 17.67 14.33 32 32 32h464c8.84 0 16-7.16 16-16v-16c0-8.84-7.16-16-16-16zm-387.2-48h22.4c6.4 0 12.8-6.4 12.8-12.8v-70.4c0-6.4-6.4-12.8-12.8-12.8h-22.4c-6.4 0-12.8 6.4-12.8 12.8v70.4c0 6.4 6.4 12.8 12.8 12.8z\" class=\"\"><\/path><\/svg><\/i> <img loading=\"lazy\" decoding=\"async\" width=\"16\" height=\"16\" alt=\"Loading\" src=\"https:\/\/temucotelevision.cl\/web\/wp-content\/plugins\/page-views-count\/ajax-loader-2x.gif\" border=0 \/><\/p><div class=\"pvc_clear\"><\/div>\n<p><strong>\u201cApenas el 5% de las causas termina por sentencia condenatoria\u201d<\/strong><\/p>\n\n\n\n<p>Observatorio Judicial, con la colaboraci\u00f3n de la Multigremial de la Araucan\u00eda, presentan el nuevo informe sobre \u201cViolencia en la Macrozona Sur I: Homicidios, Lesiones y Amenazas&#8221;. El informe analiza las causas judiciales tramitadas por el sistema de justicia entre 2018 y 2021.<\/p>\n\n\n\n<p>Se observa un aumento sostenido en los ingresos de causas por homicidios, lesiones y amenazas a lo largo del periodo.&nbsp;<strong>Esta tendencia s\u00f3lo se ve interrumpida el segundo semestre de 2021, producto de la declaraci\u00f3n de estado de emergencia. A partir del 12 de octubre de 2021 ingresaron apenas 8 causas por las materias analizadas<\/strong>.<\/p>\n\n\n\n<p>Del total de 239 causas analizadas, un 33% se encuentra finalizada, mientras que el 67% a\u00fan est\u00e1 en tramitaci\u00f3n. Se observa que el 36% de las causas termina por decisi\u00f3n de no perseverar (28), lo cual se suma al 19% de causas respecto de las cuales se dicta archivo provisional (15)&nbsp;<strong>y apenas el 5% de las causas termina por sentencia condenatoria (4).&nbsp;<\/strong><\/p>\n\n\n\n<p><strong>\u201cLamentablemente, lo \u00fanico que ha servido para reducir los \u00edndices de violencia en la macrozona sur ha sido la declaraci\u00f3n del estado de excepci\u00f3n. El sistema judicial como un todo se muestra absolutamente incapaz de procesar satisfactoriamente las causas asociadas al conflicto de violencia sin generar en la poblaci\u00f3n una situaci\u00f3n de impunidad generalizada y no hay visos de que esta situaci\u00f3n vaya a cambiar en el futuro\u201d, se\u00f1ala Jos\u00e9 Miguel Aldunate, Director de Estudios del Observatorio Judicial y autor del informe.<\/strong><\/p>\n\n\n\n<p>A pesar del aumento en el n\u00famero de causas<strong>, no se observa un aumento correlativo en el n\u00famero de formalizaciones,<\/strong>&nbsp;que se mantiene constante a lo largo del tiempo. Esto indica que la efectividad de la persecuci\u00f3n penal es decreciente en t\u00e9rminos relativos. Esto se vincula estrechamente con el bajo n\u00famero de causas con imputado conocido, que en materia de homicidio alcanza apenas un 10%.<\/p>\n\n\n\n<p>Luego, al analizar las medidas cautelares, se observa que la principal medida cautelar decretada es la prohibici\u00f3n de acercarse a la v\u00edctima (12), seguida de la prisi\u00f3n preventiva (8).<\/p>\n\n\n\n<p><strong>\u201cEl Estado debe rendir cuentas por esta cultura de la impunidad que da cuenta el informe del Observatorio Judicial. Esto debe terminar. Sin justicia no hay paz ni libertad\u201d, afirma Patricio Santib\u00e1\u00f1ez, presidente de Multigremial de La Araucan\u00eda.&nbsp;<\/strong><\/p>\n\n\n\n<p><strong>El dirigente a\u00f1ade que, \u201cAd portas de solicitarse una nueva extensi\u00f3n del Estado de Emergencia llamamos al gobierno a que le saque el freno de manos y que este no sea acotado, sino que tenga cobertura en todo el territorio tanto para fines preventivos como tambi\u00e9n persecutorios\u201d.<a><\/a><\/strong><\/p>\n\n\n\n<p>Apenas el 20% de las causas comienza por denuncia, mientras que el 65% de las causas comienza por querella, de las cuales, m\u00e1s de la mitad corresponde a querellas de la Intendencia (46%). Lo anterior da cuenta de la relevancia del rol del Ejecutivo en la persecuci\u00f3n de los delitos cometidos en la Macrozona Sur.&nbsp;<strong>Sin la presentaci\u00f3n de querellas por el Ejecutivo, es probable que una proporci\u00f3n importante de las causas no se habr\u00eda judicializado.<\/strong><\/p>\n\n\n\n<p><strong>Revisar informe completo:&nbsp;<\/strong><a href=\"https:\/\/observatoriojudicial.org\/wp-content\/uploads\/2022\/06\/Informe-Homicidios-lesiones-y-amenazas-FINAL.pdf\" target=\"_blank\" rel=\"noreferrer noopener\"><strong>https:\/\/observatoriojudicial.org\/wp-content\/uploads\/2022\/06\/Informe-Homicidios-lesiones-y-amenazas-FINAL.pdf<\/strong><\/a><\/p>\n","protected":false},"excerpt":{"rendered":"<div class=\"pvc_clear\"><\/div>\n<p id=\"pvc_stats_33007\" class=\"pvc_stats total_only  \" data-element-id=\"33007\" style=\"\"><i class=\"pvc-stats-icon large\" aria-hidden=\"true\"><svg aria-hidden=\"true\" focusable=\"false\" data-prefix=\"far\" data-icon=\"chart-bar\" role=\"img\" xmlns=\"http:\/\/www.w3.org\/2000\/svg\" viewBox=\"0 0 512 512\" class=\"svg-inline--fa fa-chart-bar fa-w-16 fa-2x\"><path fill=\"currentColor\" d=\"M396.8 352h22.4c6.4 0 12.8-6.4 12.8-12.8V108.8c0-6.4-6.4-12.8-12.8-12.8h-22.4c-6.4 0-12.8 6.4-12.8 12.8v230.4c0 6.4 6.4 12.8 12.8 12.8zm-192 0h22.4c6.4 0 12.8-6.4 12.8-12.8V140.8c0-6.4-6.4-12.8-12.8-12.8h-22.4c-6.4 0-12.8 6.4-12.8 12.8v198.4c0 6.4 6.4 12.8 12.8 12.8zm96 0h22.4c6.4 0 12.8-6.4 12.8-12.8V204.8c0-6.4-6.4-12.8-12.8-12.8h-22.4c-6.4 0-12.8 6.4-12.8 12.8v134.4c0 6.4 6.4 12.8 12.8 12.8zM496 400H48V80c0-8.84-7.16-16-16-16H16C7.16 64 0 71.16 0 80v336c0 17.67 14.33 32 32 32h464c8.84 0 16-7.16 16-16v-16c0-8.84-7.16-16-16-16zm-387.2-48h22.4c6.4 0 12.8-6.4 12.8-12.8v-70.4c0-6.4-6.4-12.8-12.8-12.8h-22.4c-6.4 0-12.8 6.4-12.8 12.8v70.4c0 6.4 6.4 12.8 12.8 12.8z\" class=\"\"><\/path><\/svg><\/i> <img loading=\"lazy\" decoding=\"async\" width=\"16\" height=\"16\" alt=\"Loading\" src=\"https:\/\/temucotelevision.cl\/web\/wp-content\/plugins\/page-views-count\/ajax-loader-2x.gif\" border=0 \/><\/p>\n<div class=\"pvc_clear\"><\/div>\n<p>\u201cApenas el 5% de las causas termina por sentencia condenatoria\u201d Observatorio Judicial, con la colaboraci\u00f3n de la Multigremial de la<\/p>\n","protected":false},"author":1,"featured_media":33008,"comment_status":"open","ping_status":"open","sticky":false,"template":"","format":"standard","meta":{"colormag_page_container_layout":"default_layout","colormag_page_sidebar_layout":"default_layout","footnotes":""},"categories":[14],"tags":[2432,4110,1728,1697],"class_list":["post-33007","post","type-post","status-publish","format-standard","has-post-thumbnail","hentry","category-temuco","tag-informe","tag-macrozona-sur","tag-multigremial","tag-observatorio"],"a3_pvc":{"activated":true,"total_views":42,"today_views":0},"_links":{"self":[{"href":"https:\/\/temucotelevision.cl\/web\/wp-json\/wp\/v2\/posts\/33007","targetHints":{"allow":["GET"]}}],"collection":[{"href":"https:\/\/temucotelevision.cl\/web\/wp-json\/wp\/v2\/posts"}],"about":[{"href":"https:\/\/temucotelevision.cl\/web\/wp-json\/wp\/v2\/types\/post"}],"author":[{"embeddable":true,"href":"https:\/\/temucotelevision.cl\/web\/wp-json\/wp\/v2\/users\/1"}],"replies":[{"embeddable":true,"href":"https:\/\/temucotelevision.cl\/web\/wp-json\/wp\/v2\/comments?post=33007"}],"version-history":[{"count":1,"href":"https:\/\/temucotelevision.cl\/web\/wp-json\/wp\/v2\/posts\/33007\/revisions"}],"predecessor-version":[{"id":33009,"href":"https:\/\/temucotelevision.cl\/web\/wp-json\/wp\/v2\/posts\/33007\/revisions\/33009"}],"wp:featuredmedia":[{"embeddable":true,"href":"https:\/\/temucotelevision.cl\/web\/wp-json\/wp\/v2\/media\/33008"}],"wp:attachment":[{"href":"https:\/\/temucotelevision.cl\/web\/wp-json\/wp\/v2\/media?parent=33007"}],"wp:term":[{"taxonomy":"category","embeddable":true,"href":"https:\/\/temucotelevision.cl\/web\/wp-json\/wp\/v2\/categories?post=33007"},{"taxonomy":"post_tag","embeddable":true,"href":"https:\/\/temucotelevision.cl\/web\/wp-json\/wp\/v2\/tags?post=33007"}],"curies":[{"name":"wp","href":"https:\/\/api.w.org\/{rel}","templated":true}]}}