{"id":32687,"date":"2022-06-14T09:37:18","date_gmt":"2022-06-14T12:37:18","guid":{"rendered":"https:\/\/temucotelevision.cl\/web\/?p=32687"},"modified":"2022-06-14T09:37:19","modified_gmt":"2022-06-14T12:37:19","slug":"senadora-carmen-gloria-aravena-llama-al-gobierno-a-instaurar-mesa-de-reparacion-y-justicia-para-las-victimas-del-terrorismo-en-la-macrozona-sur","status":"publish","type":"post","link":"https:\/\/temucotelevision.cl\/web\/2022\/06\/14\/senadora-carmen-gloria-aravena-llama-al-gobierno-a-instaurar-mesa-de-reparacion-y-justicia-para-las-victimas-del-terrorismo-en-la-macrozona-sur\/","title":{"rendered":"Senadora Carmen Gloria Aravena llama al gobierno a instaurar \u201cmesa de reparaci\u00f3n y justicia\u201d para las v\u00edctimas del terrorismo en la Macrozona Sur"},"content":{"rendered":"<div class=\"pvc_clear\"><\/div><p id=\"pvc_stats_32687\" class=\"pvc_stats total_only  \" data-element-id=\"32687\" style=\"\"><i class=\"pvc-stats-icon large\" aria-hidden=\"true\"><svg aria-hidden=\"true\" focusable=\"false\" data-prefix=\"far\" data-icon=\"chart-bar\" role=\"img\" xmlns=\"http:\/\/www.w3.org\/2000\/svg\" viewBox=\"0 0 512 512\" class=\"svg-inline--fa fa-chart-bar fa-w-16 fa-2x\"><path fill=\"currentColor\" d=\"M396.8 352h22.4c6.4 0 12.8-6.4 12.8-12.8V108.8c0-6.4-6.4-12.8-12.8-12.8h-22.4c-6.4 0-12.8 6.4-12.8 12.8v230.4c0 6.4 6.4 12.8 12.8 12.8zm-192 0h22.4c6.4 0 12.8-6.4 12.8-12.8V140.8c0-6.4-6.4-12.8-12.8-12.8h-22.4c-6.4 0-12.8 6.4-12.8 12.8v198.4c0 6.4 6.4 12.8 12.8 12.8zm96 0h22.4c6.4 0 12.8-6.4 12.8-12.8V204.8c0-6.4-6.4-12.8-12.8-12.8h-22.4c-6.4 0-12.8 6.4-12.8 12.8v134.4c0 6.4 6.4 12.8 12.8 12.8zM496 400H48V80c0-8.84-7.16-16-16-16H16C7.16 64 0 71.16 0 80v336c0 17.67 14.33 32 32 32h464c8.84 0 16-7.16 16-16v-16c0-8.84-7.16-16-16-16zm-387.2-48h22.4c6.4 0 12.8-6.4 12.8-12.8v-70.4c0-6.4-6.4-12.8-12.8-12.8h-22.4c-6.4 0-12.8 6.4-12.8 12.8v70.4c0 6.4 6.4 12.8 12.8 12.8z\" class=\"\"><\/path><\/svg><\/i> <img loading=\"lazy\" decoding=\"async\" width=\"16\" height=\"16\" alt=\"Loading\" src=\"https:\/\/temucotelevision.cl\/web\/wp-content\/plugins\/page-views-count\/ajax-loader-2x.gif\" border=0 \/><\/p><div class=\"pvc_clear\"><\/div>\n<p>&nbsp;<\/p>\n\n\n\n<p>\u2022&nbsp;Parlamentaria por La Araucan\u00eda afirm\u00f3&nbsp;que es obligaci\u00f3n del Estado resarcir el da\u00f1o no s\u00f3lo material, sino que emocional, que ha provocado durante a\u00f1os la violencia desbordada&nbsp;en la Macrozona Sur y asegur\u00f3 que los afectados no pueden seguir esperando.<\/p>\n\n\n\n<p>&nbsp;<\/p>\n\n\n\n<p>Un llamado al gobierno areconocer de forma concreta la existencia de violaciones a los derechos humanos en la Macrozona Sur y conformar una \u201cmesa de reparaci\u00f3n y justicia\u201d que indemnice a los afectados por la violencia terrorista, hizo la Senadora por La Araucan\u00eda, Carmen Gloria Aravena.<\/p>\n\n\n\n<p>La congresista realiz\u00f3&nbsp;esta solicitud en un contexto donde han recrudecido los ataques en esa parte del pa\u00eds, con atentados a&nbsp;personas,&nbsp;y a&nbsp;diferentes predios, instalaciones y maquinaria&nbsp;en las regiones de la Araucan\u00eda y Bio B\u00edo, y que desde enero&nbsp;de este a\u00f1o a la fecha,&nbsp;le ha costado la vida a siete personas a manos de las organizaciones criminales que ah\u00ed operan.<\/p>\n\n\n\n<p>La Senadora Aravena se\u00f1al\u00f3, que por muchos a\u00f1os se ha invisibilizado a las v\u00edctimas de la violencia que se registra en la Macrozona Sur, que incluye a personas que han perdido la vida, usurpaci\u00f3n de terrenos, agresiones con armas de fuego, incendios a predios y maquinaria, entre otros delitos graves que se comenten con frecuencia. \u201cEn la Araucan\u00eda y el Bio B\u00edo se registra una constante y flagrante violaci\u00f3n a los derechos humanos de sus habitantes, una vulneraci\u00f3n de su derecho fundamental a vivir en paz, a poder trabajar con normalidad, a que se respete su propiedad privada y una serie de otras vulneraciones de las que el Estado no se ha hecho cargo, dej\u00e1ndolos en la m\u00e1s absoluta indefensi\u00f3n\u201d.<\/p>\n\n\n\n<p>En la misma l\u00ednea, la parlamentaria agreg\u00f3 que \u201cas\u00ed como se han establecido mesas para reparar a v\u00edctimas en otras circunstancias de hechos de violencia, es de toda justicia que el Estado, y el gobierno como administrador del aparato estatal, asuma la responsabilidad que le cabe en la vulneraci\u00f3n de los derechos fundamentales de los chilenos que han sido v\u00edctimas de la violencia en la Macrozona Sur\u201d.<\/p>\n\n\n\n<p>La Senadora Aravena record\u00f3 que en los \u00faltimos a\u00f1os se han anunciado iniciativas que apuntan a reparar a las v\u00edctimas de la violencia en esa parte del pa\u00eds,&nbsp;pero ninguna ha prosperado, mientras las v\u00edctimas contin\u00faan esperando una justa reparaci\u00f3n por el da\u00f1o causado y por la incapacidad del&nbsp;Estado de garantizar un derecho tan fundamental como es vivir en paz\u201d.<\/p>\n\n\n\n<p>\u201cAqu\u00ed hay que&nbsp;puntualizar&nbsp;que son miles las v\u00edctimas de la violencia terrorista en La Araucan\u00eda y Bio B\u00edo, tanto directa como indirectamente, que llevan a\u00f1os esperando una respuesta del Estado al da\u00f1o que les ha causado la incapacidad de \u00e9ste de garantizarles su seguridad y la de sus familias, entendiendo que todos quienes viven en La Araucan\u00eda son chilenos que tienen los mismos derechos que el resto de los ciudadanos del pa\u00eds, y que esperan que rija la igualdad ante la ley. Entonces, si el Estado ha desembolsado millones de d\u00f3lares en reparar a v\u00edctimas&nbsp;de&nbsp;la violencia en distintas circunstancias, no hay raz\u00f3n para que en el caso de la Macrozona Sur no se aplique el mismo criterio, cuando el Estado ha sido incapaz de ofrecer a sus habitantes un m\u00ednimo de seguridad\u201d, enfatiz\u00f3 Carmen Gloria Aravena.<\/p>\n\n\n\n<p>\u201cSalvo que el gobierno considere a los chilenos de la Macrozona Sur, ciudadanos de segunda clase, no veo raz\u00f3n para que no se instaure en el breve plazo una mesa de reparaci\u00f3n y justicia en este caso, ya que s\u00f3lo se requiere de voluntad pol\u00edtica del gobierno. Veremos qu\u00e9 disponibilidad tiene el Presidente Boric de impulsar una iniciativa de este tipo\u201d, finaliz\u00f3 la parlamentaria.<\/p>\n","protected":false},"excerpt":{"rendered":"<div class=\"pvc_clear\"><\/div>\n<p id=\"pvc_stats_32687\" class=\"pvc_stats total_only  \" data-element-id=\"32687\" style=\"\"><i class=\"pvc-stats-icon large\" aria-hidden=\"true\"><svg aria-hidden=\"true\" focusable=\"false\" data-prefix=\"far\" data-icon=\"chart-bar\" role=\"img\" xmlns=\"http:\/\/www.w3.org\/2000\/svg\" viewBox=\"0 0 512 512\" class=\"svg-inline--fa fa-chart-bar fa-w-16 fa-2x\"><path fill=\"currentColor\" d=\"M396.8 352h22.4c6.4 0 12.8-6.4 12.8-12.8V108.8c0-6.4-6.4-12.8-12.8-12.8h-22.4c-6.4 0-12.8 6.4-12.8 12.8v230.4c0 6.4 6.4 12.8 12.8 12.8zm-192 0h22.4c6.4 0 12.8-6.4 12.8-12.8V140.8c0-6.4-6.4-12.8-12.8-12.8h-22.4c-6.4 0-12.8 6.4-12.8 12.8v198.4c0 6.4 6.4 12.8 12.8 12.8zm96 0h22.4c6.4 0 12.8-6.4 12.8-12.8V204.8c0-6.4-6.4-12.8-12.8-12.8h-22.4c-6.4 0-12.8 6.4-12.8 12.8v134.4c0 6.4 6.4 12.8 12.8 12.8zM496 400H48V80c0-8.84-7.16-16-16-16H16C7.16 64 0 71.16 0 80v336c0 17.67 14.33 32 32 32h464c8.84 0 16-7.16 16-16v-16c0-8.84-7.16-16-16-16zm-387.2-48h22.4c6.4 0 12.8-6.4 12.8-12.8v-70.4c0-6.4-6.4-12.8-12.8-12.8h-22.4c-6.4 0-12.8 6.4-12.8 12.8v70.4c0 6.4 6.4 12.8 12.8 12.8z\" class=\"\"><\/path><\/svg><\/i> <img loading=\"lazy\" decoding=\"async\" width=\"16\" height=\"16\" alt=\"Loading\" src=\"https:\/\/temucotelevision.cl\/web\/wp-content\/plugins\/page-views-count\/ajax-loader-2x.gif\" border=0 \/><\/p>\n<div class=\"pvc_clear\"><\/div>\n<p>&nbsp; \u2022&nbsp;Parlamentaria por La Araucan\u00eda afirm\u00f3&nbsp;que es obligaci\u00f3n del Estado resarcir el da\u00f1o no s\u00f3lo material, sino que emocional, que<\/p>\n","protected":false},"author":1,"featured_media":12133,"comment_status":"open","ping_status":"open","sticky":false,"template":"","format":"standard","meta":{"colormag_page_container_layout":"default_layout","colormag_page_sidebar_layout":"default_layout","footnotes":""},"categories":[84],"tags":[2065],"class_list":["post-32687","post","type-post","status-publish","format-standard","has-post-thumbnail","hentry","category-politica","tag-senadora"],"a3_pvc":{"activated":true,"total_views":19,"today_views":0},"_links":{"self":[{"href":"https:\/\/temucotelevision.cl\/web\/wp-json\/wp\/v2\/posts\/32687","targetHints":{"allow":["GET"]}}],"collection":[{"href":"https:\/\/temucotelevision.cl\/web\/wp-json\/wp\/v2\/posts"}],"about":[{"href":"https:\/\/temucotelevision.cl\/web\/wp-json\/wp\/v2\/types\/post"}],"author":[{"embeddable":true,"href":"https:\/\/temucotelevision.cl\/web\/wp-json\/wp\/v2\/users\/1"}],"replies":[{"embeddable":true,"href":"https:\/\/temucotelevision.cl\/web\/wp-json\/wp\/v2\/comments?post=32687"}],"version-history":[{"count":1,"href":"https:\/\/temucotelevision.cl\/web\/wp-json\/wp\/v2\/posts\/32687\/revisions"}],"predecessor-version":[{"id":32688,"href":"https:\/\/temucotelevision.cl\/web\/wp-json\/wp\/v2\/posts\/32687\/revisions\/32688"}],"wp:featuredmedia":[{"embeddable":true,"href":"https:\/\/temucotelevision.cl\/web\/wp-json\/wp\/v2\/media\/12133"}],"wp:attachment":[{"href":"https:\/\/temucotelevision.cl\/web\/wp-json\/wp\/v2\/media?parent=32687"}],"wp:term":[{"taxonomy":"category","embeddable":true,"href":"https:\/\/temucotelevision.cl\/web\/wp-json\/wp\/v2\/categories?post=32687"},{"taxonomy":"post_tag","embeddable":true,"href":"https:\/\/temucotelevision.cl\/web\/wp-json\/wp\/v2\/tags?post=32687"}],"curies":[{"name":"wp","href":"https:\/\/api.w.org\/{rel}","templated":true}]}}