{"id":32684,"date":"2022-06-13T23:23:16","date_gmt":"2022-06-14T02:23:16","guid":{"rendered":"https:\/\/temucotelevision.cl\/web\/?p=32684"},"modified":"2022-06-13T23:23:17","modified_gmt":"2022-06-14T02:23:17","slug":"en-temuco-se-desarrollara-el-primer-consejo-regional-de-seguridad-publica","status":"publish","type":"post","link":"https:\/\/temucotelevision.cl\/web\/2022\/06\/13\/en-temuco-se-desarrollara-el-primer-consejo-regional-de-seguridad-publica\/","title":{"rendered":"En Temuco se desarrollar\u00e1 el Primer Consejo Regional de Seguridad P\u00fablica"},"content":{"rendered":"<div class=\"pvc_clear\"><\/div><p id=\"pvc_stats_32684\" class=\"pvc_stats total_only  \" data-element-id=\"32684\" style=\"\"><i class=\"pvc-stats-icon large\" aria-hidden=\"true\"><svg aria-hidden=\"true\" focusable=\"false\" data-prefix=\"far\" data-icon=\"chart-bar\" role=\"img\" xmlns=\"http:\/\/www.w3.org\/2000\/svg\" viewBox=\"0 0 512 512\" class=\"svg-inline--fa fa-chart-bar fa-w-16 fa-2x\"><path fill=\"currentColor\" d=\"M396.8 352h22.4c6.4 0 12.8-6.4 12.8-12.8V108.8c0-6.4-6.4-12.8-12.8-12.8h-22.4c-6.4 0-12.8 6.4-12.8 12.8v230.4c0 6.4 6.4 12.8 12.8 12.8zm-192 0h22.4c6.4 0 12.8-6.4 12.8-12.8V140.8c0-6.4-6.4-12.8-12.8-12.8h-22.4c-6.4 0-12.8 6.4-12.8 12.8v198.4c0 6.4 6.4 12.8 12.8 12.8zm96 0h22.4c6.4 0 12.8-6.4 12.8-12.8V204.8c0-6.4-6.4-12.8-12.8-12.8h-22.4c-6.4 0-12.8 6.4-12.8 12.8v134.4c0 6.4 6.4 12.8 12.8 12.8zM496 400H48V80c0-8.84-7.16-16-16-16H16C7.16 64 0 71.16 0 80v336c0 17.67 14.33 32 32 32h464c8.84 0 16-7.16 16-16v-16c0-8.84-7.16-16-16-16zm-387.2-48h22.4c6.4 0 12.8-6.4 12.8-12.8v-70.4c0-6.4-6.4-12.8-12.8-12.8h-22.4c-6.4 0-12.8 6.4-12.8 12.8v70.4c0 6.4 6.4 12.8 12.8 12.8z\" class=\"\"><\/path><\/svg><\/i> <img loading=\"lazy\" decoding=\"async\" width=\"16\" height=\"16\" alt=\"Loading\" src=\"https:\/\/temucotelevision.cl\/web\/wp-content\/plugins\/page-views-count\/ajax-loader-2x.gif\" border=0 \/><\/p><div class=\"pvc_clear\"><\/div>\n<p>Este mi\u00e9rcoles 15 de junio, en dependencias del Estadio Germ\u00e1n Becker se realizar\u00e1 el Primer Consejo Regional de Seguridad P\u00fablica del a\u00f1o 2022, el cual busca delinear el Plan Regional de Seguridad P\u00fablica para el periodo 2022 \u2013 2023.<\/p>\n\n\n\n<p>As\u00ed lo anunci\u00f3 el Delegado Presidencial Regional, Ra\u00fal Allard, quien adelant\u00f3 que \u201ceste encuentro es la m\u00e1xima instancia pol\u00edtico-p\u00fablica ocurrida en La Araucan\u00eda y se enmarca en una planificaci\u00f3n anual que lidera el Gobierno del Presidente Gabriel Boric. Por ello, a este Consejo est\u00e1n convocados todos los alcaldes y principales autoridades regionales de gobierno en materia de prevenci\u00f3n del delito\u201d.&nbsp;<\/p>\n\n\n\n<p>El dise\u00f1o de la actividad incluye una ceremonia de apertura, en la cual se identificar\u00e1 el diagn\u00f3stico elaborado por la Subsecretar\u00eda de la Prevenci\u00f3n del Delito, que identifica las prioridades en materia de delitos, incivilidades y problemas emergentes en la regi\u00f3n.<\/p>\n\n\n\n<p>\u201cEste trabajo implic\u00f3 un proceso de an\u00e1lisis de fuentes de informaci\u00f3n de fuentes oficiales, provenientes del Instituto Nacional de Estad\u00edsticas (INE) y datos de Carabineros de Chile, as\u00ed como el levantamiento de informaci\u00f3n de las 32 comunas de La Araucan\u00eda. Con esto se busc\u00f3 ampliar la participaci\u00f3n de los municipios, ya que existe una brecha de informaci\u00f3n estad\u00edstica, derivado de la ausencia de datos, producto del temor o desconocimiento a denunciar por parte de la ciudadan\u00eda\u201d, explic\u00f3 Francisco Vega, coordinador regional de Seguridad P\u00fablica.<\/p>\n\n\n\n<p>La actividad se enmarca dentro del trabajo colaborativo entre la Delegaci\u00f3n Presidencial Regional, liderada por Ra\u00fal Allard Soto y la Subsecretar\u00eda de la Prevenci\u00f3n del Delito, de la cual depende la Coordinaci\u00f3n Regional de Seguridad P\u00fablica. Este ciclo de Consejos, tendr\u00e1 un segundo encuentro el pr\u00f3ximo mes de julio y luego un tercero para el mes de diciembre.&nbsp;<\/p>\n\n\n\n<p>\u201cCon estas jornadas, se busca darle continuidad a la labor del Gobierno del Presidente Gabriel Boric por implementar acciones centradas en la prevenci\u00f3n y mayor seguridad para las personas, sus barrios y asentamientos rurales, en cada una de las comunas de nuestra regi\u00f3n de La Araucan\u00eda\u201d, afirm\u00f3 Allard.<\/p>\n\n\n\n<p><strong>Lunes 13 de junio de 2022.<\/strong><\/p>\n","protected":false},"excerpt":{"rendered":"<div class=\"pvc_clear\"><\/div>\n<p id=\"pvc_stats_32684\" class=\"pvc_stats total_only  \" data-element-id=\"32684\" style=\"\"><i class=\"pvc-stats-icon large\" aria-hidden=\"true\"><svg aria-hidden=\"true\" focusable=\"false\" data-prefix=\"far\" data-icon=\"chart-bar\" role=\"img\" xmlns=\"http:\/\/www.w3.org\/2000\/svg\" viewBox=\"0 0 512 512\" class=\"svg-inline--fa fa-chart-bar fa-w-16 fa-2x\"><path fill=\"currentColor\" d=\"M396.8 352h22.4c6.4 0 12.8-6.4 12.8-12.8V108.8c0-6.4-6.4-12.8-12.8-12.8h-22.4c-6.4 0-12.8 6.4-12.8 12.8v230.4c0 6.4 6.4 12.8 12.8 12.8zm-192 0h22.4c6.4 0 12.8-6.4 12.8-12.8V140.8c0-6.4-6.4-12.8-12.8-12.8h-22.4c-6.4 0-12.8 6.4-12.8 12.8v198.4c0 6.4 6.4 12.8 12.8 12.8zm96 0h22.4c6.4 0 12.8-6.4 12.8-12.8V204.8c0-6.4-6.4-12.8-12.8-12.8h-22.4c-6.4 0-12.8 6.4-12.8 12.8v134.4c0 6.4 6.4 12.8 12.8 12.8zM496 400H48V80c0-8.84-7.16-16-16-16H16C7.16 64 0 71.16 0 80v336c0 17.67 14.33 32 32 32h464c8.84 0 16-7.16 16-16v-16c0-8.84-7.16-16-16-16zm-387.2-48h22.4c6.4 0 12.8-6.4 12.8-12.8v-70.4c0-6.4-6.4-12.8-12.8-12.8h-22.4c-6.4 0-12.8 6.4-12.8 12.8v70.4c0 6.4 6.4 12.8 12.8 12.8z\" class=\"\"><\/path><\/svg><\/i> <img loading=\"lazy\" decoding=\"async\" width=\"16\" height=\"16\" alt=\"Loading\" src=\"https:\/\/temucotelevision.cl\/web\/wp-content\/plugins\/page-views-count\/ajax-loader-2x.gif\" border=0 \/><\/p>\n<div class=\"pvc_clear\"><\/div>\n<p>Este mi\u00e9rcoles 15 de junio, en dependencias del Estadio Germ\u00e1n Becker se realizar\u00e1 el Primer Consejo Regional de Seguridad P\u00fablica<\/p>\n","protected":false},"author":1,"featured_media":32685,"comment_status":"open","ping_status":"open","sticky":false,"template":"","format":"standard","meta":{"colormag_page_container_layout":"default_layout","colormag_page_sidebar_layout":"default_layout","footnotes":""},"categories":[14],"tags":[745,966,466,399],"class_list":["post-32684","post","type-post","status-publish","format-standard","has-post-thumbnail","hentry","category-temuco","tag-autoridades","tag-consejo","tag-estadio","tag-seguridad"],"a3_pvc":{"activated":true,"total_views":74,"today_views":0},"_links":{"self":[{"href":"https:\/\/temucotelevision.cl\/web\/wp-json\/wp\/v2\/posts\/32684","targetHints":{"allow":["GET"]}}],"collection":[{"href":"https:\/\/temucotelevision.cl\/web\/wp-json\/wp\/v2\/posts"}],"about":[{"href":"https:\/\/temucotelevision.cl\/web\/wp-json\/wp\/v2\/types\/post"}],"author":[{"embeddable":true,"href":"https:\/\/temucotelevision.cl\/web\/wp-json\/wp\/v2\/users\/1"}],"replies":[{"embeddable":true,"href":"https:\/\/temucotelevision.cl\/web\/wp-json\/wp\/v2\/comments?post=32684"}],"version-history":[{"count":1,"href":"https:\/\/temucotelevision.cl\/web\/wp-json\/wp\/v2\/posts\/32684\/revisions"}],"predecessor-version":[{"id":32686,"href":"https:\/\/temucotelevision.cl\/web\/wp-json\/wp\/v2\/posts\/32684\/revisions\/32686"}],"wp:featuredmedia":[{"embeddable":true,"href":"https:\/\/temucotelevision.cl\/web\/wp-json\/wp\/v2\/media\/32685"}],"wp:attachment":[{"href":"https:\/\/temucotelevision.cl\/web\/wp-json\/wp\/v2\/media?parent=32684"}],"wp:term":[{"taxonomy":"category","embeddable":true,"href":"https:\/\/temucotelevision.cl\/web\/wp-json\/wp\/v2\/categories?post=32684"},{"taxonomy":"post_tag","embeddable":true,"href":"https:\/\/temucotelevision.cl\/web\/wp-json\/wp\/v2\/tags?post=32684"}],"curies":[{"name":"wp","href":"https:\/\/api.w.org\/{rel}","templated":true}]}}