{"id":32678,"date":"2022-06-13T16:20:43","date_gmt":"2022-06-13T19:20:43","guid":{"rendered":"https:\/\/temucotelevision.cl\/web\/?p=32678"},"modified":"2022-06-13T16:20:43","modified_gmt":"2022-06-13T19:20:43","slug":"director-de-gendarmeria-en-la-araucania-saluda-a-la-pdi-en-su-aniversario-no-89","status":"publish","type":"post","link":"https:\/\/temucotelevision.cl\/web\/2022\/06\/13\/director-de-gendarmeria-en-la-araucania-saluda-a-la-pdi-en-su-aniversario-no-89\/","title":{"rendered":"Director de Gendarmer\u00eda en La Araucan\u00eda saluda a la PDI en su Aniversario N\u00ba 89"},"content":{"rendered":"<div class=\"pvc_clear\"><\/div><p id=\"pvc_stats_32678\" class=\"pvc_stats total_only  \" data-element-id=\"32678\" style=\"\"><i class=\"pvc-stats-icon large\" aria-hidden=\"true\"><svg aria-hidden=\"true\" focusable=\"false\" data-prefix=\"far\" data-icon=\"chart-bar\" role=\"img\" xmlns=\"http:\/\/www.w3.org\/2000\/svg\" viewBox=\"0 0 512 512\" class=\"svg-inline--fa fa-chart-bar fa-w-16 fa-2x\"><path fill=\"currentColor\" d=\"M396.8 352h22.4c6.4 0 12.8-6.4 12.8-12.8V108.8c0-6.4-6.4-12.8-12.8-12.8h-22.4c-6.4 0-12.8 6.4-12.8 12.8v230.4c0 6.4 6.4 12.8 12.8 12.8zm-192 0h22.4c6.4 0 12.8-6.4 12.8-12.8V140.8c0-6.4-6.4-12.8-12.8-12.8h-22.4c-6.4 0-12.8 6.4-12.8 12.8v198.4c0 6.4 6.4 12.8 12.8 12.8zm96 0h22.4c6.4 0 12.8-6.4 12.8-12.8V204.8c0-6.4-6.4-12.8-12.8-12.8h-22.4c-6.4 0-12.8 6.4-12.8 12.8v134.4c0 6.4 6.4 12.8 12.8 12.8zM496 400H48V80c0-8.84-7.16-16-16-16H16C7.16 64 0 71.16 0 80v336c0 17.67 14.33 32 32 32h464c8.84 0 16-7.16 16-16v-16c0-8.84-7.16-16-16-16zm-387.2-48h22.4c6.4 0 12.8-6.4 12.8-12.8v-70.4c0-6.4-6.4-12.8-12.8-12.8h-22.4c-6.4 0-12.8 6.4-12.8 12.8v70.4c0 6.4 6.4 12.8 12.8 12.8z\" class=\"\"><\/path><\/svg><\/i> <img loading=\"lazy\" decoding=\"async\" width=\"16\" height=\"16\" alt=\"Loading\" src=\"https:\/\/temucotelevision.cl\/web\/wp-content\/plugins\/page-views-count\/ajax-loader-2x.gif\" border=0 \/><\/p><div class=\"pvc_clear\"><\/div>\n<p><em>Director Regional de Gendarmer\u00eda de La Araucan\u00eda entrega un saludo especial&nbsp;&nbsp;<\/em><\/p>\n\n\n\n<p><em>a la m\u00e1xima autoridad regional de la PDI en el Marco de si aniversario N\u00b0 89&nbsp;<\/em><\/p>\n\n\n\n<p>Un afectuoso saludo entreg\u00f3 el Director Regional de Gendarmer\u00eda de Chile en la Regi\u00f3n de La Araucan\u00eda, Coronel Juan J. Navarrete Gamboa&nbsp;&nbsp;a la Jefa Regional de la Polic\u00eda de Investigaciones (PDI) Prefecta Inspectora Consuelo Pe\u00f1a San Miguel.&nbsp;&nbsp;<\/p>\n\n\n\n<p>Es as\u00ed como en nombre propio y de los Oficiales, Sub. Oficiales, Profesionales, T\u00e9cnicos y Administrativos que laboran en Gendarmer\u00eda en esta Regi\u00f3n, entreg\u00f3 un saludo y un presente a la m\u00e1xima autoridad regional de la PDI, en el Marco del Aniversario Institucional N\u00b0 89, el que se llev\u00f3 a cabo con un desayuno especial en la Unidad Policial de calle Balmaceda, donde participaron diversas autoridades locales y regionales.&nbsp;&nbsp;<\/p>\n\n\n\n<p>Al respecto, dentro de los principales temas abordados por las autoridades fue la importancia del trabajo mancomunado y reconocer la importante labor que la PDI realiza en beneficio a la comunidad. Y es as\u00ed que como Instituci\u00f3n tambi\u00e9n consideramos importante fortalecer las coordinaciones y los trabajos en conjunto por la seguridad de las personas privadas de libertad y la ciudadan\u00eda.&nbsp;&nbsp;<\/p>\n\n\n\n<p>Cabe recordar que este es el primer festejo que la Jefa Regional Prefecta Inspectora Consuelo Pe\u00f1a San Miguel conmemora al mando de la polic\u00eda civil de la regi\u00f3n, ya que tom\u00f3 posesi\u00f3n del cargo el pasado 5 de Octubre del a\u00f1o 2021.&nbsp;<\/p>\n","protected":false},"excerpt":{"rendered":"<div class=\"pvc_clear\"><\/div>\n<p id=\"pvc_stats_32678\" class=\"pvc_stats total_only  \" data-element-id=\"32678\" style=\"\"><i class=\"pvc-stats-icon large\" aria-hidden=\"true\"><svg aria-hidden=\"true\" focusable=\"false\" data-prefix=\"far\" data-icon=\"chart-bar\" role=\"img\" xmlns=\"http:\/\/www.w3.org\/2000\/svg\" viewBox=\"0 0 512 512\" class=\"svg-inline--fa fa-chart-bar fa-w-16 fa-2x\"><path fill=\"currentColor\" d=\"M396.8 352h22.4c6.4 0 12.8-6.4 12.8-12.8V108.8c0-6.4-6.4-12.8-12.8-12.8h-22.4c-6.4 0-12.8 6.4-12.8 12.8v230.4c0 6.4 6.4 12.8 12.8 12.8zm-192 0h22.4c6.4 0 12.8-6.4 12.8-12.8V140.8c0-6.4-6.4-12.8-12.8-12.8h-22.4c-6.4 0-12.8 6.4-12.8 12.8v198.4c0 6.4 6.4 12.8 12.8 12.8zm96 0h22.4c6.4 0 12.8-6.4 12.8-12.8V204.8c0-6.4-6.4-12.8-12.8-12.8h-22.4c-6.4 0-12.8 6.4-12.8 12.8v134.4c0 6.4 6.4 12.8 12.8 12.8zM496 400H48V80c0-8.84-7.16-16-16-16H16C7.16 64 0 71.16 0 80v336c0 17.67 14.33 32 32 32h464c8.84 0 16-7.16 16-16v-16c0-8.84-7.16-16-16-16zm-387.2-48h22.4c6.4 0 12.8-6.4 12.8-12.8v-70.4c0-6.4-6.4-12.8-12.8-12.8h-22.4c-6.4 0-12.8 6.4-12.8 12.8v70.4c0 6.4 6.4 12.8 12.8 12.8z\" class=\"\"><\/path><\/svg><\/i> <img loading=\"lazy\" decoding=\"async\" width=\"16\" height=\"16\" alt=\"Loading\" src=\"https:\/\/temucotelevision.cl\/web\/wp-content\/plugins\/page-views-count\/ajax-loader-2x.gif\" border=0 \/><\/p>\n<div class=\"pvc_clear\"><\/div>\n<p>Director Regional de Gendarmer\u00eda de La Araucan\u00eda entrega un saludo especial&nbsp;&nbsp; a la m\u00e1xima autoridad regional de la PDI en<\/p>\n","protected":false},"author":1,"featured_media":32679,"comment_status":"open","ping_status":"open","sticky":false,"template":"","format":"standard","meta":{"colormag_page_container_layout":"default_layout","colormag_page_sidebar_layout":"default_layout","footnotes":""},"categories":[14],"tags":[496,337,326,76],"class_list":["post-32678","post","type-post","status-publish","format-standard","has-post-thumbnail","hentry","category-temuco","tag-aniversario","tag-director","tag-gendarmeria","tag-pdi"],"a3_pvc":{"activated":true,"total_views":115,"today_views":0},"_links":{"self":[{"href":"https:\/\/temucotelevision.cl\/web\/wp-json\/wp\/v2\/posts\/32678","targetHints":{"allow":["GET"]}}],"collection":[{"href":"https:\/\/temucotelevision.cl\/web\/wp-json\/wp\/v2\/posts"}],"about":[{"href":"https:\/\/temucotelevision.cl\/web\/wp-json\/wp\/v2\/types\/post"}],"author":[{"embeddable":true,"href":"https:\/\/temucotelevision.cl\/web\/wp-json\/wp\/v2\/users\/1"}],"replies":[{"embeddable":true,"href":"https:\/\/temucotelevision.cl\/web\/wp-json\/wp\/v2\/comments?post=32678"}],"version-history":[{"count":1,"href":"https:\/\/temucotelevision.cl\/web\/wp-json\/wp\/v2\/posts\/32678\/revisions"}],"predecessor-version":[{"id":32680,"href":"https:\/\/temucotelevision.cl\/web\/wp-json\/wp\/v2\/posts\/32678\/revisions\/32680"}],"wp:featuredmedia":[{"embeddable":true,"href":"https:\/\/temucotelevision.cl\/web\/wp-json\/wp\/v2\/media\/32679"}],"wp:attachment":[{"href":"https:\/\/temucotelevision.cl\/web\/wp-json\/wp\/v2\/media?parent=32678"}],"wp:term":[{"taxonomy":"category","embeddable":true,"href":"https:\/\/temucotelevision.cl\/web\/wp-json\/wp\/v2\/categories?post=32678"},{"taxonomy":"post_tag","embeddable":true,"href":"https:\/\/temucotelevision.cl\/web\/wp-json\/wp\/v2\/tags?post=32678"}],"curies":[{"name":"wp","href":"https:\/\/api.w.org\/{rel}","templated":true}]}}