{"id":32673,"date":"2022-06-13T12:55:04","date_gmt":"2022-06-13T15:55:04","guid":{"rendered":"https:\/\/temucotelevision.cl\/web\/?p=32673"},"modified":"2022-06-13T12:55:04","modified_gmt":"2022-06-13T15:55:04","slug":"aguas-araucania-detecto-mas-de-170-conexiones-irregulares-de-agua-potable","status":"publish","type":"post","link":"https:\/\/temucotelevision.cl\/web\/2022\/06\/13\/aguas-araucania-detecto-mas-de-170-conexiones-irregulares-de-agua-potable\/","title":{"rendered":"Aguas Araucan\u00eda detect\u00f3 m\u00e1s de 170\u00a0conexiones irregulares de agua potable\u00a0"},"content":{"rendered":"<div class=\"pvc_clear\"><\/div><p id=\"pvc_stats_32673\" class=\"pvc_stats total_only  \" data-element-id=\"32673\" style=\"\"><i class=\"pvc-stats-icon large\" aria-hidden=\"true\"><svg aria-hidden=\"true\" focusable=\"false\" data-prefix=\"far\" data-icon=\"chart-bar\" role=\"img\" xmlns=\"http:\/\/www.w3.org\/2000\/svg\" viewBox=\"0 0 512 512\" class=\"svg-inline--fa fa-chart-bar fa-w-16 fa-2x\"><path fill=\"currentColor\" d=\"M396.8 352h22.4c6.4 0 12.8-6.4 12.8-12.8V108.8c0-6.4-6.4-12.8-12.8-12.8h-22.4c-6.4 0-12.8 6.4-12.8 12.8v230.4c0 6.4 6.4 12.8 12.8 12.8zm-192 0h22.4c6.4 0 12.8-6.4 12.8-12.8V140.8c0-6.4-6.4-12.8-12.8-12.8h-22.4c-6.4 0-12.8 6.4-12.8 12.8v198.4c0 6.4 6.4 12.8 12.8 12.8zm96 0h22.4c6.4 0 12.8-6.4 12.8-12.8V204.8c0-6.4-6.4-12.8-12.8-12.8h-22.4c-6.4 0-12.8 6.4-12.8 12.8v134.4c0 6.4 6.4 12.8 12.8 12.8zM496 400H48V80c0-8.84-7.16-16-16-16H16C7.16 64 0 71.16 0 80v336c0 17.67 14.33 32 32 32h464c8.84 0 16-7.16 16-16v-16c0-8.84-7.16-16-16-16zm-387.2-48h22.4c6.4 0 12.8-6.4 12.8-12.8v-70.4c0-6.4-6.4-12.8-12.8-12.8h-22.4c-6.4 0-12.8 6.4-12.8 12.8v70.4c0 6.4 6.4 12.8 12.8 12.8z\" class=\"\"><\/path><\/svg><\/i> <img loading=\"lazy\" decoding=\"async\" width=\"16\" height=\"16\" alt=\"Loading\" src=\"https:\/\/temucotelevision.cl\/web\/wp-content\/plugins\/page-views-count\/ajax-loader-2x.gif\" border=0 \/><\/p><div class=\"pvc_clear\"><\/div>\n<p><strong>Dentro del plan de eficiencia h\u00eddrica que impulsa la compa\u00f1\u00eda, se trabaja hace a\u00f1os con un programa para reducir las p\u00e9rdidas de agua, logrando detectar conexiones irregulares y evitando que \u00e9stas pongan en riesgo la continuidad de servicio a los vecinos.<\/strong><\/p>\n\n\n\n<p>Durante los \u00faltimos 12 meses, Aguas Araucan\u00eda ha detectado m\u00e1s de 170 conexiones e intervenciones irregulares en instalaciones de agua potable de vecinos de la regi\u00f3n, desplegando un importante esfuerzo en revisar m\u00e1s de 15.000 inmuebles en la Araucan\u00eda.<br><br>As\u00ed lo inform\u00f3 Milton Morales, gerente de Clientes de Aguas Araucan\u00eda, quien destac\u00f3 que este tipo de conexiones irregulares pueden ser factor de bajas de presi\u00f3n e inclusive roturas en la red de agua potable, perjudicando directamente a los vecinos en su continuidad y calidad de su servicio. Por ello, reiter\u00f3 el llamado a denunciar este tipo de situaciones irregulares.<br><br>\u201cDel total de conexiones e intervenciones fraudulentas detectadas en los \u00faltimos 12 meses, 100 corresponden a intervenciones de medidor, 63 intervenciones de arranque y 13 instalaciones clandestinas no registradas en nuestro sistema comercial\u201d, acot\u00f3.<br><\/p>\n\n\n\n<p>El ejecutivo sostuvo que durante la pandemia se regularizaron casos emblem\u00e1ticos, con fue el caso de&nbsp;&nbsp;un colegio que se encontraba conectado a la red de agua potable de manera clandestina, es decir&nbsp;&nbsp;sin autorizaci\u00f3n, con un consumo no registrado del orden de 26.000.000 Litros \u201clo que equivale a un consumo de 6 meses de casi 300 viviendas\u201d, puntualiz\u00f3.<br><br>Seg\u00fan lo estipulado por la legislaci\u00f3n vigente, existen sanciones que incluso consideran penas de presidio para los infractores.<br><br>&#8220;M\u00e1s all\u00e1 del perjuicio econ\u00f3mico que significa para la empresa, lo que m\u00e1s nos preocupa es el impacto para los propios vecinos, pues este tipo de conexiones, generalmente realizadas por personal no calificado, pueden generar filtraciones e incluso socavones y por ello el llamado es a denunciar este tipo de situaciones&#8221;, enfatiz\u00f3.<br><br><strong>P\u00c9RDIDAS<\/strong><br><br>Finalmente Milton Morales, coment\u00f3 que la compa\u00f1\u00eda se encuentra reforzando su Programa de Reducci\u00f3n de P\u00e9rdidas, lo cual implica la renovaci\u00f3n de redes de agua potable; intensificar las campa\u00f1as de detecci\u00f3n de fugas;&nbsp;&nbsp;ubicar medidores en mal estado o defectuosos y buscar conexiones irregulares a la red de agua potable.<\/p>\n\n\n\n<p>\u201cAguas Araucan\u00eda presenta una reducci\u00f3n de la p\u00e9rdida en los \u00faltimos 7 a\u00f1os (2015 a la fecha) del 10,8%, posicion\u00e1ndonos por debajo del promedio de la industria a nivel nacional seg\u00fan el \u00faltimo informe de gesti\u00f3n del sector sanitario 2020 publicado por la SISS\u201d, puntualiz\u00f3.&nbsp;<br><br><\/p>\n","protected":false},"excerpt":{"rendered":"<div class=\"pvc_clear\"><\/div>\n<p id=\"pvc_stats_32673\" class=\"pvc_stats total_only  \" data-element-id=\"32673\" style=\"\"><i class=\"pvc-stats-icon large\" aria-hidden=\"true\"><svg aria-hidden=\"true\" focusable=\"false\" data-prefix=\"far\" data-icon=\"chart-bar\" role=\"img\" xmlns=\"http:\/\/www.w3.org\/2000\/svg\" viewBox=\"0 0 512 512\" class=\"svg-inline--fa fa-chart-bar fa-w-16 fa-2x\"><path fill=\"currentColor\" d=\"M396.8 352h22.4c6.4 0 12.8-6.4 12.8-12.8V108.8c0-6.4-6.4-12.8-12.8-12.8h-22.4c-6.4 0-12.8 6.4-12.8 12.8v230.4c0 6.4 6.4 12.8 12.8 12.8zm-192 0h22.4c6.4 0 12.8-6.4 12.8-12.8V140.8c0-6.4-6.4-12.8-12.8-12.8h-22.4c-6.4 0-12.8 6.4-12.8 12.8v198.4c0 6.4 6.4 12.8 12.8 12.8zm96 0h22.4c6.4 0 12.8-6.4 12.8-12.8V204.8c0-6.4-6.4-12.8-12.8-12.8h-22.4c-6.4 0-12.8 6.4-12.8 12.8v134.4c0 6.4 6.4 12.8 12.8 12.8zM496 400H48V80c0-8.84-7.16-16-16-16H16C7.16 64 0 71.16 0 80v336c0 17.67 14.33 32 32 32h464c8.84 0 16-7.16 16-16v-16c0-8.84-7.16-16-16-16zm-387.2-48h22.4c6.4 0 12.8-6.4 12.8-12.8v-70.4c0-6.4-6.4-12.8-12.8-12.8h-22.4c-6.4 0-12.8 6.4-12.8 12.8v70.4c0 6.4 6.4 12.8 12.8 12.8z\" class=\"\"><\/path><\/svg><\/i> <img loading=\"lazy\" decoding=\"async\" width=\"16\" height=\"16\" alt=\"Loading\" src=\"https:\/\/temucotelevision.cl\/web\/wp-content\/plugins\/page-views-count\/ajax-loader-2x.gif\" border=0 \/><\/p>\n<div class=\"pvc_clear\"><\/div>\n<p>Dentro del plan de eficiencia h\u00eddrica que impulsa la compa\u00f1\u00eda, se trabaja hace a\u00f1os con un programa para reducir las<\/p>\n","protected":false},"author":1,"featured_media":32674,"comment_status":"open","ping_status":"open","sticky":false,"template":"","format":"standard","meta":{"colormag_page_container_layout":"default_layout","colormag_page_sidebar_layout":"default_layout","footnotes":""},"categories":[14],"tags":[476,5387,205,1851],"class_list":["post-32673","post","type-post","status-publish","format-standard","has-post-thumbnail","hentry","category-temuco","tag-agua","tag-conexiones","tag-plan","tag-potable"],"a3_pvc":{"activated":true,"total_views":59,"today_views":1},"_links":{"self":[{"href":"https:\/\/temucotelevision.cl\/web\/wp-json\/wp\/v2\/posts\/32673","targetHints":{"allow":["GET"]}}],"collection":[{"href":"https:\/\/temucotelevision.cl\/web\/wp-json\/wp\/v2\/posts"}],"about":[{"href":"https:\/\/temucotelevision.cl\/web\/wp-json\/wp\/v2\/types\/post"}],"author":[{"embeddable":true,"href":"https:\/\/temucotelevision.cl\/web\/wp-json\/wp\/v2\/users\/1"}],"replies":[{"embeddable":true,"href":"https:\/\/temucotelevision.cl\/web\/wp-json\/wp\/v2\/comments?post=32673"}],"version-history":[{"count":1,"href":"https:\/\/temucotelevision.cl\/web\/wp-json\/wp\/v2\/posts\/32673\/revisions"}],"predecessor-version":[{"id":32675,"href":"https:\/\/temucotelevision.cl\/web\/wp-json\/wp\/v2\/posts\/32673\/revisions\/32675"}],"wp:featuredmedia":[{"embeddable":true,"href":"https:\/\/temucotelevision.cl\/web\/wp-json\/wp\/v2\/media\/32674"}],"wp:attachment":[{"href":"https:\/\/temucotelevision.cl\/web\/wp-json\/wp\/v2\/media?parent=32673"}],"wp:term":[{"taxonomy":"category","embeddable":true,"href":"https:\/\/temucotelevision.cl\/web\/wp-json\/wp\/v2\/categories?post=32673"},{"taxonomy":"post_tag","embeddable":true,"href":"https:\/\/temucotelevision.cl\/web\/wp-json\/wp\/v2\/tags?post=32673"}],"curies":[{"name":"wp","href":"https:\/\/api.w.org\/{rel}","templated":true}]}}