{"id":32670,"date":"2022-06-13T12:48:25","date_gmt":"2022-06-13T15:48:25","guid":{"rendered":"https:\/\/temucotelevision.cl\/web\/?p=32670"},"modified":"2022-06-13T12:59:38","modified_gmt":"2022-06-13T15:59:38","slug":"multigremial-de-la-araucania-condena-atentado-en-fundo-nilpe-de-galvarino%ef%bf%bc","status":"publish","type":"post","link":"https:\/\/temucotelevision.cl\/web\/2022\/06\/13\/multigremial-de-la-araucania-condena-atentado-en-fundo-nilpe-de-galvarino%ef%bf%bc\/","title":{"rendered":"Multigremial de La Araucan\u00eda condena atentado en fundo Nilpe de Galvarino\ufffc"},"content":{"rendered":"<div class=\"pvc_clear\"><\/div><p id=\"pvc_stats_32670\" class=\"pvc_stats total_only  \" data-element-id=\"32670\" style=\"\"><i class=\"pvc-stats-icon large\" aria-hidden=\"true\"><svg aria-hidden=\"true\" focusable=\"false\" data-prefix=\"far\" data-icon=\"chart-bar\" role=\"img\" xmlns=\"http:\/\/www.w3.org\/2000\/svg\" viewBox=\"0 0 512 512\" class=\"svg-inline--fa fa-chart-bar fa-w-16 fa-2x\"><path fill=\"currentColor\" d=\"M396.8 352h22.4c6.4 0 12.8-6.4 12.8-12.8V108.8c0-6.4-6.4-12.8-12.8-12.8h-22.4c-6.4 0-12.8 6.4-12.8 12.8v230.4c0 6.4 6.4 12.8 12.8 12.8zm-192 0h22.4c6.4 0 12.8-6.4 12.8-12.8V140.8c0-6.4-6.4-12.8-12.8-12.8h-22.4c-6.4 0-12.8 6.4-12.8 12.8v198.4c0 6.4 6.4 12.8 12.8 12.8zm96 0h22.4c6.4 0 12.8-6.4 12.8-12.8V204.8c0-6.4-6.4-12.8-12.8-12.8h-22.4c-6.4 0-12.8 6.4-12.8 12.8v134.4c0 6.4 6.4 12.8 12.8 12.8zM496 400H48V80c0-8.84-7.16-16-16-16H16C7.16 64 0 71.16 0 80v336c0 17.67 14.33 32 32 32h464c8.84 0 16-7.16 16-16v-16c0-8.84-7.16-16-16-16zm-387.2-48h22.4c6.4 0 12.8-6.4 12.8-12.8v-70.4c0-6.4-6.4-12.8-12.8-12.8h-22.4c-6.4 0-12.8 6.4-12.8 12.8v70.4c0 6.4 6.4 12.8 12.8 12.8z\" class=\"\"><\/path><\/svg><\/i> <img loading=\"lazy\" decoding=\"async\" width=\"16\" height=\"16\" alt=\"Loading\" src=\"https:\/\/temucotelevision.cl\/web\/wp-content\/plugins\/page-views-count\/ajax-loader-2x.gif\" border=0 \/><\/p><div class=\"pvc_clear\"><\/div>\n<p>Los gremios que representamos a las empresas y familias que pertenecen a los sectores productivos de La Araucan\u00eda declaramos nuestra condena al ataque terrorista perpetrado este domingo en el fundo Nilpe en Galvarino, perteneciente a una sociedad de empresarios locales con el presidente de la CPC, Juan Sutil, a quienes manifestamos toda nuestra solidaridad.<\/p>\n\n\n\n<p>Tambi\u00e9n declaramos nuestro apoyo a los empresarios y emprendedores locales que se ver\u00e1n afectados por este ataque que s\u00f3lo busca amedrentar y frenar la producci\u00f3n, el desarrollo y el bienestar com\u00fan de nuestra regi\u00f3n.<\/p>\n\n\n\n<p>Durante las \u00faltimas semanas hemos valorado el cambio de actitud del gobierno hacia la grave crisis de seguridad que estamos viviendo en la Macrozona Sur, no obstante, creemos que no se puede garantizar la seguridad de la poblaci\u00f3n con medidas \u201cacotadas\u201d o se\u00f1ales confusas.&nbsp;<\/p>\n\n\n\n<p>Hace unos d\u00edas el propio presidente Gabriel Boric, en compa\u00f1\u00eda del presidente de la CPC en su visita a Estados Unidos, hac\u00eda un llamado a inversionistas y empresarios extranjeros a confiar en que existen plenas condiciones en nuestro pa\u00eds, omitiendo de alguna manera que existen zonas, como lo que ocurre en las provincias de Malleco y Arauco (En las regiones de La Araucan\u00eda y Biob\u00edo, respectivamente), donde desde hace a\u00f1os que no existen ni las m\u00ednimas condiciones de seguridad f\u00edsica, emocional y productiva para las familias.&nbsp;<\/p>\n\n\n\n<p>El terrorismo y el crimen organizado se deben enfrentar con determinaci\u00f3n y utilizando todas las fuerzas del Estado. Hacemos un llamado al gobierno para que decrete un Estado de Emergencia robusto que responda a un plan para desarticular a estas redes delictuales en todas sus acciones, como el robo de madera, el narcotr\u00e1fico, atentados contra personas y usurpaciones de predios, entre muchas otras.&nbsp;<\/p>\n\n\n\n<p>Estamos lejos a\u00fan de superar esta grave crisis de seguridad provocada por grupos que buscan despoblar territorios, ejercer control territorial y desestabilizar as\u00ed nuestra democracia.<\/p>\n\n\n\n<p>Foto Agencia PEB<\/p>\n","protected":false},"excerpt":{"rendered":"<div class=\"pvc_clear\"><\/div>\n<p id=\"pvc_stats_32670\" class=\"pvc_stats total_only  \" data-element-id=\"32670\" style=\"\"><i class=\"pvc-stats-icon large\" aria-hidden=\"true\"><svg aria-hidden=\"true\" focusable=\"false\" data-prefix=\"far\" data-icon=\"chart-bar\" role=\"img\" xmlns=\"http:\/\/www.w3.org\/2000\/svg\" viewBox=\"0 0 512 512\" class=\"svg-inline--fa fa-chart-bar fa-w-16 fa-2x\"><path fill=\"currentColor\" d=\"M396.8 352h22.4c6.4 0 12.8-6.4 12.8-12.8V108.8c0-6.4-6.4-12.8-12.8-12.8h-22.4c-6.4 0-12.8 6.4-12.8 12.8v230.4c0 6.4 6.4 12.8 12.8 12.8zm-192 0h22.4c6.4 0 12.8-6.4 12.8-12.8V140.8c0-6.4-6.4-12.8-12.8-12.8h-22.4c-6.4 0-12.8 6.4-12.8 12.8v198.4c0 6.4 6.4 12.8 12.8 12.8zm96 0h22.4c6.4 0 12.8-6.4 12.8-12.8V204.8c0-6.4-6.4-12.8-12.8-12.8h-22.4c-6.4 0-12.8 6.4-12.8 12.8v134.4c0 6.4 6.4 12.8 12.8 12.8zM496 400H48V80c0-8.84-7.16-16-16-16H16C7.16 64 0 71.16 0 80v336c0 17.67 14.33 32 32 32h464c8.84 0 16-7.16 16-16v-16c0-8.84-7.16-16-16-16zm-387.2-48h22.4c6.4 0 12.8-6.4 12.8-12.8v-70.4c0-6.4-6.4-12.8-12.8-12.8h-22.4c-6.4 0-12.8 6.4-12.8 12.8v70.4c0 6.4 6.4 12.8 12.8 12.8z\" class=\"\"><\/path><\/svg><\/i> <img loading=\"lazy\" decoding=\"async\" width=\"16\" height=\"16\" alt=\"Loading\" src=\"https:\/\/temucotelevision.cl\/web\/wp-content\/plugins\/page-views-count\/ajax-loader-2x.gif\" border=0 \/><\/p>\n<div class=\"pvc_clear\"><\/div>\n<p>Los gremios que representamos a las empresas y familias que pertenecen a los sectores productivos de La Araucan\u00eda declaramos nuestra<\/p>\n","protected":false},"author":1,"featured_media":32671,"comment_status":"open","ping_status":"open","sticky":false,"template":"","format":"standard","meta":{"colormag_page_container_layout":"default_layout","colormag_page_sidebar_layout":"default_layout","footnotes":""},"categories":[14],"tags":[231,625,1728,5386,307],"class_list":["post-32670","post","type-post","status-publish","format-standard","has-post-thumbnail","hentry","category-temuco","tag-atentado","tag-fundo","tag-multigremial","tag-nilpe","tag-vehiculos"],"a3_pvc":{"activated":true,"total_views":47,"today_views":0},"_links":{"self":[{"href":"https:\/\/temucotelevision.cl\/web\/wp-json\/wp\/v2\/posts\/32670","targetHints":{"allow":["GET"]}}],"collection":[{"href":"https:\/\/temucotelevision.cl\/web\/wp-json\/wp\/v2\/posts"}],"about":[{"href":"https:\/\/temucotelevision.cl\/web\/wp-json\/wp\/v2\/types\/post"}],"author":[{"embeddable":true,"href":"https:\/\/temucotelevision.cl\/web\/wp-json\/wp\/v2\/users\/1"}],"replies":[{"embeddable":true,"href":"https:\/\/temucotelevision.cl\/web\/wp-json\/wp\/v2\/comments?post=32670"}],"version-history":[{"count":2,"href":"https:\/\/temucotelevision.cl\/web\/wp-json\/wp\/v2\/posts\/32670\/revisions"}],"predecessor-version":[{"id":32676,"href":"https:\/\/temucotelevision.cl\/web\/wp-json\/wp\/v2\/posts\/32670\/revisions\/32676"}],"wp:featuredmedia":[{"embeddable":true,"href":"https:\/\/temucotelevision.cl\/web\/wp-json\/wp\/v2\/media\/32671"}],"wp:attachment":[{"href":"https:\/\/temucotelevision.cl\/web\/wp-json\/wp\/v2\/media?parent=32670"}],"wp:term":[{"taxonomy":"category","embeddable":true,"href":"https:\/\/temucotelevision.cl\/web\/wp-json\/wp\/v2\/categories?post=32670"},{"taxonomy":"post_tag","embeddable":true,"href":"https:\/\/temucotelevision.cl\/web\/wp-json\/wp\/v2\/tags?post=32670"}],"curies":[{"name":"wp","href":"https:\/\/api.w.org\/{rel}","templated":true}]}}