{"id":32655,"date":"2022-06-13T11:46:50","date_gmt":"2022-06-13T14:46:50","guid":{"rendered":"https:\/\/temucotelevision.cl\/web\/?p=32655"},"modified":"2022-06-13T12:46:15","modified_gmt":"2022-06-13T15:46:15","slug":"diputado-rathgeb-por-nuevos-ataques-en-la-araucania-el-gobierno-abandono-a-la-region-y-a-los-productores-de-alimentos","status":"publish","type":"post","link":"https:\/\/temucotelevision.cl\/web\/2022\/06\/13\/diputado-rathgeb-por-nuevos-ataques-en-la-araucania-el-gobierno-abandono-a-la-region-y-a-los-productores-de-alimentos\/","title":{"rendered":"Diputado Rathgeb por nuevos ataques en La Araucan\u00eda: \u201cEl Gobierno abandon\u00f3 a la Regi\u00f3n y a los productores de alimentos\u201d\u00a0"},"content":{"rendered":"<div class=\"pvc_clear\"><\/div><p id=\"pvc_stats_32655\" class=\"pvc_stats total_only  \" data-element-id=\"32655\" style=\"\"><i class=\"pvc-stats-icon large\" aria-hidden=\"true\"><svg aria-hidden=\"true\" focusable=\"false\" data-prefix=\"far\" data-icon=\"chart-bar\" role=\"img\" xmlns=\"http:\/\/www.w3.org\/2000\/svg\" viewBox=\"0 0 512 512\" class=\"svg-inline--fa fa-chart-bar fa-w-16 fa-2x\"><path fill=\"currentColor\" d=\"M396.8 352h22.4c6.4 0 12.8-6.4 12.8-12.8V108.8c0-6.4-6.4-12.8-12.8-12.8h-22.4c-6.4 0-12.8 6.4-12.8 12.8v230.4c0 6.4 6.4 12.8 12.8 12.8zm-192 0h22.4c6.4 0 12.8-6.4 12.8-12.8V140.8c0-6.4-6.4-12.8-12.8-12.8h-22.4c-6.4 0-12.8 6.4-12.8 12.8v198.4c0 6.4 6.4 12.8 12.8 12.8zm96 0h22.4c6.4 0 12.8-6.4 12.8-12.8V204.8c0-6.4-6.4-12.8-12.8-12.8h-22.4c-6.4 0-12.8 6.4-12.8 12.8v134.4c0 6.4 6.4 12.8 12.8 12.8zM496 400H48V80c0-8.84-7.16-16-16-16H16C7.16 64 0 71.16 0 80v336c0 17.67 14.33 32 32 32h464c8.84 0 16-7.16 16-16v-16c0-8.84-7.16-16-16-16zm-387.2-48h22.4c6.4 0 12.8-6.4 12.8-12.8v-70.4c0-6.4-6.4-12.8-12.8-12.8h-22.4c-6.4 0-12.8 6.4-12.8 12.8v70.4c0 6.4 6.4 12.8 12.8 12.8z\" class=\"\"><\/path><\/svg><\/i> <img loading=\"lazy\" decoding=\"async\" width=\"16\" height=\"16\" alt=\"Loading\" src=\"https:\/\/temucotelevision.cl\/web\/wp-content\/plugins\/page-views-count\/ajax-loader-2x.gif\" border=0 \/><\/p><div class=\"pvc_clear\"><\/div>\n<p><strong>El diputado insisti\u00f3 en la necesidad de decretar un Estado de Excepci\u00f3n m\u00e1s amplio y no dejarlo solo para algunos sectores, indicando que el Gobierno sigue dejando a la deriva a quienes se esfuerzan por producir los alimentos que llegan a la mesa de todos los chilenos.<\/strong><\/p>\n\n\n\n<p>Un fin de semana donde nuevamente la violencia y los ataques incendiarios fueron un factor com\u00fan, se dej\u00f3 sentir en La Araucan\u00eda y con episodios que se dieron en los sectores rurales de Malleco y Caut\u00edn.<\/p>\n\n\n\n<p>El diputado de Renovaci\u00f3n Nacional por la Regi\u00f3n, Jorge Rathgeb Schifferli, coment\u00f3 que esto sigue demostrando a las claras que mantener un Estado de Excepci\u00f3n acotado es un error y que a pesar de los hechos que se han reiterado en el \u00faltimo tiempo, el Gobierno abandon\u00f3 la Regi\u00f3n.<\/p>\n\n\n\n<p>Rathgeb coment\u00f3 que ante la evidencia de estos actos donde el actuar de las mentes enfermas, sigue produciendo temor y terror en la ciudadan\u00eda, el Ejecutivo debe actuar y de manera clara, dejando de lado los sesgos ideol\u00f3gicos y pensando en el bienestar de los habitantes de la Macrozona Sur.<\/p>\n\n\n\n<p>\u201cUn nuevo hecho de violencia en La Araucan\u00eda que afecta a los Agricultores, que afecta a a los que producen los alimentos para el resto del pa\u00eds y el Gobierno no entiende que debe protegerlos con un Estado de Excepci\u00f3n extendido, que no sea acotado y que permita resguardar a los productores, para con ello salvaguardar la seguridad alimentaria de nuestro pa\u00eds. Lo siento mucho pero el Gobierno finalmente abandon\u00f3 a La Araucan\u00eda, a nuestros agricultores y a los que producen los alimentos para Chile\u201d, fueron las palabras del legislador.<\/p>\n\n\n\n<p>Rathgeb fue a\u00fan m\u00e1s all\u00e1 e insisti\u00f3 en la necesidad de que el Presidente pueda visitar la Regi\u00f3n y que en terreno pueda dimensionar la situaci\u00f3n que se vive, escuchando a las v\u00edctimas, escuchando a los gremios m\u00e1s perjudicados debido a la seguidilla de episodios de violencia.<\/p>\n\n\n\n<figure class=\"wp-block-image size-large\"><img loading=\"lazy\" decoding=\"async\" width=\"1024\" height=\"1024\" src=\"https:\/\/temucotelevision.cl\/web\/wp-content\/uploads\/2022\/06\/Lienzo-Galvarino-1024x1024.jpg\" alt=\"\" class=\"wp-image-32668\" srcset=\"https:\/\/temucotelevision.cl\/web\/wp-content\/uploads\/2022\/06\/Lienzo-Galvarino-1024x1024.jpg 1024w, https:\/\/temucotelevision.cl\/web\/wp-content\/uploads\/2022\/06\/Lienzo-Galvarino-1000x1000.jpg 1000w, https:\/\/temucotelevision.cl\/web\/wp-content\/uploads\/2022\/06\/Lienzo-Galvarino-768x768.jpg 768w, https:\/\/temucotelevision.cl\/web\/wp-content\/uploads\/2022\/06\/Lienzo-Galvarino.jpg 1440w\" sizes=\"auto, (max-width: 1024px) 100vw, 1024px\" \/><\/figure>\n\n\n\n<iframe loading=\"lazy\" src=\"https:\/\/www.facebook.com\/plugins\/video.php?height=244&#038;href=https%3A%2F%2Fwww.facebook.com%2FTemucoTelevision%2Fvideos%2F5092101514221689%2F&#038;show_text=true&#038;width=560&#038;t=0\" width=\"560\" height=\"359\" style=\"border:none;overflow:hidden\" scrolling=\"no\" frameborder=\"0\" allowfullscreen=\"true\" allow=\"autoplay; clipboard-write; encrypted-media; picture-in-picture; web-share\" allowFullScreen=\"true\"><\/iframe>\n","protected":false},"excerpt":{"rendered":"<div class=\"pvc_clear\"><\/div>\n<p id=\"pvc_stats_32655\" class=\"pvc_stats total_only  \" data-element-id=\"32655\" style=\"\"><i class=\"pvc-stats-icon large\" aria-hidden=\"true\"><svg aria-hidden=\"true\" focusable=\"false\" data-prefix=\"far\" data-icon=\"chart-bar\" role=\"img\" xmlns=\"http:\/\/www.w3.org\/2000\/svg\" viewBox=\"0 0 512 512\" class=\"svg-inline--fa fa-chart-bar fa-w-16 fa-2x\"><path fill=\"currentColor\" d=\"M396.8 352h22.4c6.4 0 12.8-6.4 12.8-12.8V108.8c0-6.4-6.4-12.8-12.8-12.8h-22.4c-6.4 0-12.8 6.4-12.8 12.8v230.4c0 6.4 6.4 12.8 12.8 12.8zm-192 0h22.4c6.4 0 12.8-6.4 12.8-12.8V140.8c0-6.4-6.4-12.8-12.8-12.8h-22.4c-6.4 0-12.8 6.4-12.8 12.8v198.4c0 6.4 6.4 12.8 12.8 12.8zm96 0h22.4c6.4 0 12.8-6.4 12.8-12.8V204.8c0-6.4-6.4-12.8-12.8-12.8h-22.4c-6.4 0-12.8 6.4-12.8 12.8v134.4c0 6.4 6.4 12.8 12.8 12.8zM496 400H48V80c0-8.84-7.16-16-16-16H16C7.16 64 0 71.16 0 80v336c0 17.67 14.33 32 32 32h464c8.84 0 16-7.16 16-16v-16c0-8.84-7.16-16-16-16zm-387.2-48h22.4c6.4 0 12.8-6.4 12.8-12.8v-70.4c0-6.4-6.4-12.8-12.8-12.8h-22.4c-6.4 0-12.8 6.4-12.8 12.8v70.4c0 6.4 6.4 12.8 12.8 12.8z\" class=\"\"><\/path><\/svg><\/i> <img loading=\"lazy\" decoding=\"async\" width=\"16\" height=\"16\" alt=\"Loading\" src=\"https:\/\/temucotelevision.cl\/web\/wp-content\/plugins\/page-views-count\/ajax-loader-2x.gif\" border=0 \/><\/p>\n<div class=\"pvc_clear\"><\/div>\n<p>El diputado insisti\u00f3 en la necesidad de decretar un Estado de Excepci\u00f3n m\u00e1s amplio y no dejarlo solo para algunos<\/p>\n","protected":false},"author":1,"featured_media":32656,"comment_status":"open","ping_status":"open","sticky":false,"template":"","format":"standard","meta":{"colormag_page_container_layout":"default_layout","colormag_page_sidebar_layout":"default_layout","footnotes":""},"categories":[84,14],"tags":[388,1236,154,206,316],"class_list":["post-32655","post","type-post","status-publish","format-standard","has-post-thumbnail","hentry","category-politica","category-temuco","tag-alimentos","tag-ataques","tag-diputado","tag-gobierno","tag-productores"],"a3_pvc":{"activated":true,"total_views":44,"today_views":0},"_links":{"self":[{"href":"https:\/\/temucotelevision.cl\/web\/wp-json\/wp\/v2\/posts\/32655","targetHints":{"allow":["GET"]}}],"collection":[{"href":"https:\/\/temucotelevision.cl\/web\/wp-json\/wp\/v2\/posts"}],"about":[{"href":"https:\/\/temucotelevision.cl\/web\/wp-json\/wp\/v2\/types\/post"}],"author":[{"embeddable":true,"href":"https:\/\/temucotelevision.cl\/web\/wp-json\/wp\/v2\/users\/1"}],"replies":[{"embeddable":true,"href":"https:\/\/temucotelevision.cl\/web\/wp-json\/wp\/v2\/comments?post=32655"}],"version-history":[{"count":2,"href":"https:\/\/temucotelevision.cl\/web\/wp-json\/wp\/v2\/posts\/32655\/revisions"}],"predecessor-version":[{"id":32669,"href":"https:\/\/temucotelevision.cl\/web\/wp-json\/wp\/v2\/posts\/32655\/revisions\/32669"}],"wp:featuredmedia":[{"embeddable":true,"href":"https:\/\/temucotelevision.cl\/web\/wp-json\/wp\/v2\/media\/32656"}],"wp:attachment":[{"href":"https:\/\/temucotelevision.cl\/web\/wp-json\/wp\/v2\/media?parent=32655"}],"wp:term":[{"taxonomy":"category","embeddable":true,"href":"https:\/\/temucotelevision.cl\/web\/wp-json\/wp\/v2\/categories?post=32655"},{"taxonomy":"post_tag","embeddable":true,"href":"https:\/\/temucotelevision.cl\/web\/wp-json\/wp\/v2\/tags?post=32655"}],"curies":[{"name":"wp","href":"https:\/\/api.w.org\/{rel}","templated":true}]}}