{"id":32649,"date":"2022-06-13T11:31:45","date_gmt":"2022-06-13T14:31:45","guid":{"rendered":"https:\/\/temucotelevision.cl\/web\/?p=32649"},"modified":"2022-06-13T11:31:45","modified_gmt":"2022-06-13T14:31:45","slug":"fotos-comienza-el-proyecto-que-le-cambiara-la-cara-al-centro-de-temuco","status":"publish","type":"post","link":"https:\/\/temucotelevision.cl\/web\/2022\/06\/13\/fotos-comienza-el-proyecto-que-le-cambiara-la-cara-al-centro-de-temuco\/","title":{"rendered":"[Fotos] Comienza el proyecto que le cambiar\u00e1 la cara al centro de Temuco"},"content":{"rendered":"<div class=\"pvc_clear\"><\/div><p id=\"pvc_stats_32649\" class=\"pvc_stats total_only  \" data-element-id=\"32649\" style=\"\"><i class=\"pvc-stats-icon large\" aria-hidden=\"true\"><svg aria-hidden=\"true\" focusable=\"false\" data-prefix=\"far\" data-icon=\"chart-bar\" role=\"img\" xmlns=\"http:\/\/www.w3.org\/2000\/svg\" viewBox=\"0 0 512 512\" class=\"svg-inline--fa fa-chart-bar fa-w-16 fa-2x\"><path fill=\"currentColor\" d=\"M396.8 352h22.4c6.4 0 12.8-6.4 12.8-12.8V108.8c0-6.4-6.4-12.8-12.8-12.8h-22.4c-6.4 0-12.8 6.4-12.8 12.8v230.4c0 6.4 6.4 12.8 12.8 12.8zm-192 0h22.4c6.4 0 12.8-6.4 12.8-12.8V140.8c0-6.4-6.4-12.8-12.8-12.8h-22.4c-6.4 0-12.8 6.4-12.8 12.8v198.4c0 6.4 6.4 12.8 12.8 12.8zm96 0h22.4c6.4 0 12.8-6.4 12.8-12.8V204.8c0-6.4-6.4-12.8-12.8-12.8h-22.4c-6.4 0-12.8 6.4-12.8 12.8v134.4c0 6.4 6.4 12.8 12.8 12.8zM496 400H48V80c0-8.84-7.16-16-16-16H16C7.16 64 0 71.16 0 80v336c0 17.67 14.33 32 32 32h464c8.84 0 16-7.16 16-16v-16c0-8.84-7.16-16-16-16zm-387.2-48h22.4c6.4 0 12.8-6.4 12.8-12.8v-70.4c0-6.4-6.4-12.8-12.8-12.8h-22.4c-6.4 0-12.8 6.4-12.8 12.8v70.4c0 6.4 6.4 12.8 12.8 12.8z\" class=\"\"><\/path><\/svg><\/i> <img loading=\"lazy\" decoding=\"async\" width=\"16\" height=\"16\" alt=\"Loading\" src=\"https:\/\/temucotelevision.cl\/web\/wp-content\/plugins\/page-views-count\/ajax-loader-2x.gif\" border=0 \/><\/p><div class=\"pvc_clear\"><\/div>\n<p>La emblem\u00e1tica calle Bulnes de la comuna de Temuco es un espacio en el que confluye gran parte de la ciudad, donde interact\u00faan comerciantes, restaurantes, cafeter\u00edas, hortaliceras, escolares, transe\u00fantes, entre otros. Todos ellos actores que le dan vida al centro de la ciudad y que ahora tendr\u00e1n un paseo moderno, con base en elementos de urbanismo t\u00e1ctico y a escala humana donde la persona ser\u00e1 el centro y el foco principal de esta intervenci\u00f3n.&nbsp;<\/p>\n\n\n\n<p>Luego de que un tramo importante de esta calle cerrara a partir de la implementaci\u00f3n del plan Paso a Paso en la comuna, el municipio vio la oportunidad de hacer realidad la idea de un proyecto que integrara distintos ejes para finalmente rescatar este espacio. Y hoy, tras meses de trabajo liderado por el jefe comunal, Roberto Neira, se lleg\u00f3 a importantes acuerdos con hortaliceras, comerciantes y otros actores sobre c\u00f3mo poder desarrollar este proyecto con la mirada de todas y todos ellos.<\/p>\n\n\n\n<p>Es as\u00ed, como se dio paso al proyecto que, a trav\u00e9s de una activa participaci\u00f3n ciudadana, busca cambiar la cara del centro de Temuco.&nbsp;<\/p>\n\n\n\n<p>\u2018\u2019Nuestro objetivo como Municipalidad es darle vida al paseo. Lo que nos motiva y nos mueve de este proyecto, es que busca dar pertenencia cultural a la ciudadan\u00eda, integraremos seguridad, daremos movilidad para los peatones, adem\u00e1s del ordenamiento del comercio y el reconocimiento de las hortaliceras\u2019\u2019, explic\u00f3 el alcalde Roberto Neira.<\/p>\n\n\n\n<p><a><\/a>La primera etapa de este proyecto piloto tiene por nombre<strong>&nbsp;\u201cConstrucci\u00f3n m\u00f3dulos hortaliceras, dise\u00f1o y ejecuci\u00f3n urbanismo t\u00e1ctico eje bulnes entre Claro Solar y Diego Portales\u201d&nbsp;<\/strong>y considera distintas estrategias de intervenci\u00f3n: seguridad vial, integraci\u00f3n espacial y paisaje urbano, mobiliario para la vida urbana y finalmente, la puesta en valor del patrimonio, todas enfocadas en la ciudadan\u00eda y en mejorar la experiencia del uso de este espacio p\u00fablico.&nbsp;<\/p>\n\n\n\n<p>El dise\u00f1o del eje Bulnes contempla una intervenci\u00f3n aproximada de 14 cuadras desde el Cerro \u00d1ielol hasta la Isla Caut\u00edn en un periodo de 620 d\u00edas. Para esta primera etapa, se trabajar\u00e1 en el programa piloto de este proyecto, es decir, se avanzar\u00e1 con el reordenamiento del centro de Temuco, estableciendo un espacio para los m\u00f3dulos de las hortaliceras, terrazas para el comercio establecido y mobiliario urbano, todo esto en una extensi\u00f3n de dos cuadras.<\/p>\n\n\n\n<p>Durante la primera instancia, se estima un plazo de cuatro meses, de los cuales ser\u00e1n 30 d\u00edas de dise\u00f1o y 90 d\u00edas de ejecuci\u00f3n, con una inversi\u00f3n de $295 millones de pesos.&nbsp;<\/p>\n\n\n\n<p><a><\/a>Ricardo Toro, director de Secpla indic\u00f3 \u2018\u2019este es un proyecto que el alcalde nos ha encargado como prioridad para descongestionar y darle un valor a nuestro centro de Temuco, en donde hoy se inicia esta etapa de ir conquistando este Paseo Bulnes\u2019\u2019. Lo m\u00e1s importante es que es un eje que tiene una visi\u00f3n a partir de la escala humana, en este caso, es el peat\u00f3n el que toma mayor relevancia.<\/p>\n\n\n\n<p>Para la definici\u00f3n de los detalles de esta intervenci\u00f3n, el proyecto contempla la participaci\u00f3n ciudadana como un eje fundamental en el dise\u00f1o, por lo que el d\u00eda lunes 30 de mayo se desarroll\u00f3 un taller encabezado por la consultora que adjudic\u00f3 el proyecto y el municipio de Temuco, al cual asistieron dirigentes y personas vinculadas al comercio ambulante, artesanos, comerciantes, locatarios, carabineros y taxis colectivos, entre otros. Rafael del Solar, quien est\u00e1 a cargo del restaurante Premium, expuso \u2018\u2019esperamos que sea un punto de atracci\u00f3n y turismo para la comunidad, mientras sea todo homog\u00e9neo, le da un toque mucho m\u00e1s bonito a la ciudad y sobre todo, al paseo\u2019\u2019.<\/p>\n\n\n\n<p><strong>El patrimonio cultural dentro del proyecto&nbsp;<\/strong><\/p>\n\n\n\n<p>Javiera Baeza, asesora de&nbsp;<em>Folil Mapu<\/em>&nbsp;y&nbsp;<em>Keyu Zomo Wen,<\/em>&nbsp;coment\u00f3 \u2018\u2019esto nos va a permitir tener una ciudad m\u00e1s inclusiva, atractiva y m\u00e1s bonita, pero sobre todo, una ciudad con mirada a futuro\u2019\u2019.<strong>&nbsp;<\/strong>Y con esto, uno de los puntos que m\u00e1s se destacan de este eje para el Paseo Bulnes, es la creaci\u00f3n de un espacio para las hortaliceras Mapuche, quienes ahora tendr\u00e1n a su disposici\u00f3n 13 m\u00f3dulos, donde cada uno tiene cuatro espacios de trabajo en los que podr\u00e1n instalarse para vender sus productos.<\/p>\n\n\n\n<p>Este dise\u00f1o, se defini\u00f3 en acuerdo con dos agrupaciones de hortaliceras:&nbsp;<em>Folil Mapu<\/em>&nbsp;y&nbsp;<em>Keyu Zomo Wen<\/em>, quienes decidieron que los m\u00f3dulos tengan la apariencia de un&nbsp;<em>wanco,<\/em>&nbsp;banco que pertenece a la cultura Mapuche y que es utilizado para distintos quehaceres. De esta misma forma, el reordenamiento de este paseo incluye distintos elementos de la cultura ind\u00edgena de la regi\u00f3n. \u2018\u2019Es muy importante que se nos considere y que se pueda dignificar este trabajo patrimonial, porque una ciudad de futuro no puede dejar atr\u00e1s lo que tiene que ver con su identidad, patrimonio y memoria\u2019\u2019, agreg\u00f3 la asesora Javiera Baeza.&nbsp;<\/p>\n\n\n\n<p>Esto promueve de manera m\u00e1s vibrante la inclusi\u00f3n de las hortaliceras, de sus productos, del comercio establecido y de la ciudadan\u00eda en s\u00ed, ya que tiene un escenario multicultural que incluye elementos propios del patrimonio local y su historia, lo que podr\u00e1n llevar a este paseo a convertirse en s\u00edmbolo del desarrollo de un urbanismo para mejorar la convivencia local.\u00a0<\/p>\n\n\n\n<figure class=\"wp-block-image size-large\"><img loading=\"lazy\" decoding=\"async\" width=\"1024\" height=\"567\" src=\"https:\/\/temucotelevision.cl\/web\/wp-content\/uploads\/2022\/06\/PB-03-1024x567.jpeg\" alt=\"\" class=\"wp-image-32651\" srcset=\"https:\/\/temucotelevision.cl\/web\/wp-content\/uploads\/2022\/06\/PB-03-1024x567.jpeg 1024w, https:\/\/temucotelevision.cl\/web\/wp-content\/uploads\/2022\/06\/PB-03-768x425.jpeg 768w, https:\/\/temucotelevision.cl\/web\/wp-content\/uploads\/2022\/06\/PB-03.jpeg 1280w\" sizes=\"auto, (max-width: 1024px) 100vw, 1024px\" \/><\/figure>\n\n\n\n<figure class=\"wp-block-image size-large\"><img loading=\"lazy\" decoding=\"async\" width=\"1024\" height=\"574\" src=\"https:\/\/temucotelevision.cl\/web\/wp-content\/uploads\/2022\/06\/PB-04-1024x574.jpeg\" alt=\"\" class=\"wp-image-32652\" srcset=\"https:\/\/temucotelevision.cl\/web\/wp-content\/uploads\/2022\/06\/PB-04-1024x574.jpeg 1024w, https:\/\/temucotelevision.cl\/web\/wp-content\/uploads\/2022\/06\/PB-04-768x431.jpeg 768w, https:\/\/temucotelevision.cl\/web\/wp-content\/uploads\/2022\/06\/PB-04.jpeg 1280w\" sizes=\"auto, (max-width: 1024px) 100vw, 1024px\" \/><\/figure>\n\n\n\n<figure class=\"wp-block-image size-large\"><img loading=\"lazy\" decoding=\"async\" width=\"1024\" height=\"572\" src=\"https:\/\/temucotelevision.cl\/web\/wp-content\/uploads\/2022\/06\/PB-01-1024x572.jpeg\" alt=\"\" class=\"wp-image-32653\" srcset=\"https:\/\/temucotelevision.cl\/web\/wp-content\/uploads\/2022\/06\/PB-01-1024x572.jpeg 1024w, https:\/\/temucotelevision.cl\/web\/wp-content\/uploads\/2022\/06\/PB-01-768x429.jpeg 768w, https:\/\/temucotelevision.cl\/web\/wp-content\/uploads\/2022\/06\/PB-01.jpeg 1280w\" sizes=\"auto, (max-width: 1024px) 100vw, 1024px\" \/><\/figure>\n","protected":false},"excerpt":{"rendered":"<div class=\"pvc_clear\"><\/div>\n<p id=\"pvc_stats_32649\" class=\"pvc_stats total_only  \" data-element-id=\"32649\" style=\"\"><i class=\"pvc-stats-icon large\" aria-hidden=\"true\"><svg aria-hidden=\"true\" focusable=\"false\" data-prefix=\"far\" data-icon=\"chart-bar\" role=\"img\" xmlns=\"http:\/\/www.w3.org\/2000\/svg\" viewBox=\"0 0 512 512\" class=\"svg-inline--fa fa-chart-bar fa-w-16 fa-2x\"><path fill=\"currentColor\" d=\"M396.8 352h22.4c6.4 0 12.8-6.4 12.8-12.8V108.8c0-6.4-6.4-12.8-12.8-12.8h-22.4c-6.4 0-12.8 6.4-12.8 12.8v230.4c0 6.4 6.4 12.8 12.8 12.8zm-192 0h22.4c6.4 0 12.8-6.4 12.8-12.8V140.8c0-6.4-6.4-12.8-12.8-12.8h-22.4c-6.4 0-12.8 6.4-12.8 12.8v198.4c0 6.4 6.4 12.8 12.8 12.8zm96 0h22.4c6.4 0 12.8-6.4 12.8-12.8V204.8c0-6.4-6.4-12.8-12.8-12.8h-22.4c-6.4 0-12.8 6.4-12.8 12.8v134.4c0 6.4 6.4 12.8 12.8 12.8zM496 400H48V80c0-8.84-7.16-16-16-16H16C7.16 64 0 71.16 0 80v336c0 17.67 14.33 32 32 32h464c8.84 0 16-7.16 16-16v-16c0-8.84-7.16-16-16-16zm-387.2-48h22.4c6.4 0 12.8-6.4 12.8-12.8v-70.4c0-6.4-6.4-12.8-12.8-12.8h-22.4c-6.4 0-12.8 6.4-12.8 12.8v70.4c0 6.4 6.4 12.8 12.8 12.8z\" class=\"\"><\/path><\/svg><\/i> <img loading=\"lazy\" decoding=\"async\" width=\"16\" height=\"16\" alt=\"Loading\" src=\"https:\/\/temucotelevision.cl\/web\/wp-content\/plugins\/page-views-count\/ajax-loader-2x.gif\" border=0 \/><\/p>\n<div class=\"pvc_clear\"><\/div>\n<p>La emblem\u00e1tica calle Bulnes de la comuna de Temuco es un espacio en el que confluye gran parte de la<\/p>\n","protected":false},"author":1,"featured_media":32650,"comment_status":"open","ping_status":"open","sticky":false,"template":"","format":"standard","meta":{"colormag_page_container_layout":"default_layout","colormag_page_sidebar_layout":"default_layout","footnotes":""},"categories":[15],"tags":[202,252,155,78],"class_list":["post-32649","post","type-post","status-publish","format-standard","has-post-thumbnail","hentry","category-la-araucania","tag-alcalde","tag-centro","tag-proyecto","tag-temuco"],"a3_pvc":{"activated":true,"total_views":136,"today_views":1},"_links":{"self":[{"href":"https:\/\/temucotelevision.cl\/web\/wp-json\/wp\/v2\/posts\/32649","targetHints":{"allow":["GET"]}}],"collection":[{"href":"https:\/\/temucotelevision.cl\/web\/wp-json\/wp\/v2\/posts"}],"about":[{"href":"https:\/\/temucotelevision.cl\/web\/wp-json\/wp\/v2\/types\/post"}],"author":[{"embeddable":true,"href":"https:\/\/temucotelevision.cl\/web\/wp-json\/wp\/v2\/users\/1"}],"replies":[{"embeddable":true,"href":"https:\/\/temucotelevision.cl\/web\/wp-json\/wp\/v2\/comments?post=32649"}],"version-history":[{"count":1,"href":"https:\/\/temucotelevision.cl\/web\/wp-json\/wp\/v2\/posts\/32649\/revisions"}],"predecessor-version":[{"id":32654,"href":"https:\/\/temucotelevision.cl\/web\/wp-json\/wp\/v2\/posts\/32649\/revisions\/32654"}],"wp:featuredmedia":[{"embeddable":true,"href":"https:\/\/temucotelevision.cl\/web\/wp-json\/wp\/v2\/media\/32650"}],"wp:attachment":[{"href":"https:\/\/temucotelevision.cl\/web\/wp-json\/wp\/v2\/media?parent=32649"}],"wp:term":[{"taxonomy":"category","embeddable":true,"href":"https:\/\/temucotelevision.cl\/web\/wp-json\/wp\/v2\/categories?post=32649"},{"taxonomy":"post_tag","embeddable":true,"href":"https:\/\/temucotelevision.cl\/web\/wp-json\/wp\/v2\/tags?post=32649"}],"curies":[{"name":"wp","href":"https:\/\/api.w.org\/{rel}","templated":true}]}}