{"id":32644,"date":"2022-06-11T23:09:13","date_gmt":"2022-06-12T02:09:13","guid":{"rendered":"https:\/\/temucotelevision.cl\/web\/?p=32644"},"modified":"2022-06-11T23:09:14","modified_gmt":"2022-06-12T02:09:14","slug":"dos-realizadores-audiovisuales-de-temuco-obtuvieron-premios-en-festival-de-cine-de-puerto-montt","status":"publish","type":"post","link":"https:\/\/temucotelevision.cl\/web\/2022\/06\/11\/dos-realizadores-audiovisuales-de-temuco-obtuvieron-premios-en-festival-de-cine-de-puerto-montt\/","title":{"rendered":"Dos realizadores audiovisuales de Temuco obtuvieron premios en Festival de Cine de Puerto Montt"},"content":{"rendered":"<div class=\"pvc_clear\"><\/div><p id=\"pvc_stats_32644\" class=\"pvc_stats total_only  \" data-element-id=\"32644\" style=\"\"><i class=\"pvc-stats-icon large\" aria-hidden=\"true\"><svg aria-hidden=\"true\" focusable=\"false\" data-prefix=\"far\" data-icon=\"chart-bar\" role=\"img\" xmlns=\"http:\/\/www.w3.org\/2000\/svg\" viewBox=\"0 0 512 512\" class=\"svg-inline--fa fa-chart-bar fa-w-16 fa-2x\"><path fill=\"currentColor\" d=\"M396.8 352h22.4c6.4 0 12.8-6.4 12.8-12.8V108.8c0-6.4-6.4-12.8-12.8-12.8h-22.4c-6.4 0-12.8 6.4-12.8 12.8v230.4c0 6.4 6.4 12.8 12.8 12.8zm-192 0h22.4c6.4 0 12.8-6.4 12.8-12.8V140.8c0-6.4-6.4-12.8-12.8-12.8h-22.4c-6.4 0-12.8 6.4-12.8 12.8v198.4c0 6.4 6.4 12.8 12.8 12.8zm96 0h22.4c6.4 0 12.8-6.4 12.8-12.8V204.8c0-6.4-6.4-12.8-12.8-12.8h-22.4c-6.4 0-12.8 6.4-12.8 12.8v134.4c0 6.4 6.4 12.8 12.8 12.8zM496 400H48V80c0-8.84-7.16-16-16-16H16C7.16 64 0 71.16 0 80v336c0 17.67 14.33 32 32 32h464c8.84 0 16-7.16 16-16v-16c0-8.84-7.16-16-16-16zm-387.2-48h22.4c6.4 0 12.8-6.4 12.8-12.8v-70.4c0-6.4-6.4-12.8-12.8-12.8h-22.4c-6.4 0-12.8 6.4-12.8 12.8v70.4c0 6.4 6.4 12.8 12.8 12.8z\" class=\"\"><\/path><\/svg><\/i> <img loading=\"lazy\" decoding=\"async\" width=\"16\" height=\"16\" alt=\"Loading\" src=\"https:\/\/temucotelevision.cl\/web\/wp-content\/plugins\/page-views-count\/ajax-loader-2x.gif\" border=0 \/><\/p><div class=\"pvc_clear\"><\/div>\n<p><strong>Los audiovisuales Hardy Cotal y Marcelo Cuevas obtuvieron distinciones por sus propuestas audiovisuales que presentaron en el Festival de Cine de Puerto Montt.<\/strong><\/p>\n\n\n\n<p>Tras siete d\u00edas de programaci\u00f3n gratuita en la Casa del Arte Diego Rivera, el Festival Internacional de Cine de Puerto Montt dio a conocer a los ganadores de la competencia de Cortometrajes y Documentales Regionales que se desarroll\u00f3 en el centro cultural, actividad que adem\u00e1s cont\u00f3 con la exhibici\u00f3n de destacadas pel\u00edculas invitadas.<\/p>\n\n\n\n<p>El evento organizado por la Corporaci\u00f3n Cultural de Puerto Montt con el apoyo de la Municipalidad de la capital regional, realiz\u00f3 la tarde de ayer s\u00e1bado la ceremonia de premiaci\u00f3n del certamen cinematogr\u00e1fico en la sala Diego Rivera, donde el jurado compuesto por&nbsp;&nbsp;la gestora cultural Carola Leiva, la representante del Gremio audiovisual Los Lagos Ver\u00f3nica Astudillo, el&nbsp;&nbsp;director de cine Beltr\u00e1n&nbsp;&nbsp;Garc\u00eda y el actor y guionista Gregory&nbsp;&nbsp;Cohen, ambos representando a la&nbsp;&nbsp;Escuela de Cine de Chile otorgaron el premio de \u201cFormaci\u00f3n Escuela de Cine de Chile\u201d al cortometraje del audiovisual Hardy Cotal de la ciudad de Temuco por su corto \u201cLa Carta\u201d, del cual el jurado celebr\u00f3 \u201cla redondez y contundencia de la obra y particularmente del guion, que evidencia capacidad de aprendizaje y que con ligeros apoyos podr\u00edan redundar en el desarrollo del trabajo autoral\u201d.&nbsp;<\/p>\n\n\n\n<p>Por otro lado, el premio \u201cRa\u00fal Ruiz\u201d del FIC Puerto Montt en la categor\u00eda de documentales regionales fue para Marcelo Cuevas de Temuco por su trabajo titulado \u201cEsto es Spitfire\u201d propuesta audiovisual que cuenta la historia de Spitfire una de&nbsp;&nbsp;las bandas de rock m\u00e1s importantes de La Araucan\u00eda, quienes lograron abrir el concierto de la banda \u201cMetallica\u201d en lo que fue el primer show del grupo estadounidense de thrash metal en mayo de 1993 en el vel\u00f3dromo del Estadio Nacional de Santiago de Chile.<\/p>\n\n\n\n<p>En este sentido el jurado&nbsp;&nbsp;destac\u00f3 de esta muestra que \u201csu trabajo de montaje y especialmente la labor de archivo y trabajo Documental. Pone de relieve y da a conocer un hecho tan desconocido como llamativo y logra poner en vitrina a personajes entra\u00f1ablemente queribles\u201d.<\/p>\n\n\n\n<p>El realizador de este documental, Marcelo Cuevas, se\u00f1al\u00f3 sobre su propuesta audiovisual que \u201cfue un trabajo de largo aliento (primera entrevista que hice para el documental fue el 2003) y para nosotros bien importante, porque Spitfire en la Araucan\u00eda es una banda s\u00faper emblem\u00e1tica, que influy\u00f3 mucho en los m\u00fasicos y en los artistas de la regi\u00f3n, entonces es un trabajo al cual le ten\u00edamos mucho afecto y lamentablemente lo estrenamos en pandemia entonces no hab\u00edamos tenido la posibilidad de exhibirlo como estaban cerradas las salas\u201d.<\/p>\n\n\n\n<p>Para Cuevas fue muy significativo haber logrado un galard\u00f3n en el FIC Puerto Montt, porque si bien hab\u00eda participado en algunos festivales con este trabajo \u201cno hab\u00edamos ganado todav\u00eda ning\u00fan premio, entonces estamos felices de que sea adem\u00e1s ac\u00e1 en el sur, porque sentimos que la tem\u00e1tica de la pel\u00edcula es el documento de toda una \u00e9poca de fines de los 80 y principios de los 90, que a muchos de nosotros nos marc\u00f3 mucho, pero adem\u00e1s tiene mucho que ver con la vida en el sur, con c\u00f3mo era la vida para los j\u00f3venes del sur en esa \u00e9poca y con un periodo de nuestro pa\u00eds en que era muy dif\u00edcil hacer m\u00fasica, muy dif\u00edcil dedicarse a ser m\u00fasico o ser artista, aunque eso no ha cambiado mucho la verdad\u201d.<\/p>\n\n\n\n<p>Para concluir, el director ejecutivo de la Corporaci\u00f3n Cultural de Puerto Montt Marcelo Utreras felicit\u00f3 a los realizadores audiovisuales que participaron en este festival que \u201ca\u00f1o a\u00a0\u00a0a\u00f1o intenta hacerse de un nombre en el circuito de festivales chilenos, y que este a\u00f1os tuvo pese a todo, charlas, talleres especializados y m\u00e1s de 30 funciones entre pel\u00edculas invitadas y las muestras que participaron de la competencia, creando una programaci\u00f3n variada, que busca contribuir al desarrollo de la audiencia,\u00a0\u00a0la profesionalizaci\u00f3n de la actividad audiovisual y la\u00a0\u00a0promoci\u00f3n de la creaci\u00f3n de los realizadores de la\u00a0\u00a0macro zona sur austral Patagonia\u201d.<\/p>\n\n\n\n<figure class=\"wp-block-image size-large\"><img loading=\"lazy\" decoding=\"async\" width=\"1024\" height=\"683\" src=\"https:\/\/temucotelevision.cl\/web\/wp-content\/uploads\/2022\/06\/Cine-Temuco2-1024x683.jpg\" alt=\"\" class=\"wp-image-32646\" srcset=\"https:\/\/temucotelevision.cl\/web\/wp-content\/uploads\/2022\/06\/Cine-Temuco2-1024x683.jpg 1024w, https:\/\/temucotelevision.cl\/web\/wp-content\/uploads\/2022\/06\/Cine-Temuco2-768x512.jpg 768w, https:\/\/temucotelevision.cl\/web\/wp-content\/uploads\/2022\/06\/Cine-Temuco2-1536x1024.jpg 1536w, https:\/\/temucotelevision.cl\/web\/wp-content\/uploads\/2022\/06\/Cine-Temuco2-2048x1366.jpg 2048w\" sizes=\"auto, (max-width: 1024px) 100vw, 1024px\" \/><\/figure>\n","protected":false},"excerpt":{"rendered":"<div class=\"pvc_clear\"><\/div>\n<p id=\"pvc_stats_32644\" class=\"pvc_stats total_only  \" data-element-id=\"32644\" style=\"\"><i class=\"pvc-stats-icon large\" aria-hidden=\"true\"><svg aria-hidden=\"true\" focusable=\"false\" data-prefix=\"far\" data-icon=\"chart-bar\" role=\"img\" xmlns=\"http:\/\/www.w3.org\/2000\/svg\" viewBox=\"0 0 512 512\" class=\"svg-inline--fa fa-chart-bar fa-w-16 fa-2x\"><path fill=\"currentColor\" d=\"M396.8 352h22.4c6.4 0 12.8-6.4 12.8-12.8V108.8c0-6.4-6.4-12.8-12.8-12.8h-22.4c-6.4 0-12.8 6.4-12.8 12.8v230.4c0 6.4 6.4 12.8 12.8 12.8zm-192 0h22.4c6.4 0 12.8-6.4 12.8-12.8V140.8c0-6.4-6.4-12.8-12.8-12.8h-22.4c-6.4 0-12.8 6.4-12.8 12.8v198.4c0 6.4 6.4 12.8 12.8 12.8zm96 0h22.4c6.4 0 12.8-6.4 12.8-12.8V204.8c0-6.4-6.4-12.8-12.8-12.8h-22.4c-6.4 0-12.8 6.4-12.8 12.8v134.4c0 6.4 6.4 12.8 12.8 12.8zM496 400H48V80c0-8.84-7.16-16-16-16H16C7.16 64 0 71.16 0 80v336c0 17.67 14.33 32 32 32h464c8.84 0 16-7.16 16-16v-16c0-8.84-7.16-16-16-16zm-387.2-48h22.4c6.4 0 12.8-6.4 12.8-12.8v-70.4c0-6.4-6.4-12.8-12.8-12.8h-22.4c-6.4 0-12.8 6.4-12.8 12.8v70.4c0 6.4 6.4 12.8 12.8 12.8z\" class=\"\"><\/path><\/svg><\/i> <img loading=\"lazy\" decoding=\"async\" width=\"16\" height=\"16\" alt=\"Loading\" src=\"https:\/\/temucotelevision.cl\/web\/wp-content\/plugins\/page-views-count\/ajax-loader-2x.gif\" border=0 \/><\/p>\n<div class=\"pvc_clear\"><\/div>\n<p>Los audiovisuales Hardy Cotal y Marcelo Cuevas obtuvieron distinciones por sus propuestas audiovisuales que presentaron en el Festival de Cine<\/p>\n","protected":false},"author":1,"featured_media":32645,"comment_status":"open","ping_status":"open","sticky":false,"template":"","format":"standard","meta":{"colormag_page_container_layout":"default_layout","colormag_page_sidebar_layout":"default_layout","footnotes":""},"categories":[15],"tags":[5384,626,1383,1603,5383],"class_list":["post-32644","post","type-post","status-publish","format-standard","has-post-thumbnail","hentry","category-la-araucania","tag-audiovisuales","tag-cine","tag-premios","tag-puerto-montt","tag-realizadores"],"a3_pvc":{"activated":true,"total_views":35,"today_views":0},"_links":{"self":[{"href":"https:\/\/temucotelevision.cl\/web\/wp-json\/wp\/v2\/posts\/32644","targetHints":{"allow":["GET"]}}],"collection":[{"href":"https:\/\/temucotelevision.cl\/web\/wp-json\/wp\/v2\/posts"}],"about":[{"href":"https:\/\/temucotelevision.cl\/web\/wp-json\/wp\/v2\/types\/post"}],"author":[{"embeddable":true,"href":"https:\/\/temucotelevision.cl\/web\/wp-json\/wp\/v2\/users\/1"}],"replies":[{"embeddable":true,"href":"https:\/\/temucotelevision.cl\/web\/wp-json\/wp\/v2\/comments?post=32644"}],"version-history":[{"count":1,"href":"https:\/\/temucotelevision.cl\/web\/wp-json\/wp\/v2\/posts\/32644\/revisions"}],"predecessor-version":[{"id":32647,"href":"https:\/\/temucotelevision.cl\/web\/wp-json\/wp\/v2\/posts\/32644\/revisions\/32647"}],"wp:featuredmedia":[{"embeddable":true,"href":"https:\/\/temucotelevision.cl\/web\/wp-json\/wp\/v2\/media\/32645"}],"wp:attachment":[{"href":"https:\/\/temucotelevision.cl\/web\/wp-json\/wp\/v2\/media?parent=32644"}],"wp:term":[{"taxonomy":"category","embeddable":true,"href":"https:\/\/temucotelevision.cl\/web\/wp-json\/wp\/v2\/categories?post=32644"},{"taxonomy":"post_tag","embeddable":true,"href":"https:\/\/temucotelevision.cl\/web\/wp-json\/wp\/v2\/tags?post=32644"}],"curies":[{"name":"wp","href":"https:\/\/api.w.org\/{rel}","templated":true}]}}