{"id":32641,"date":"2022-06-11T14:12:04","date_gmt":"2022-06-11T17:12:04","guid":{"rendered":"https:\/\/temucotelevision.cl\/web\/?p=32641"},"modified":"2022-06-11T14:12:05","modified_gmt":"2022-06-11T17:12:05","slug":"desde-julio-urgencia-del-hospital-intercultural-de-nueva-imperial-ampliara-su-capacidad-de-atencion-en-un-80","status":"publish","type":"post","link":"https:\/\/temucotelevision.cl\/web\/2022\/06\/11\/desde-julio-urgencia-del-hospital-intercultural-de-nueva-imperial-ampliara-su-capacidad-de-atencion-en-un-80\/","title":{"rendered":"Desde julio Urgencia del Hospital Intercultural de Nueva Imperial ampliar\u00e1 su capacidad de atenci\u00f3n en un 80%"},"content":{"rendered":"<div class=\"pvc_clear\"><\/div><p id=\"pvc_stats_32641\" class=\"pvc_stats total_only  \" data-element-id=\"32641\" style=\"\"><i class=\"pvc-stats-icon large\" aria-hidden=\"true\"><svg aria-hidden=\"true\" focusable=\"false\" data-prefix=\"far\" data-icon=\"chart-bar\" role=\"img\" xmlns=\"http:\/\/www.w3.org\/2000\/svg\" viewBox=\"0 0 512 512\" class=\"svg-inline--fa fa-chart-bar fa-w-16 fa-2x\"><path fill=\"currentColor\" d=\"M396.8 352h22.4c6.4 0 12.8-6.4 12.8-12.8V108.8c0-6.4-6.4-12.8-12.8-12.8h-22.4c-6.4 0-12.8 6.4-12.8 12.8v230.4c0 6.4 6.4 12.8 12.8 12.8zm-192 0h22.4c6.4 0 12.8-6.4 12.8-12.8V140.8c0-6.4-6.4-12.8-12.8-12.8h-22.4c-6.4 0-12.8 6.4-12.8 12.8v198.4c0 6.4 6.4 12.8 12.8 12.8zm96 0h22.4c6.4 0 12.8-6.4 12.8-12.8V204.8c0-6.4-6.4-12.8-12.8-12.8h-22.4c-6.4 0-12.8 6.4-12.8 12.8v134.4c0 6.4 6.4 12.8 12.8 12.8zM496 400H48V80c0-8.84-7.16-16-16-16H16C7.16 64 0 71.16 0 80v336c0 17.67 14.33 32 32 32h464c8.84 0 16-7.16 16-16v-16c0-8.84-7.16-16-16-16zm-387.2-48h22.4c6.4 0 12.8-6.4 12.8-12.8v-70.4c0-6.4-6.4-12.8-12.8-12.8h-22.4c-6.4 0-12.8 6.4-12.8 12.8v70.4c0 6.4 6.4 12.8 12.8 12.8z\" class=\"\"><\/path><\/svg><\/i> <img loading=\"lazy\" decoding=\"async\" width=\"16\" height=\"16\" alt=\"Loading\" src=\"https:\/\/temucotelevision.cl\/web\/wp-content\/plugins\/page-views-count\/ajax-loader-2x.gif\" border=0 \/><\/p><div class=\"pvc_clear\"><\/div>\n<p><em>Trabajos estructurales permitir\u00e1n realizar el flujo de atenci\u00f3n por completo dentro del establecimiento, dejando atr\u00e1s la categorizaci\u00f3n exterior habilitada al inicio de la pandemia.<\/em><\/p>\n\n\n\n<p>Desde el 1 julio el servicio de Urgencia del Hospital Intercultural de Nueva Imperial (HINI) comenzar\u00e1 a funcionar de forma unificada con nuevas dependencias que se est\u00e1n adecuando dentro del establecimiento, las que permitir\u00e1n optimizar el flujo de atenci\u00f3n y aumentar la capacidad de observaci\u00f3n de pacientes.<\/p>\n\n\n\n<p>Los trabajos que iniciaron en el mes de mayo incluyen la intervenci\u00f3n de recursos f\u00edsicos del servicio para incrementar en cerca de un 80% la capacidad de atenci\u00f3n, incrementando la disponibilidad de observaci\u00f3n de 14 a 25 usuarios de forma simult\u00e1nea, con un incremento en la cantidad de camillas de observaci\u00f3n y sillones para atenci\u00f3n, con todos los implementos necesarios para una correcta atenci\u00f3n, y en un mismo sector del establecimiento, lo que permitir\u00e1 optimizar el flujo de pacientes.<\/p>\n\n\n\n<p><strong>Categorizaci\u00f3n integrada<\/strong><\/p>\n\n\n\n<p>Otra medida significativa que ser\u00e1 parte de los cambios, es que la categorizaci\u00f3n de pacientes, donde este es entrevistado por un profesional de enfermer\u00eda quien determina la categor\u00eda de su necesidad de atenci\u00f3n, que desde el inicio de la pandemia comenz\u00f3 a realizarse en un container habilitado en un anexo a la urgencia, se trasladar\u00e1 al interior de la unidad. Lo que es valorado por el director del establecimiento, Cristian Araneda.<\/p>\n\n\n\n<p>\u201cAl momento de instalar la figura de categorizaci\u00f3n dentro de la urgencia, la espera que actualmente se realiza para este efecto fuera del establecimiento, va a estar dentro de la sala de espera habitual del hospital. Esto es un tremendo avance para nuestra comunidad, por cuanto vamos a poder tener el acceso permitido dentro de una sala de espera convencional, con calefacci\u00f3n y condiciones adecuadas para nuestra poblaci\u00f3n. Por lo tanto, es un impacto que creemos que ser\u00e1 muy positivo para los usuarios de nuestra comuna\u201d, declar\u00f3 el director del HINI.<\/p>\n\n\n\n<p><strong>Orden en la atenci\u00f3n<\/strong><\/p>\n\n\n\n<p>Si bien el aumento de la capacidad de atenci\u00f3n en el hospital constituye un beneficio significativo para la poblaci\u00f3n, la jefa de la Urgencia del HINI, Dra. Camila Castillo, realiz\u00f3 un llamado a conocer lo niveles de la categorizaci\u00f3n de urgencias, que priorizan la gravedad del paciente antes que el orden de llegada.<\/p>\n\n\n\n<p>\u201cSabemos que para toda persona que consulta en un servicio de urgencia, su necesidad es la m\u00e1s importante, pero tenemos que definir c\u00f3mo ordenar la atenci\u00f3n y dar prioridad a un paciente m\u00e1s grave de uno con menor gravedad. Para eso es la categorizaci\u00f3n, y la que usamos en el HINI es la misma que usamos en la regi\u00f3n y en todo el pa\u00eds, es un sistema internacional dividido en 5 niveles, avalado internacionalmente\u201d, se\u00f1al\u00f3 la profesional m\u00e9dico.<\/p>\n\n\n\n<p>Los niveles de atenci\u00f3n de urgencias son cinco, y se estructuran de la siguiente forma: C<strong>1 para emergencia vital; C2 emergencia evidente; C3 urgencia mediana<\/strong>;&nbsp;<strong>C4 consulta m\u00e9dica sin riesgo vital; C5 consulta general. Para los niveles C4 y C5, se recomienda acudir a establecimientos de atenci\u00f3n primaria de urgencias, mientras que la mediana y alta complejidad ser\u00e1 priorizada en establecimiento de mediana o alta complejidad.<\/strong><\/p>\n\n\n\n<p>El hospital HINI es el establecimiento de mediana complejidad del Nodo Costero de la red asistencial Araucan\u00eda Sur, lo que incluye las derivaciones de pacientes de urgencia provenientes de Carahue, Saavedra, y Chol-chol, adem\u00e1s de las consultas espont\u00e1neas de los habitantes de la comuna de Nueva Imperial y alrededores, por lo que realizan un llamado a hacer un uso responsable de las consultas, considerando adem\u00e1s el inicio del invierno y la circulaci\u00f3n de virus de la temporada.<\/p>\n","protected":false},"excerpt":{"rendered":"<div class=\"pvc_clear\"><\/div>\n<p id=\"pvc_stats_32641\" class=\"pvc_stats total_only  \" data-element-id=\"32641\" style=\"\"><i class=\"pvc-stats-icon large\" aria-hidden=\"true\"><svg aria-hidden=\"true\" focusable=\"false\" data-prefix=\"far\" data-icon=\"chart-bar\" role=\"img\" xmlns=\"http:\/\/www.w3.org\/2000\/svg\" viewBox=\"0 0 512 512\" class=\"svg-inline--fa fa-chart-bar fa-w-16 fa-2x\"><path fill=\"currentColor\" d=\"M396.8 352h22.4c6.4 0 12.8-6.4 12.8-12.8V108.8c0-6.4-6.4-12.8-12.8-12.8h-22.4c-6.4 0-12.8 6.4-12.8 12.8v230.4c0 6.4 6.4 12.8 12.8 12.8zm-192 0h22.4c6.4 0 12.8-6.4 12.8-12.8V140.8c0-6.4-6.4-12.8-12.8-12.8h-22.4c-6.4 0-12.8 6.4-12.8 12.8v198.4c0 6.4 6.4 12.8 12.8 12.8zm96 0h22.4c6.4 0 12.8-6.4 12.8-12.8V204.8c0-6.4-6.4-12.8-12.8-12.8h-22.4c-6.4 0-12.8 6.4-12.8 12.8v134.4c0 6.4 6.4 12.8 12.8 12.8zM496 400H48V80c0-8.84-7.16-16-16-16H16C7.16 64 0 71.16 0 80v336c0 17.67 14.33 32 32 32h464c8.84 0 16-7.16 16-16v-16c0-8.84-7.16-16-16-16zm-387.2-48h22.4c6.4 0 12.8-6.4 12.8-12.8v-70.4c0-6.4-6.4-12.8-12.8-12.8h-22.4c-6.4 0-12.8 6.4-12.8 12.8v70.4c0 6.4 6.4 12.8 12.8 12.8z\" class=\"\"><\/path><\/svg><\/i> <img loading=\"lazy\" decoding=\"async\" width=\"16\" height=\"16\" alt=\"Loading\" src=\"https:\/\/temucotelevision.cl\/web\/wp-content\/plugins\/page-views-count\/ajax-loader-2x.gif\" border=0 \/><\/p>\n<div class=\"pvc_clear\"><\/div>\n<p>Trabajos estructurales permitir\u00e1n realizar el flujo de atenci\u00f3n por completo dentro del establecimiento, dejando atr\u00e1s la categorizaci\u00f3n exterior habilitada al<\/p>\n","protected":false},"author":1,"featured_media":32642,"comment_status":"open","ping_status":"open","sticky":false,"template":"","format":"standard","meta":{"colormag_page_container_layout":"default_layout","colormag_page_sidebar_layout":"default_layout","footnotes":""},"categories":[15],"tags":[253,5382,128,4524],"class_list":["post-32641","post","type-post","status-publish","format-standard","has-post-thumbnail","hentry","category-la-araucania","tag-atencion","tag-capacidad","tag-hospital","tag-intercultural"],"a3_pvc":{"activated":true,"total_views":179,"today_views":0},"_links":{"self":[{"href":"https:\/\/temucotelevision.cl\/web\/wp-json\/wp\/v2\/posts\/32641","targetHints":{"allow":["GET"]}}],"collection":[{"href":"https:\/\/temucotelevision.cl\/web\/wp-json\/wp\/v2\/posts"}],"about":[{"href":"https:\/\/temucotelevision.cl\/web\/wp-json\/wp\/v2\/types\/post"}],"author":[{"embeddable":true,"href":"https:\/\/temucotelevision.cl\/web\/wp-json\/wp\/v2\/users\/1"}],"replies":[{"embeddable":true,"href":"https:\/\/temucotelevision.cl\/web\/wp-json\/wp\/v2\/comments?post=32641"}],"version-history":[{"count":1,"href":"https:\/\/temucotelevision.cl\/web\/wp-json\/wp\/v2\/posts\/32641\/revisions"}],"predecessor-version":[{"id":32643,"href":"https:\/\/temucotelevision.cl\/web\/wp-json\/wp\/v2\/posts\/32641\/revisions\/32643"}],"wp:featuredmedia":[{"embeddable":true,"href":"https:\/\/temucotelevision.cl\/web\/wp-json\/wp\/v2\/media\/32642"}],"wp:attachment":[{"href":"https:\/\/temucotelevision.cl\/web\/wp-json\/wp\/v2\/media?parent=32641"}],"wp:term":[{"taxonomy":"category","embeddable":true,"href":"https:\/\/temucotelevision.cl\/web\/wp-json\/wp\/v2\/categories?post=32641"},{"taxonomy":"post_tag","embeddable":true,"href":"https:\/\/temucotelevision.cl\/web\/wp-json\/wp\/v2\/tags?post=32641"}],"curies":[{"name":"wp","href":"https:\/\/api.w.org\/{rel}","templated":true}]}}