{"id":32638,"date":"2022-06-10T21:13:36","date_gmt":"2022-06-11T00:13:36","guid":{"rendered":"https:\/\/temucotelevision.cl\/web\/?p=32638"},"modified":"2022-06-10T21:13:37","modified_gmt":"2022-06-11T00:13:37","slug":"ocho-millones-de-personas-mueren-anualmente-por-causa-del-tabaquismo-en-chile-de-las-cuales-7-millones-son-consumidores-de-cigarros-y-un-millon-son-fumadores-de-segunda-mano-o-indirectos","status":"publish","type":"post","link":"https:\/\/temucotelevision.cl\/web\/2022\/06\/10\/ocho-millones-de-personas-mueren-anualmente-por-causa-del-tabaquismo-en-chile-de-las-cuales-7-millones-son-consumidores-de-cigarros-y-un-millon-son-fumadores-de-segunda-mano-o-indirectos\/","title":{"rendered":"Ocho millones de personas mueren anualmente por causa del tabaquismo en Chile, de las cuales 7 millones son consumidores de cigarros y un mill\u00f3n son fumadores de segunda mano o indirectos"},"content":{"rendered":"<div class=\"pvc_clear\"><\/div><p id=\"pvc_stats_32638\" class=\"pvc_stats total_only  \" data-element-id=\"32638\" style=\"\"><i class=\"pvc-stats-icon large\" aria-hidden=\"true\"><svg aria-hidden=\"true\" focusable=\"false\" data-prefix=\"far\" data-icon=\"chart-bar\" role=\"img\" xmlns=\"http:\/\/www.w3.org\/2000\/svg\" viewBox=\"0 0 512 512\" class=\"svg-inline--fa fa-chart-bar fa-w-16 fa-2x\"><path fill=\"currentColor\" d=\"M396.8 352h22.4c6.4 0 12.8-6.4 12.8-12.8V108.8c0-6.4-6.4-12.8-12.8-12.8h-22.4c-6.4 0-12.8 6.4-12.8 12.8v230.4c0 6.4 6.4 12.8 12.8 12.8zm-192 0h22.4c6.4 0 12.8-6.4 12.8-12.8V140.8c0-6.4-6.4-12.8-12.8-12.8h-22.4c-6.4 0-12.8 6.4-12.8 12.8v198.4c0 6.4 6.4 12.8 12.8 12.8zm96 0h22.4c6.4 0 12.8-6.4 12.8-12.8V204.8c0-6.4-6.4-12.8-12.8-12.8h-22.4c-6.4 0-12.8 6.4-12.8 12.8v134.4c0 6.4 6.4 12.8 12.8 12.8zM496 400H48V80c0-8.84-7.16-16-16-16H16C7.16 64 0 71.16 0 80v336c0 17.67 14.33 32 32 32h464c8.84 0 16-7.16 16-16v-16c0-8.84-7.16-16-16-16zm-387.2-48h22.4c6.4 0 12.8-6.4 12.8-12.8v-70.4c0-6.4-6.4-12.8-12.8-12.8h-22.4c-6.4 0-12.8 6.4-12.8 12.8v70.4c0 6.4 6.4 12.8 12.8 12.8z\" class=\"\"><\/path><\/svg><\/i> <img loading=\"lazy\" decoding=\"async\" width=\"16\" height=\"16\" alt=\"Loading\" src=\"https:\/\/temucotelevision.cl\/web\/wp-content\/plugins\/page-views-count\/ajax-loader-2x.gif\" border=0 \/><\/p><div class=\"pvc_clear\"><\/div>\n<p>El Gobierno eval\u00faa la posibilidad de implementar un nuevo impuesto para salud que gravar\u00eda el tabaco, lo que adem\u00e1s busca incidir en una disminuci\u00f3n en el consumo de cigarros.<\/p>\n\n\n\n<p>En el marco del pasado d\u00eda Mundial sin Tabaco, el Subsecretario de Salud P\u00fablica, Dr. Crist\u00f3bal Cuadrado, asegur\u00f3 que 9 de cada 10 fumadores es afectado por un c\u00e1ncer de pulm\u00f3n, mientras que 52 personas mueren en el pa\u00eds por d\u00eda a causa de los efectos del tabaquismo.<\/p>\n\n\n\n<p>En el Seminario Tabaquismo y Mujer, una peligrosa Ecuaci\u00f3n, organizado por la Fundaci\u00f3n Foro Nacional de C\u00e1ncer, el Dr. Cuadrado asegur\u00f3 que 1,7 puntos del PIB se gastan s\u00f3lo en externalidades negativas del tabaquismo, a causa de p\u00e9rdida de productividad laboral y costos que recaen en los cuidadores, por ejemplo. Lo que representa alrededor de mil 680 millones de pesos.<\/p>\n\n\n\n<p>Los efectos directos del tabaquismo en el sistema de salud del pa\u00eds, equivale a m\u00e1s de mil 540 millones de pesos, de gastos anuales.<\/p>\n\n\n\n<p>Acciones en desarrollo.&nbsp;<\/p>\n\n\n\n<p>El Subsecretario de Salud p\u00fablica destac\u00f3 que existen una serie de medidas que se eval\u00faan para enfrentar el impacto directo y los indirectos del tabaquismo. C\u00f3mo por ejemplo, la posibilidad de una pronta implementaci\u00f3n de la cajetilla plana. Es decir, cajetillas sin publicidad ni otros mensajes, m\u00e1s que aquellos que advierten los efectos adversos del cigarro.<\/p>\n\n\n\n<p>Entre los anuncios, el Dr. Cuadrado indic\u00f3 que se estudian medidas tendientes a incorporar campa\u00f1as de prevenci\u00f3n con una mirada de g\u00e9nero, ya que las mujeres siguen siendo las m\u00e1s fumadoras en el pa\u00eds y, adem\u00e1s, implementar programas de cesaci\u00f3n de tabaco, para ayudar a los fumadores a dejar el h\u00e1bito.&nbsp;<\/p>\n\n\n\n<p>&nbsp;&nbsp;Si bien en Chile se ha producido una baja&nbsp; en los \u00edndices de consumo de tabajo en los \u00faltimos 10 a\u00f1os, sigue entre los pa\u00edses de la regi\u00f3n con m\u00e1s prevalencia, con una edad de inicio de 13,9 a\u00f1os seg\u00fan el Servicio Nacional para la Prevenci\u00f3n y Rehabilitaci\u00f3n del Consumo de Drogas y Alcohol (SENDA). \u201cEn el a\u00f1o 2003 en Chile fumaba el 46% de los mayores de 15 a\u00f1os, hoy tenemos un 33%. Pero lo curioso, es que seguimos siendo los m\u00e1s fumadores de Latinoam\u00e9rica. Las mujeres en Chile comienzan a fumar muy j\u00f3venes y durante la adolescencia ellas fuman m\u00e1s que los hombres y eso es muy extra\u00f1o , porque en todas las partes del mundo es al rev\u00e9s\u201d, explica&nbsp; Mar\u00eda Teresa&nbsp; Valenzuela, periodista y salubrista, perteneciente a la&nbsp; ONG Chile sin Tabaco e integrante de la Mesa ciudadana Tabaco o Salud.<\/p>\n\n\n\n<p>Para la salubrista, adem\u00e1s de lo anterior, entre los 20 y 40 a\u00f1os las mujeres est\u00e1n fumando casi lo mismo que los hombres en cantidad. Lo grave de \u00e9sto es que no s\u00f3lo las afecta en su calidad de vida , sino que suma un componente m\u00e1s a las inequidades de g\u00e9nero que existen en nuestra sociedad en cuanto a salud p\u00fablica.<\/p>\n\n\n\n<p>En esto coincide B\u00e1ltica Cabieses, directora del&nbsp; Programa Estudios Sociales en Salud, de la Facultad de Medicina de la&nbsp; Universidad del Desarrollo (UDD), quien present\u00f3 el estudio&nbsp; sobre la evidencia de la&nbsp; brecha existente en la trayectoria terap\u00e9utica en la mujer con c\u00e1ncer de pulm\u00f3n y mama en Chile. \u201cHay un mont\u00f3n de barreras a lo largo de toda la trayectoria terap\u00e9utica y algunas tan intensas que producen cuellos de botella en t\u00e9rminos de gesti\u00f3n de salud. De hecho, Chile tiene en su sistema de salud transversalmente el inter\u00e9s de tener un enfoque de g\u00e9nero real y palpable en todas sus prestaciones, pero eso no ha sido conquistado, m\u00e1s bien es un ideal. Es m\u00e1s f\u00e1cil verlo en&nbsp; salud&nbsp; sexual y reproductiva, pero incluso ah\u00ed existe el riesgo de reducir el enfoque solo a eso. Hay riesgos y debilidades transversales en la forma amplia porque incluso la atenci\u00f3n&nbsp; preventiva en hombres podr\u00eda tener una perspectiva de g\u00e9nero\u201d, plantea.<\/p>\n\n\n\n<p>Tabaquismo y mujer<\/p>\n\n\n\n<p>Al hablar de tabaquismo y su alta prevalencia en las mujeres, la problem\u00e1tica de la edad es un punto: \u201cLa alta prevalencia se da en&nbsp; la edad m\u00e1s productiva y reproductiva de la mujer. Hace unos a\u00f1os atr\u00e1s se hizo un estudio y las mujeres embarazadas que fumaban&nbsp; eran cercca de un 28%. Eso tiene efectos bastante malos para las mujeres y los bebes por supuesto: bajo peso al nacer , riesgo de enfermedades respiratorias severas, mayor riesgo de muerte s\u00fabita, entre otros\u201d, se\u00f1ala Valenzuela.<\/p>\n\n\n\n<p>Otro punto importante de destacar en el tema de g\u00e9nero y tabaquismo son las razones por las que las mujeres dicen fumar: \u201cCuando t\u00fa le preguntas a los hombres ellos te dan razones con un contexto m\u00e1s l\u00fadico como \u201ccuando nos juntamos con amigos, lo pasamos bien,etc.\u201d.&nbsp; Las mujeres muchas veces te responden&nbsp; \u201cyo fumo porque estoy tan tensa y es el espacio para relajarme un poco \u201c o \u201c yo fumo porque es el \u00fanico momento para mi sola porque el resto estoy en funci\u00f3n de mis hijos, de la casa, etc\u201d. Hay un componente de salud mental super importante&nbsp; en el tabaquismo de las mujeres por lo que hay que abordarlo en forma diferenciada. Un ejemplo: hasta el a\u00f1o 2014 las advertencias que se pon\u00edan en los cigarrillos nunca incluian una imagen que tuviera que ver&nbsp; con una mujer, ese a\u00f1o por primera vez apareci\u00f3&nbsp; una mujer embarazada. Ac\u00e1 nos preguntamos, \u00bfCon qu\u00e9 relacionas t\u00fa a la mujer con el tabaco?, \u00bfes solamente con su rol de madre? \u00bfO es en su rol de mujer donde ella necesita o tiene una conducta de riesgo espec\u00edfica con eso? Eso te demuestra que no hay concienccia de la diferenciaci\u00f3n de las necesidades de la mujeres respecto de los hombres por qu\u00e9 fuman\u201d.<\/p>\n\n\n\n<p>C\u00e1ncer y mujer<\/p>\n\n\n\n<p>Respecto de las consecuencias directas del tabaquismo, anualmente&nbsp; mueren 3.203 personas por c\u00e1ncer de pulm\u00f3n y 3.039 por otro tipo de c\u00e1nceres relacionados, seg\u00fan el Minsal. En el caso de las mujeres, un punto importante es el rol de \u00e9stas con el consumo pasivo de tabaco y su relaci\u00f3n con el c\u00e1ncer de pulm\u00f3n. Estudios han se\u00f1alado que gran parte de los afectados por c\u00e1ncer de pulm\u00f3n sin ser fumadores, son mujeres y eso tiene un riesgo muy alto. \u201cAunque hoy hay mucho m\u00e1s conciencia y la gente sale o abre la ventana para fumar, igual el humo entra a las casas. El humo ambiental del tabaco en los hogares tambi\u00e9n es un problema serio y probablemnete con la pandemia ha aumentado\u201d, explica Mar\u00eda Teresa Valenzela.<\/p>\n\n\n\n<p>Si tomamos esto en cuenta, el acercamiento de ellas a la enfermedad se torna relevante para un enfoque de g\u00e9nero en t\u00e9rminos p\u00fablicos.&nbsp; Frente a esto, B\u00e1ltica Cabieses explica que justamente el objetivo del estudio que dirigi\u00f3 en la UDD fue levantar informaci\u00f3n desde la voz de los pacientes sobre las trayectorias terap\u00e9uticas que estas personas han tenido de sus experiencias viviendo con c\u00e1ncer de mama y pulm\u00f3n en Chile \u201cpara distinguir ciertas diferencias en esta trayectoria desde el diagn\u00f3stico hasta el manejo de la enfermedad entre hombres y mujeres, nivel socioecon\u00f3mico y sistema p\u00fablico y privado\u201d. De este estudio surgieron ciertos hallazgos desde la perspectiva de g\u00e9nero y su manejo frente a la enfermedad:<\/p>\n\n\n\n<p>\u2022&nbsp;&nbsp;&nbsp;&nbsp;&nbsp;&nbsp;&nbsp;&nbsp;&nbsp;&nbsp;&nbsp;&nbsp; Cuidado de otros: Hay un rol muy ligado a lo femenino que tiene que ver con el cuidado de otros (hijos, de padres, etc.). Generalmente se dio que la mujer tuviera m\u00e1s atenci\u00f3n en el cuidado de otros que de s\u00ed misma lo que llev\u00f3 a que muchas de las entrevistadas ignoraran s\u00edntomas para consultar m\u00e1s tard\u00edamente.<\/p>\n\n\n\n<p>\u2022&nbsp;&nbsp;&nbsp;&nbsp;&nbsp;&nbsp;&nbsp;&nbsp;&nbsp;&nbsp;&nbsp;&nbsp; Acomodar la enfermedad: Muchas llevaban, adem\u00e1s de la carga del c\u00e1ncer, otros roles como cuidadora de otros o incluso, proveedora. Eran comunes relatos como \u201cconsult\u00e9 cuando era el horario que yo no ten\u00eda que cuidar a mi hijo, cuando estaban en el colegio\u201d. \u201cFue com\u00fan la experiencia de la trayectoria terap\u00e9utica asociada a la disponibilidad de tiempo, Eso es muy importante porque ti\u00f1e toda la experiencia y pone ciertos l\u00edmites tambi\u00e9n. Primero cuido y luego acomodo mi enfermedad\u201d. se\u00f1ala Cabieses.<\/p>\n\n\n\n<p>\u2022&nbsp;&nbsp;&nbsp;&nbsp;&nbsp;&nbsp;&nbsp;&nbsp;&nbsp;&nbsp;&nbsp;&nbsp; Multitarea: Hay un grupo de mujeres que siguen trabajando. \u201cNo solo me encargo de la enfermedad, cuidar al otro, criar, sino tambi\u00e9n de trabajar. Eso lleva una sobrecarga e incluso, impide conectarse con las emociones, de vivir la experiencia de enfrentar el c\u00e1ncer\u201d.&nbsp;<\/p>\n\n\n\n<p>\u2022&nbsp;&nbsp;&nbsp;&nbsp;&nbsp;&nbsp;&nbsp;&nbsp;&nbsp;&nbsp;&nbsp;&nbsp; Sistema de salud invalidante: \u201cHay muchos testimonios que dijeron que el sistema de salud no les ha dado un lugar v\u00e1lido: \u201cyo sent\u00eda que mi mama estaba rara, sent\u00eda un poroto, me dol\u00eda\u201d y del otro lado, el equipo de salud le contestaba que eso era normal para su edad, que no se preocupara.&nbsp; Hay una invalidez de la percepci\u00f3n de la mujer que conoce su cuerpo\u201d, dice B\u00e1ltica Cabieses.<\/p>\n\n\n\n<p>\u2022&nbsp;&nbsp;&nbsp;&nbsp;&nbsp;&nbsp;&nbsp;&nbsp;&nbsp;&nbsp;&nbsp;&nbsp; Conexi\u00f3n con la emocionalidad: Existe evidencia importante de las emociones super interesante con enfoque de g\u00e9nero cuando se vive con c\u00e1ncer. La mujer est\u00e1 m\u00e1s conectada que los hombres con sus emociones y los expresan abiertamente. \u201cEso tambi\u00e9n nos habla de lo masculino, un enfoque de g\u00e9nero m\u00e1s amplio en el que el hombre le cuesta conectar con sus emociones, por su rol proveedor de protector que se sacrifica para poner el bienestar de su familia primero\u201d, finaliza explicando la investigadora.<\/p>\n","protected":false},"excerpt":{"rendered":"<div class=\"pvc_clear\"><\/div>\n<p id=\"pvc_stats_32638\" class=\"pvc_stats total_only  \" data-element-id=\"32638\" style=\"\"><i class=\"pvc-stats-icon large\" aria-hidden=\"true\"><svg aria-hidden=\"true\" focusable=\"false\" data-prefix=\"far\" data-icon=\"chart-bar\" role=\"img\" xmlns=\"http:\/\/www.w3.org\/2000\/svg\" viewBox=\"0 0 512 512\" class=\"svg-inline--fa fa-chart-bar fa-w-16 fa-2x\"><path fill=\"currentColor\" d=\"M396.8 352h22.4c6.4 0 12.8-6.4 12.8-12.8V108.8c0-6.4-6.4-12.8-12.8-12.8h-22.4c-6.4 0-12.8 6.4-12.8 12.8v230.4c0 6.4 6.4 12.8 12.8 12.8zm-192 0h22.4c6.4 0 12.8-6.4 12.8-12.8V140.8c0-6.4-6.4-12.8-12.8-12.8h-22.4c-6.4 0-12.8 6.4-12.8 12.8v198.4c0 6.4 6.4 12.8 12.8 12.8zm96 0h22.4c6.4 0 12.8-6.4 12.8-12.8V204.8c0-6.4-6.4-12.8-12.8-12.8h-22.4c-6.4 0-12.8 6.4-12.8 12.8v134.4c0 6.4 6.4 12.8 12.8 12.8zM496 400H48V80c0-8.84-7.16-16-16-16H16C7.16 64 0 71.16 0 80v336c0 17.67 14.33 32 32 32h464c8.84 0 16-7.16 16-16v-16c0-8.84-7.16-16-16-16zm-387.2-48h22.4c6.4 0 12.8-6.4 12.8-12.8v-70.4c0-6.4-6.4-12.8-12.8-12.8h-22.4c-6.4 0-12.8 6.4-12.8 12.8v70.4c0 6.4 6.4 12.8 12.8 12.8z\" class=\"\"><\/path><\/svg><\/i> <img loading=\"lazy\" decoding=\"async\" width=\"16\" height=\"16\" alt=\"Loading\" src=\"https:\/\/temucotelevision.cl\/web\/wp-content\/plugins\/page-views-count\/ajax-loader-2x.gif\" border=0 \/><\/p>\n<div class=\"pvc_clear\"><\/div>\n<p>El Gobierno eval\u00faa la posibilidad de implementar un nuevo impuesto para salud que gravar\u00eda el tabaco, lo que adem\u00e1s busca<\/p>\n","protected":false},"author":1,"featured_media":32639,"comment_status":"open","ping_status":"open","sticky":false,"template":"","format":"standard","meta":{"colormag_page_container_layout":"default_layout","colormag_page_sidebar_layout":"default_layout","footnotes":""},"categories":[101],"tags":[1873,865,5381,5380,766,3026],"class_list":["post-32638","post","type-post","status-publish","format-standard","has-post-thumbnail","hentry","category-actualidad","tag-cigarro","tag-consumidores","tag-fumadores","tag-muertes","tag-personas","tag-tabaco"],"a3_pvc":{"activated":true,"total_views":66,"today_views":0},"_links":{"self":[{"href":"https:\/\/temucotelevision.cl\/web\/wp-json\/wp\/v2\/posts\/32638","targetHints":{"allow":["GET"]}}],"collection":[{"href":"https:\/\/temucotelevision.cl\/web\/wp-json\/wp\/v2\/posts"}],"about":[{"href":"https:\/\/temucotelevision.cl\/web\/wp-json\/wp\/v2\/types\/post"}],"author":[{"embeddable":true,"href":"https:\/\/temucotelevision.cl\/web\/wp-json\/wp\/v2\/users\/1"}],"replies":[{"embeddable":true,"href":"https:\/\/temucotelevision.cl\/web\/wp-json\/wp\/v2\/comments?post=32638"}],"version-history":[{"count":1,"href":"https:\/\/temucotelevision.cl\/web\/wp-json\/wp\/v2\/posts\/32638\/revisions"}],"predecessor-version":[{"id":32640,"href":"https:\/\/temucotelevision.cl\/web\/wp-json\/wp\/v2\/posts\/32638\/revisions\/32640"}],"wp:featuredmedia":[{"embeddable":true,"href":"https:\/\/temucotelevision.cl\/web\/wp-json\/wp\/v2\/media\/32639"}],"wp:attachment":[{"href":"https:\/\/temucotelevision.cl\/web\/wp-json\/wp\/v2\/media?parent=32638"}],"wp:term":[{"taxonomy":"category","embeddable":true,"href":"https:\/\/temucotelevision.cl\/web\/wp-json\/wp\/v2\/categories?post=32638"},{"taxonomy":"post_tag","embeddable":true,"href":"https:\/\/temucotelevision.cl\/web\/wp-json\/wp\/v2\/tags?post=32638"}],"curies":[{"name":"wp","href":"https:\/\/api.w.org\/{rel}","templated":true}]}}