{"id":32636,"date":"2022-06-10T21:05:27","date_gmt":"2022-06-11T00:05:27","guid":{"rendered":"https:\/\/temucotelevision.cl\/web\/?p=32636"},"modified":"2022-06-10T21:05:28","modified_gmt":"2022-06-11T00:05:28","slug":"diputado-leal-llama-al-gobierno-a-mejorar-aporte-economico-que-reciben-cuidadores-informales-de-personas-con-discapacidad","status":"publish","type":"post","link":"https:\/\/temucotelevision.cl\/web\/2022\/06\/10\/diputado-leal-llama-al-gobierno-a-mejorar-aporte-economico-que-reciben-cuidadores-informales-de-personas-con-discapacidad\/","title":{"rendered":"Diputado Leal llama al Gobierno a mejorar aporte econ\u00f3mico que reciben cuidadores informales de personas con discapacidad"},"content":{"rendered":"<div class=\"pvc_clear\"><\/div><p id=\"pvc_stats_32636\" class=\"pvc_stats total_only  \" data-element-id=\"32636\" style=\"\"><i class=\"pvc-stats-icon large\" aria-hidden=\"true\"><svg aria-hidden=\"true\" focusable=\"false\" data-prefix=\"far\" data-icon=\"chart-bar\" role=\"img\" xmlns=\"http:\/\/www.w3.org\/2000\/svg\" viewBox=\"0 0 512 512\" class=\"svg-inline--fa fa-chart-bar fa-w-16 fa-2x\"><path fill=\"currentColor\" d=\"M396.8 352h22.4c6.4 0 12.8-6.4 12.8-12.8V108.8c0-6.4-6.4-12.8-12.8-12.8h-22.4c-6.4 0-12.8 6.4-12.8 12.8v230.4c0 6.4 6.4 12.8 12.8 12.8zm-192 0h22.4c6.4 0 12.8-6.4 12.8-12.8V140.8c0-6.4-6.4-12.8-12.8-12.8h-22.4c-6.4 0-12.8 6.4-12.8 12.8v198.4c0 6.4 6.4 12.8 12.8 12.8zm96 0h22.4c6.4 0 12.8-6.4 12.8-12.8V204.8c0-6.4-6.4-12.8-12.8-12.8h-22.4c-6.4 0-12.8 6.4-12.8 12.8v134.4c0 6.4 6.4 12.8 12.8 12.8zM496 400H48V80c0-8.84-7.16-16-16-16H16C7.16 64 0 71.16 0 80v336c0 17.67 14.33 32 32 32h464c8.84 0 16-7.16 16-16v-16c0-8.84-7.16-16-16-16zm-387.2-48h22.4c6.4 0 12.8-6.4 12.8-12.8v-70.4c0-6.4-6.4-12.8-12.8-12.8h-22.4c-6.4 0-12.8 6.4-12.8 12.8v70.4c0 6.4 6.4 12.8 12.8 12.8z\" class=\"\"><\/path><\/svg><\/i> <img loading=\"lazy\" decoding=\"async\" width=\"16\" height=\"16\" alt=\"Loading\" src=\"https:\/\/temucotelevision.cl\/web\/wp-content\/plugins\/page-views-count\/ajax-loader-2x.gif\" border=0 \/><\/p><div class=\"pvc_clear\"><\/div>\n<p><em>El representante de La Araucan\u00eda present\u00f3 un proyecto de resoluci\u00f3n para aumentar de $30.879 a $100.000 pesos el monto que el Estado le otorga a quienes cumplen dicha labor, que principalmente son familiares que se dedican a atender a personas con dependencia.<\/em>&nbsp;<\/p>\n\n\n\n<p>El diputado por la Regi\u00f3n de La Araucan\u00eda, Henry Leal (UDI), present\u00f3 esta ma\u00f1ana un proyecto de resoluci\u00f3n para solicitarle al Gobierno que pueda crear una mesa de trabajo con quienes realizan labores de cuidado de manera informal en el pa\u00eds, especialmente los que atienden a personas con alg\u00fan grado de discapacidad, de manera de buscar una alternativa para aumentar el aporte econ\u00f3mico de $30.879 pesos que actualmente reciben por parte del Estado.<\/p>\n\n\n\n<p>Al respecto, el parlamentario gremialista asegur\u00f3 que es \u201cfundamental\u201d que el Ejecutivo, a trav\u00e9s del Ministerio de Desarrollo Social y Familia, eval\u00fae mejorar el estipendio que reciben los cuidadores, considerando principalmente el alza en el costo de la vida registrado durante el \u00faltimo a\u00f1o, en espec\u00edfico en los servicios y los productos de la canasta b\u00e1sica de alimentos.<\/p>\n\n\n\n<p>\u201cDebido al aumento de la inflaci\u00f3n y lo dif\u00edcil que est\u00e1 siendo para los chilenos llegar a fin de mes, es urgente que el Gobierno no descuide a ning\u00fan grupo de nuestra poblaci\u00f3n, por ejemplo a quienes se desempe\u00f1an como cuidadores, especialmente los que atienden a personas en situaci\u00f3n de discapacidad. Lamentablemente, hay muchas personas -principalmente familiares- que realizan esta labor de manera informal, por lo que requieren que el Estado les tienda una mano, sobre todo dado el actual escenario econ\u00f3mico que estamos viviendo como pa\u00eds\u201d, sostuvo el diputado Leal.<\/p>\n\n\n\n<p>En esa l\u00ednea, el representante del Distrito 23 record\u00f3 que el &#8220;Programa de Pago de Cuidadores de Personas con Discapacidad&#8221;, creado en 2016, estableci\u00f3 el primer monto en $26.000 pesos, lo que en ese entonces permit\u00eda cubrir un 64% del valor de una canasta b\u00e1sica de alimentos. Sin embargo, advirti\u00f3 que los $30.879 pesos que se otorgan actualmente s\u00f3lo alcanzan para cubrir un 55% del valor de una canasta b\u00e1sica ($55.346), por lo que llam\u00f3 al Gobierno a aumentar el monto de manera gradual hasta llegar a lo equivalente a un 25% del ingreso m\u00ednimo, es decir, a los $100.000 pesos.<\/p>\n\n\n\n<p>\u201cNo queremos que ninguna persona en nuestro pa\u00eds, especialmente las m\u00e1s vulnerables y de escasos recursos, o quienes han dedicado su vida a servir a los dem\u00e1s, como los cuidadores, tengan que superar esta crisis econ\u00f3mica rasc\u00e1ndose con sus propias u\u00f1as. Por eso hemos decidido presentar este proyecto, para que el Gobierno cree una mesa de trabajo con los cuidadores informales y en conjunto eval\u00faen cu\u00e1les son las pol\u00edticas p\u00fablicas que se requieren en materia econ\u00f3mica, laboral y de seguridad social. Pero adem\u00e1s, el objetivo principal es conseguir que las autoridades mejoren el actual aporte econ\u00f3mico que se entrega, como tambi\u00e9n que le otorguen m\u00e1xima urgencia a todos los proyectos que hoy duermen en el Congreso\u201d, recalc\u00f3 Leal.<\/p>\n","protected":false},"excerpt":{"rendered":"<div class=\"pvc_clear\"><\/div>\n<p id=\"pvc_stats_32636\" class=\"pvc_stats total_only  \" data-element-id=\"32636\" style=\"\"><i class=\"pvc-stats-icon large\" aria-hidden=\"true\"><svg aria-hidden=\"true\" focusable=\"false\" data-prefix=\"far\" data-icon=\"chart-bar\" role=\"img\" xmlns=\"http:\/\/www.w3.org\/2000\/svg\" viewBox=\"0 0 512 512\" class=\"svg-inline--fa fa-chart-bar fa-w-16 fa-2x\"><path fill=\"currentColor\" d=\"M396.8 352h22.4c6.4 0 12.8-6.4 12.8-12.8V108.8c0-6.4-6.4-12.8-12.8-12.8h-22.4c-6.4 0-12.8 6.4-12.8 12.8v230.4c0 6.4 6.4 12.8 12.8 12.8zm-192 0h22.4c6.4 0 12.8-6.4 12.8-12.8V140.8c0-6.4-6.4-12.8-12.8-12.8h-22.4c-6.4 0-12.8 6.4-12.8 12.8v198.4c0 6.4 6.4 12.8 12.8 12.8zm96 0h22.4c6.4 0 12.8-6.4 12.8-12.8V204.8c0-6.4-6.4-12.8-12.8-12.8h-22.4c-6.4 0-12.8 6.4-12.8 12.8v134.4c0 6.4 6.4 12.8 12.8 12.8zM496 400H48V80c0-8.84-7.16-16-16-16H16C7.16 64 0 71.16 0 80v336c0 17.67 14.33 32 32 32h464c8.84 0 16-7.16 16-16v-16c0-8.84-7.16-16-16-16zm-387.2-48h22.4c6.4 0 12.8-6.4 12.8-12.8v-70.4c0-6.4-6.4-12.8-12.8-12.8h-22.4c-6.4 0-12.8 6.4-12.8 12.8v70.4c0 6.4 6.4 12.8 12.8 12.8z\" class=\"\"><\/path><\/svg><\/i> <img loading=\"lazy\" decoding=\"async\" width=\"16\" height=\"16\" alt=\"Loading\" src=\"https:\/\/temucotelevision.cl\/web\/wp-content\/plugins\/page-views-count\/ajax-loader-2x.gif\" border=0 \/><\/p>\n<div class=\"pvc_clear\"><\/div>\n<p>El representante de La Araucan\u00eda present\u00f3 un proyecto de resoluci\u00f3n para aumentar de $30.879 a $100.000 pesos el monto que<\/p>\n","protected":false},"author":1,"featured_media":18772,"comment_status":"open","ping_status":"open","sticky":false,"template":"","format":"standard","meta":{"colormag_page_container_layout":"default_layout","colormag_page_sidebar_layout":"default_layout","footnotes":""},"categories":[84],"tags":[],"class_list":["post-32636","post","type-post","status-publish","format-standard","has-post-thumbnail","hentry","category-politica"],"a3_pvc":{"activated":true,"total_views":44,"today_views":0},"_links":{"self":[{"href":"https:\/\/temucotelevision.cl\/web\/wp-json\/wp\/v2\/posts\/32636","targetHints":{"allow":["GET"]}}],"collection":[{"href":"https:\/\/temucotelevision.cl\/web\/wp-json\/wp\/v2\/posts"}],"about":[{"href":"https:\/\/temucotelevision.cl\/web\/wp-json\/wp\/v2\/types\/post"}],"author":[{"embeddable":true,"href":"https:\/\/temucotelevision.cl\/web\/wp-json\/wp\/v2\/users\/1"}],"replies":[{"embeddable":true,"href":"https:\/\/temucotelevision.cl\/web\/wp-json\/wp\/v2\/comments?post=32636"}],"version-history":[{"count":1,"href":"https:\/\/temucotelevision.cl\/web\/wp-json\/wp\/v2\/posts\/32636\/revisions"}],"predecessor-version":[{"id":32637,"href":"https:\/\/temucotelevision.cl\/web\/wp-json\/wp\/v2\/posts\/32636\/revisions\/32637"}],"wp:featuredmedia":[{"embeddable":true,"href":"https:\/\/temucotelevision.cl\/web\/wp-json\/wp\/v2\/media\/18772"}],"wp:attachment":[{"href":"https:\/\/temucotelevision.cl\/web\/wp-json\/wp\/v2\/media?parent=32636"}],"wp:term":[{"taxonomy":"category","embeddable":true,"href":"https:\/\/temucotelevision.cl\/web\/wp-json\/wp\/v2\/categories?post=32636"},{"taxonomy":"post_tag","embeddable":true,"href":"https:\/\/temucotelevision.cl\/web\/wp-json\/wp\/v2\/tags?post=32636"}],"curies":[{"name":"wp","href":"https:\/\/api.w.org\/{rel}","templated":true}]}}