{"id":32627,"date":"2022-06-10T11:19:36","date_gmt":"2022-06-10T14:19:36","guid":{"rendered":"https:\/\/temucotelevision.cl\/web\/?p=32627"},"modified":"2022-06-10T11:19:38","modified_gmt":"2022-06-10T14:19:38","slug":"abierto-a-la-comunidad-comienza-la-iv-edicion-del-concurso-de-cuentos-breves-araucania-en-100-palabras","status":"publish","type":"post","link":"https:\/\/temucotelevision.cl\/web\/2022\/06\/10\/abierto-a-la-comunidad-comienza-la-iv-edicion-del-concurso-de-cuentos-breves-araucania-en-100-palabras\/","title":{"rendered":"Abierto a la comunidad: Comienza la IV edici\u00f3n del concurso de cuentos breves &#8220;Araucan\u00eda en 100 Palabras&#8221;"},"content":{"rendered":"<div class=\"pvc_clear\"><\/div><p id=\"pvc_stats_32627\" class=\"pvc_stats total_only  \" data-element-id=\"32627\" style=\"\"><i class=\"pvc-stats-icon large\" aria-hidden=\"true\"><svg aria-hidden=\"true\" focusable=\"false\" data-prefix=\"far\" data-icon=\"chart-bar\" role=\"img\" xmlns=\"http:\/\/www.w3.org\/2000\/svg\" viewBox=\"0 0 512 512\" class=\"svg-inline--fa fa-chart-bar fa-w-16 fa-2x\"><path fill=\"currentColor\" d=\"M396.8 352h22.4c6.4 0 12.8-6.4 12.8-12.8V108.8c0-6.4-6.4-12.8-12.8-12.8h-22.4c-6.4 0-12.8 6.4-12.8 12.8v230.4c0 6.4 6.4 12.8 12.8 12.8zm-192 0h22.4c6.4 0 12.8-6.4 12.8-12.8V140.8c0-6.4-6.4-12.8-12.8-12.8h-22.4c-6.4 0-12.8 6.4-12.8 12.8v198.4c0 6.4 6.4 12.8 12.8 12.8zm96 0h22.4c6.4 0 12.8-6.4 12.8-12.8V204.8c0-6.4-6.4-12.8-12.8-12.8h-22.4c-6.4 0-12.8 6.4-12.8 12.8v134.4c0 6.4 6.4 12.8 12.8 12.8zM496 400H48V80c0-8.84-7.16-16-16-16H16C7.16 64 0 71.16 0 80v336c0 17.67 14.33 32 32 32h464c8.84 0 16-7.16 16-16v-16c0-8.84-7.16-16-16-16zm-387.2-48h22.4c6.4 0 12.8-6.4 12.8-12.8v-70.4c0-6.4-6.4-12.8-12.8-12.8h-22.4c-6.4 0-12.8 6.4-12.8 12.8v70.4c0 6.4 6.4 12.8 12.8 12.8z\" class=\"\"><\/path><\/svg><\/i> <img loading=\"lazy\" decoding=\"async\" width=\"16\" height=\"16\" alt=\"Loading\" src=\"https:\/\/temucotelevision.cl\/web\/wp-content\/plugins\/page-views-count\/ajax-loader-2x.gif\" border=0 \/><\/p><div class=\"pvc_clear\"><\/div>\n<p><strong>\u00a0Los relatos participantes podr\u00e1n ser escritos en espa\u00f1ol y mapudungun y deber\u00e1n abordar la vida en la regi\u00f3n.<\/strong><\/p>\n\n\n\n<p><strong>Durante la convocatoria se realizar\u00e1n talleres y encuentros presenciales y gratuitos con creadores locales y nacionales con el objetivo de incentivar a las personas a conectarse con su creatividad a trav\u00e9s de la escritura y la lectura.<\/strong><\/p>\n\n\n\n<p><strong>\u201cAraucan\u00eda en 100 Palabras\u201d es\u00a0presentado por Fundaci\u00f3n Plagio y CMPC, y estar\u00e1 abierto hasta el 9 de septiembre.<\/strong><\/p>\n\n\n\n<p><em>(Temuco, jueves 9 de junio de 2022)&nbsp;<\/em>Desde este jueves 9 de junio el concurso de cuentos breves \u201cAraucan\u00eda en 100 Palabras\u201d invita a todos los habitantes de la regi\u00f3n, sin distinci\u00f3n de edad, a escribir relatos en espa\u00f1ol y mapudungun en un m\u00e1ximo de 100 Palabras y participar por diferentes premios. La IV versi\u00f3n del certamen literario contar\u00e1 con una serie de novedades y es presentada&nbsp;<strong>por Fundaci\u00f3n Plagio y CMPC.&nbsp;<\/strong><\/p>\n\n\n\n<p>Tras dos a\u00f1os de actividades online producto de la pandemia,<strong>&nbsp;\u201cAraucan\u00eda en 100 Palabras\u201d presenta una nueva edici\u00f3n de su concurso de cuentos breves&nbsp;<\/strong>con la realizaci\u00f3n de talleres y encuentros presenciales y gratuitos con reconocidos escritores nacionales y locales, enfocados en p\u00fablico de todas las edades. As\u00ed,&nbsp;<strong>esta ma\u00f1ana alumnos de la&nbsp;<\/strong><strong>Escuela Municipal F485 de Truf Truf de Padre Las Casas<\/strong>, participaron de un taller de cuentos breves a cargo de la escritora y editora Camila Valenzuela.<\/p>\n\n\n\n<p>\u201cComo Fundaci\u00f3n Plagio estamos contentas y expectantes de presentar una nueva edici\u00f3n de Araucan\u00eda en 100 Palabras, un valioso espacio de encuentro, participaci\u00f3n, creatividad y di\u00e1logo, indispensable para el contexto que estamos viviendo. En esta edici\u00f3n contaremos con diversas actividades presenciales que nos permitir\u00e1n encontrarnos, compartir e incentivar a los habitantes de la regi\u00f3n a participar en el concurso, plasmando sus historias y experiencias\u201d, comenta&nbsp;<strong>Soledad Camponovo, Coordinadora General de Fundaci\u00f3n Plagio.&nbsp;<\/strong><\/p>\n\n\n\n<p>Desde 2019&nbsp;\u201cAraucan\u00eda en 100 Palabras\u201d ha recibido m\u00e1s de&nbsp;<strong>13.000 relato<\/strong>s&nbsp;provenientes de todas las comunas de la regi\u00f3n, entre las que se encuentran&nbsp;<strong>Angol, Loncoche, Padre Las Casas, Temuco y Villarrica.<\/strong>&nbsp;Se destaca tambi\u00e9n el env\u00edo de cuentos provenientes de&nbsp;<strong>Ercilla, Lonquimay y Nueva Imperial<\/strong>. Adem\u00e1s, el concurso&nbsp;<strong>ha&nbsp;premiado&nbsp;<\/strong>en sus tres ediciones a<strong>&nbsp;<\/strong><strong>27 autoras y autores<\/strong>;&nbsp;<strong>publicado 300 cuentos<\/strong>&nbsp;y&nbsp;<strong>distribuido gratuitamente 30.000 ejemplares del libro&nbsp;<\/strong>con los mejores 100 cuentos de cada edici\u00f3n.&nbsp;<\/p>\n\n\n\n<p>\u201cDesde CMPC nos enorgullece presentar una vez m\u00e1s Araucan\u00eda en 100 Palabras, un concurso \u00fanico en la regi\u00f3n que incentiva la escritura y la lectura de personas de todas las edades. Creemos que a trav\u00e9s de proyectos como este podemos impactar en nuestra comunidad entregando herramientas y espacios para su desarrollo\u201d, enfatiza&nbsp;<strong>Ignacio Lira, Subgerente de Asuntos Corporativos de Empresas CMPC<\/strong>.&nbsp;<\/p>\n\n\n\n<p><strong>Nueva edici\u00f3n del concurso&nbsp;<\/strong><\/p>\n\n\n\n<p>Bajo el&nbsp;lema&nbsp;<strong><u>\u201cEscribir tambi\u00e9n es movilizar, transformar, cambiar, transitar, recorrer\u201d<\/u><\/strong>, la IV versi\u00f3n de \u201cAraucan\u00eda en 100 Palabras\u201d estar\u00e1 abierta desde el jueves 9 de junio hasta el 9 de septiembre . Durante la convocatoria se realizar\u00e1 un<strong>&nbsp;ciclo de encuentros presenciales y gratuitos llamado \u201cEscribir tambi\u00e9n es&#8230;\u201d<\/strong>, que contar\u00e1 con exponentes de diversas disciplinas quienes compartir\u00e1n su experiencia para crear.&nbsp;<\/p>\n\n\n\n<p>Adem\u00e1s, este a\u00f1o se llevar\u00e1n a cabo<strong>&nbsp;talleres gratuitos de escritura creativa en establecimientos de la regi\u00f3n<\/strong>. Si eres docente y te interesa realizar un taller en tu establecimiento educacional, puedes&nbsp;<a href=\"https:\/\/forms.gle\/GiW1fMVAyZDG4NPj6\">solicitar uno<\/a>&nbsp;a trav\u00e9s de este formulario. Junto con esto, tambi\u00e9n puedes solicitar libros con los 100 mejores cuentos para tu colegio<a href=\"https:\/\/docs.google.com\/forms\/d\/e\/1FAIpQLScMxhTIGe2981P6jYDdcQcaKQqfrQ1DHFNgXGivfg-qDYfWpg\/viewform\">&nbsp;aqu\u00ed<\/a>.<\/p>\n\n\n\n<p>\u201cAraucan\u00eda en 100 Palabras\u201d&nbsp;entregar\u00e1&nbsp;<strong>nueve premios:<\/strong>&nbsp;$1.000.000 para el cuento ganador del Primer Lugar, $250.000 para el Premio al Talento Joven, Premio al Mejor Relato en Mapudungun y para el Premio al Talento Mayor, mientras que el Premio al Talento Infantil recibir\u00e1 una biblioteca avaluada en $250.000. Adem\u00e1s se entregar\u00e1n&nbsp;$250.000 a cada una de las cuatro menciones honrosas.&nbsp;<\/p>\n\n\n\n<p>Por otra parte, el establecimiento educacional que m\u00e1s cuentos envi\u00e9 recibir\u00e1 como premio la visita de un destacado escritor nacional y una biblioteca de literatura contempor\u00e1nea chilena.&nbsp;<\/p>\n\n\n\n<p>Los&nbsp;<strong>nueve cuentos seleccionados junto a otros relatos ser\u00e1n parte del libro<\/strong>&nbsp;con los mejores 100 cuentos de&nbsp;\u201cAraucan\u00eda en 100 Palabras\u201d, que se publica cada a\u00f1o.&nbsp;<\/p>\n\n\n\n<p><strong>En esta IV versi\u00f3n del concurso el jurado<\/strong>&nbsp;encargado de elegir a los cuentos ganadores estar\u00e1 conformado por las destacadas escritoras nacionales&nbsp;<strong>Mar\u00eda Jos\u00e9 Ferrada, Mar\u00eda Jos\u00e9 Navia<\/strong>&nbsp;y&nbsp;<strong>Consuelo Mart\u00ednez<\/strong>.&nbsp;<\/p>\n\n\n\n<p>Para m\u00e1s informaci\u00f3n sobre c\u00f3mo participar en \u201cAraucan\u00eda en 100 Palabras\u201d y las pr\u00f3ximas actividades que se realizar\u00e1n ingresa a\u00a0<a href=\"http:\/\/www.araucaniaen100palabras.cl\/\">www.araucaniaen100palabras.cl<\/a>\u00a0y al\u00a0<a href=\"https:\/\/www.instagram.com\/araucaniaen100palabras\/\">Instagram<\/a>\u00a0y\u00a0<a href=\"https:\/\/www.facebook.com\/araucaniaen100palabras\">Facebook<\/a>\u00a0del concurso.<\/p>\n\n\n\n<figure class=\"wp-block-image size-full\"><img loading=\"lazy\" decoding=\"async\" width=\"800\" height=\"455\" src=\"https:\/\/temucotelevision.cl\/web\/wp-content\/uploads\/2022\/06\/100-palabras2.jpg\" alt=\"\" class=\"wp-image-32630\" srcset=\"https:\/\/temucotelevision.cl\/web\/wp-content\/uploads\/2022\/06\/100-palabras2.jpg 800w, https:\/\/temucotelevision.cl\/web\/wp-content\/uploads\/2022\/06\/100-palabras2-768x437.jpg 768w\" sizes=\"auto, (max-width: 800px) 100vw, 800px\" \/><\/figure>\n","protected":false},"excerpt":{"rendered":"<div class=\"pvc_clear\"><\/div>\n<p id=\"pvc_stats_32627\" class=\"pvc_stats total_only  \" data-element-id=\"32627\" style=\"\"><i class=\"pvc-stats-icon large\" aria-hidden=\"true\"><svg aria-hidden=\"true\" focusable=\"false\" data-prefix=\"far\" data-icon=\"chart-bar\" role=\"img\" xmlns=\"http:\/\/www.w3.org\/2000\/svg\" viewBox=\"0 0 512 512\" class=\"svg-inline--fa fa-chart-bar fa-w-16 fa-2x\"><path fill=\"currentColor\" d=\"M396.8 352h22.4c6.4 0 12.8-6.4 12.8-12.8V108.8c0-6.4-6.4-12.8-12.8-12.8h-22.4c-6.4 0-12.8 6.4-12.8 12.8v230.4c0 6.4 6.4 12.8 12.8 12.8zm-192 0h22.4c6.4 0 12.8-6.4 12.8-12.8V140.8c0-6.4-6.4-12.8-12.8-12.8h-22.4c-6.4 0-12.8 6.4-12.8 12.8v198.4c0 6.4 6.4 12.8 12.8 12.8zm96 0h22.4c6.4 0 12.8-6.4 12.8-12.8V204.8c0-6.4-6.4-12.8-12.8-12.8h-22.4c-6.4 0-12.8 6.4-12.8 12.8v134.4c0 6.4 6.4 12.8 12.8 12.8zM496 400H48V80c0-8.84-7.16-16-16-16H16C7.16 64 0 71.16 0 80v336c0 17.67 14.33 32 32 32h464c8.84 0 16-7.16 16-16v-16c0-8.84-7.16-16-16-16zm-387.2-48h22.4c6.4 0 12.8-6.4 12.8-12.8v-70.4c0-6.4-6.4-12.8-12.8-12.8h-22.4c-6.4 0-12.8 6.4-12.8 12.8v70.4c0 6.4 6.4 12.8 12.8 12.8z\" class=\"\"><\/path><\/svg><\/i> <img loading=\"lazy\" decoding=\"async\" width=\"16\" height=\"16\" alt=\"Loading\" src=\"https:\/\/temucotelevision.cl\/web\/wp-content\/plugins\/page-views-count\/ajax-loader-2x.gif\" border=0 \/><\/p>\n<div class=\"pvc_clear\"><\/div>\n<p>\u00a0Los relatos participantes podr\u00e1n ser escritos en espa\u00f1ol y mapudungun y deber\u00e1n abordar la vida en la regi\u00f3n. Durante la<\/p>\n","protected":false},"author":1,"featured_media":32629,"comment_status":"open","ping_status":"open","sticky":false,"template":"","format":"standard","meta":{"colormag_page_container_layout":"default_layout","colormag_page_sidebar_layout":"default_layout","footnotes":""},"categories":[15],"tags":[1877,1632,3306],"class_list":["post-32627","post","type-post","status-publish","format-standard","has-post-thumbnail","hentry","category-la-araucania","tag-araucania-2","tag-concurso","tag-edicion"],"a3_pvc":{"activated":true,"total_views":71,"today_views":0},"_links":{"self":[{"href":"https:\/\/temucotelevision.cl\/web\/wp-json\/wp\/v2\/posts\/32627","targetHints":{"allow":["GET"]}}],"collection":[{"href":"https:\/\/temucotelevision.cl\/web\/wp-json\/wp\/v2\/posts"}],"about":[{"href":"https:\/\/temucotelevision.cl\/web\/wp-json\/wp\/v2\/types\/post"}],"author":[{"embeddable":true,"href":"https:\/\/temucotelevision.cl\/web\/wp-json\/wp\/v2\/users\/1"}],"replies":[{"embeddable":true,"href":"https:\/\/temucotelevision.cl\/web\/wp-json\/wp\/v2\/comments?post=32627"}],"version-history":[{"count":2,"href":"https:\/\/temucotelevision.cl\/web\/wp-json\/wp\/v2\/posts\/32627\/revisions"}],"predecessor-version":[{"id":32631,"href":"https:\/\/temucotelevision.cl\/web\/wp-json\/wp\/v2\/posts\/32627\/revisions\/32631"}],"wp:featuredmedia":[{"embeddable":true,"href":"https:\/\/temucotelevision.cl\/web\/wp-json\/wp\/v2\/media\/32629"}],"wp:attachment":[{"href":"https:\/\/temucotelevision.cl\/web\/wp-json\/wp\/v2\/media?parent=32627"}],"wp:term":[{"taxonomy":"category","embeddable":true,"href":"https:\/\/temucotelevision.cl\/web\/wp-json\/wp\/v2\/categories?post=32627"},{"taxonomy":"post_tag","embeddable":true,"href":"https:\/\/temucotelevision.cl\/web\/wp-json\/wp\/v2\/tags?post=32627"}],"curies":[{"name":"wp","href":"https:\/\/api.w.org\/{rel}","templated":true}]}}