{"id":32623,"date":"2022-06-10T09:28:31","date_gmt":"2022-06-10T12:28:31","guid":{"rendered":"https:\/\/temucotelevision.cl\/web\/?p=32623"},"modified":"2022-06-10T09:29:27","modified_gmt":"2022-06-10T12:29:27","slug":"municipio-de-temuco-inicio-conversaciones-de-alianza-con-autoridades-de-delegacion-argentina","status":"publish","type":"post","link":"https:\/\/temucotelevision.cl\/web\/2022\/06\/10\/municipio-de-temuco-inicio-conversaciones-de-alianza-con-autoridades-de-delegacion-argentina\/","title":{"rendered":"Municipio de Temuco inici\u00f3 conversaciones de alianza con autoridades de Delegaci\u00f3n Argentina, para incentivar el turismo y reactivar la econom\u00eda en las comunas"},"content":{"rendered":"<div class=\"pvc_clear\"><\/div><p id=\"pvc_stats_32623\" class=\"pvc_stats total_only  \" data-element-id=\"32623\" style=\"\"><i class=\"pvc-stats-icon large\" aria-hidden=\"true\"><svg aria-hidden=\"true\" focusable=\"false\" data-prefix=\"far\" data-icon=\"chart-bar\" role=\"img\" xmlns=\"http:\/\/www.w3.org\/2000\/svg\" viewBox=\"0 0 512 512\" class=\"svg-inline--fa fa-chart-bar fa-w-16 fa-2x\"><path fill=\"currentColor\" d=\"M396.8 352h22.4c6.4 0 12.8-6.4 12.8-12.8V108.8c0-6.4-6.4-12.8-12.8-12.8h-22.4c-6.4 0-12.8 6.4-12.8 12.8v230.4c0 6.4 6.4 12.8 12.8 12.8zm-192 0h22.4c6.4 0 12.8-6.4 12.8-12.8V140.8c0-6.4-6.4-12.8-12.8-12.8h-22.4c-6.4 0-12.8 6.4-12.8 12.8v198.4c0 6.4 6.4 12.8 12.8 12.8zm96 0h22.4c6.4 0 12.8-6.4 12.8-12.8V204.8c0-6.4-6.4-12.8-12.8-12.8h-22.4c-6.4 0-12.8 6.4-12.8 12.8v134.4c0 6.4 6.4 12.8 12.8 12.8zM496 400H48V80c0-8.84-7.16-16-16-16H16C7.16 64 0 71.16 0 80v336c0 17.67 14.33 32 32 32h464c8.84 0 16-7.16 16-16v-16c0-8.84-7.16-16-16-16zm-387.2-48h22.4c6.4 0 12.8-6.4 12.8-12.8v-70.4c0-6.4-6.4-12.8-12.8-12.8h-22.4c-6.4 0-12.8 6.4-12.8 12.8v70.4c0 6.4 6.4 12.8 12.8 12.8z\" class=\"\"><\/path><\/svg><\/i> <img loading=\"lazy\" decoding=\"async\" width=\"16\" height=\"16\" alt=\"Loading\" src=\"https:\/\/temucotelevision.cl\/web\/wp-content\/plugins\/page-views-count\/ajax-loader-2x.gif\" border=0 \/><\/p><div class=\"pvc_clear\"><\/div>\n<p><strong><em>El Encuentro Binacional entre Chile y Argentina se realiz\u00f3 en el sal\u00f3n del Concejo Municipal, donde ambas partes reconocieron el inter\u00e9s por colaborar y fortalecer la uni\u00f3n entre las provincias para incentivar el turismo y reactivar la econom\u00eda en las comunas.<\/em><\/strong><\/p>\n\n\n\n<p>Este jueves, el alcalde de Temuco, Roberto Neira Aburto, en conjunto con los concejales Bruno Hauenstein y Juan Aceit\u00f3n, particip\u00f3 del Encuentro Binacional Chile \u2013 Argentina cuyo objetivo fue dar inicio a las conversaciones sobre alianzas estrat\u00e9gicas entre la comuna de Temuco y la Provincia de Neuqu\u00e9n.<\/p>\n\n\n\n<p>Es por eso, que se realiz\u00f3 un segundo encuentro donde participaron 13 autoridades pol\u00edticas del pa\u00eds vecino, entre ellos, el gobernador de la provincia de Neuqu\u00e9n, Omar Guti\u00e9rrez y el ministro de Turismo de Neuqu\u00e9n, Sandro Badilla.<\/p>\n\n\n\n<p>Sobre el encuentro, el alcalde Neira sostuvo que: \u2019\u2019con esta visita, lo que nosotros queremos es poder reactivar econom\u00eda, turismo y conectividad a\u00e9rea. Todos temas que son importantes para que ambas regiones puedan fortalecer el \u00e1rea tur\u00edstica, permitiendo que vengan tanto argentinos como los chilenos que residen all\u00e1 y viceversa\u2019\u2019.<\/p>\n\n\n\n<p>En esta misma l\u00ednea, el gobernador de la provincia de Neuqu\u00e9n, Omar Guti\u00e9rrez, dijo: \u2018\u2019nosotros hasta ahora, hemos avanzado en el desarrollo de infraestructura vial, pr\u00f3ximamente, lo que buscamos con estas alianzas es seguir mejorando la conectividad entre ambos pa\u00edses, me gustar\u00eda destacar que gracias a estos encuentros, podremos pr\u00f3ximamente discutir distintos convenios que ayudar\u00e1n tanto en la reactivaci\u00f3n econ\u00f3mica y el turismo\u2019\u2019.<\/p>\n\n\n\n<p>La estrategia para poder incentivar a los turistas para que visiten nuestra comuna es presentar una serie de eventos y atractivos tur\u00edsticos durante la temporada de verano. Por lo mismo, anterior a eso, se realizar\u00e1 una visita al pa\u00eds vecino a trav\u00e9s de la Direcci\u00f3n de Turismo, Patrimonio y Cultura del municipio, donde se promover\u00e1 la ciudad de Temuco como destino tur\u00edstico, lo que conlleva tambi\u00e9n a fortalecer los lazos entre ambas zonas.<\/p>\n\n\n\n<p>Sobre lo anterior, el ministro de Turismo de Neuqu\u00e9n, Sandro Badilla, expres\u00f3: \u2018\u2019es mucha la relaci\u00f3n que tenemos entre la regi\u00f3n de La Araucan\u00eda y Neuqu\u00e9n, por lo que nuestro objetivo es retomar la agenda que ten\u00edamos pre pandemia, sobre todo de turismo que es una actividad que mejora la calidad de vida y oportunidades econ\u00f3micas para ambas partes\u2019\u2019.<\/p>\n\n\n\n<p>En tanto, el presidente de la C\u00e1mara de Comercio, Servicios y Turismo de Temuco, Gustavo Valenzuela, coment\u00f3: \u2018\u2019estos encuentros son muy importantes, gracias a esto, hemos podido notar el inter\u00e9s que hay en ambas partes para fomentar el desarrollo tur\u00edstico y reactivar la econom\u00eda en ambas comunas. Debemos seguir avanzando para que este proyecto sea unificado\u2019\u2019.<\/p>\n","protected":false},"excerpt":{"rendered":"<div class=\"pvc_clear\"><\/div>\n<p id=\"pvc_stats_32623\" class=\"pvc_stats total_only  \" data-element-id=\"32623\" style=\"\"><i class=\"pvc-stats-icon large\" aria-hidden=\"true\"><svg aria-hidden=\"true\" focusable=\"false\" data-prefix=\"far\" data-icon=\"chart-bar\" role=\"img\" xmlns=\"http:\/\/www.w3.org\/2000\/svg\" viewBox=\"0 0 512 512\" class=\"svg-inline--fa fa-chart-bar fa-w-16 fa-2x\"><path fill=\"currentColor\" d=\"M396.8 352h22.4c6.4 0 12.8-6.4 12.8-12.8V108.8c0-6.4-6.4-12.8-12.8-12.8h-22.4c-6.4 0-12.8 6.4-12.8 12.8v230.4c0 6.4 6.4 12.8 12.8 12.8zm-192 0h22.4c6.4 0 12.8-6.4 12.8-12.8V140.8c0-6.4-6.4-12.8-12.8-12.8h-22.4c-6.4 0-12.8 6.4-12.8 12.8v198.4c0 6.4 6.4 12.8 12.8 12.8zm96 0h22.4c6.4 0 12.8-6.4 12.8-12.8V204.8c0-6.4-6.4-12.8-12.8-12.8h-22.4c-6.4 0-12.8 6.4-12.8 12.8v134.4c0 6.4 6.4 12.8 12.8 12.8zM496 400H48V80c0-8.84-7.16-16-16-16H16C7.16 64 0 71.16 0 80v336c0 17.67 14.33 32 32 32h464c8.84 0 16-7.16 16-16v-16c0-8.84-7.16-16-16-16zm-387.2-48h22.4c6.4 0 12.8-6.4 12.8-12.8v-70.4c0-6.4-6.4-12.8-12.8-12.8h-22.4c-6.4 0-12.8 6.4-12.8 12.8v70.4c0 6.4 6.4 12.8 12.8 12.8z\" class=\"\"><\/path><\/svg><\/i> <img loading=\"lazy\" decoding=\"async\" width=\"16\" height=\"16\" alt=\"Loading\" src=\"https:\/\/temucotelevision.cl\/web\/wp-content\/plugins\/page-views-count\/ajax-loader-2x.gif\" border=0 \/><\/p>\n<div class=\"pvc_clear\"><\/div>\n<p>El Encuentro Binacional entre Chile y Argentina se realiz\u00f3 en el sal\u00f3n del Concejo Municipal, donde ambas partes reconocieron el<\/p>\n","protected":false},"author":1,"featured_media":32624,"comment_status":"open","ping_status":"open","sticky":false,"template":"","format":"standard","meta":{"colormag_page_container_layout":"default_layout","colormag_page_sidebar_layout":"default_layout","footnotes":""},"categories":[15],"tags":[3712,1347,745,5378,591],"class_list":["post-32623","post","type-post","status-publish","format-standard","has-post-thumbnail","hentry","category-la-araucania","tag-alianza","tag-argentina","tag-autoridades","tag-delegacion","tag-municipio"],"a3_pvc":{"activated":true,"total_views":29,"today_views":0},"_links":{"self":[{"href":"https:\/\/temucotelevision.cl\/web\/wp-json\/wp\/v2\/posts\/32623","targetHints":{"allow":["GET"]}}],"collection":[{"href":"https:\/\/temucotelevision.cl\/web\/wp-json\/wp\/v2\/posts"}],"about":[{"href":"https:\/\/temucotelevision.cl\/web\/wp-json\/wp\/v2\/types\/post"}],"author":[{"embeddable":true,"href":"https:\/\/temucotelevision.cl\/web\/wp-json\/wp\/v2\/users\/1"}],"replies":[{"embeddable":true,"href":"https:\/\/temucotelevision.cl\/web\/wp-json\/wp\/v2\/comments?post=32623"}],"version-history":[{"count":2,"href":"https:\/\/temucotelevision.cl\/web\/wp-json\/wp\/v2\/posts\/32623\/revisions"}],"predecessor-version":[{"id":32626,"href":"https:\/\/temucotelevision.cl\/web\/wp-json\/wp\/v2\/posts\/32623\/revisions\/32626"}],"wp:featuredmedia":[{"embeddable":true,"href":"https:\/\/temucotelevision.cl\/web\/wp-json\/wp\/v2\/media\/32624"}],"wp:attachment":[{"href":"https:\/\/temucotelevision.cl\/web\/wp-json\/wp\/v2\/media?parent=32623"}],"wp:term":[{"taxonomy":"category","embeddable":true,"href":"https:\/\/temucotelevision.cl\/web\/wp-json\/wp\/v2\/categories?post=32623"},{"taxonomy":"post_tag","embeddable":true,"href":"https:\/\/temucotelevision.cl\/web\/wp-json\/wp\/v2\/tags?post=32623"}],"curies":[{"name":"wp","href":"https:\/\/api.w.org\/{rel}","templated":true}]}}