{"id":32621,"date":"2022-06-10T09:23:55","date_gmt":"2022-06-10T12:23:55","guid":{"rendered":"https:\/\/temucotelevision.cl\/web\/?p=32621"},"modified":"2022-06-10T09:23:55","modified_gmt":"2022-06-10T12:23:55","slug":"diputado-rathgeb-valora-anuncio-del-gobierno-de-extender-el-estado-de-excepcion-solicitando-que-ahora-sea-sin-letra-chica","status":"publish","type":"post","link":"https:\/\/temucotelevision.cl\/web\/2022\/06\/10\/diputado-rathgeb-valora-anuncio-del-gobierno-de-extender-el-estado-de-excepcion-solicitando-que-ahora-sea-sin-letra-chica\/","title":{"rendered":"Diputado Rathgeb valora anuncio del Gobierno de extender el Estado de Excepci\u00f3n solicitando que ahora sea sin \u201cletra chica\u201d"},"content":{"rendered":"<div class=\"pvc_clear\"><\/div><p id=\"pvc_stats_32621\" class=\"pvc_stats total_only  \" data-element-id=\"32621\" style=\"\"><i class=\"pvc-stats-icon large\" aria-hidden=\"true\"><svg aria-hidden=\"true\" focusable=\"false\" data-prefix=\"far\" data-icon=\"chart-bar\" role=\"img\" xmlns=\"http:\/\/www.w3.org\/2000\/svg\" viewBox=\"0 0 512 512\" class=\"svg-inline--fa fa-chart-bar fa-w-16 fa-2x\"><path fill=\"currentColor\" d=\"M396.8 352h22.4c6.4 0 12.8-6.4 12.8-12.8V108.8c0-6.4-6.4-12.8-12.8-12.8h-22.4c-6.4 0-12.8 6.4-12.8 12.8v230.4c0 6.4 6.4 12.8 12.8 12.8zm-192 0h22.4c6.4 0 12.8-6.4 12.8-12.8V140.8c0-6.4-6.4-12.8-12.8-12.8h-22.4c-6.4 0-12.8 6.4-12.8 12.8v198.4c0 6.4 6.4 12.8 12.8 12.8zm96 0h22.4c6.4 0 12.8-6.4 12.8-12.8V204.8c0-6.4-6.4-12.8-12.8-12.8h-22.4c-6.4 0-12.8 6.4-12.8 12.8v134.4c0 6.4 6.4 12.8 12.8 12.8zM496 400H48V80c0-8.84-7.16-16-16-16H16C7.16 64 0 71.16 0 80v336c0 17.67 14.33 32 32 32h464c8.84 0 16-7.16 16-16v-16c0-8.84-7.16-16-16-16zm-387.2-48h22.4c6.4 0 12.8-6.4 12.8-12.8v-70.4c0-6.4-6.4-12.8-12.8-12.8h-22.4c-6.4 0-12.8 6.4-12.8 12.8v70.4c0 6.4 6.4 12.8 12.8 12.8z\" class=\"\"><\/path><\/svg><\/i> <img loading=\"lazy\" decoding=\"async\" width=\"16\" height=\"16\" alt=\"Loading\" src=\"https:\/\/temucotelevision.cl\/web\/wp-content\/plugins\/page-views-count\/ajax-loader-2x.gif\" border=0 \/><\/p><div class=\"pvc_clear\"><\/div>\n<p><strong>El legislador coment\u00f3 que el Ejecutivo entendi\u00f3 que la medida da resultados y que podr\u00eda ser a\u00fan m\u00e1s efectiva si se ampl\u00eda en t\u00e9rminos de presencia de efectivos a lugares m\u00e1s apartados y no se realice de manera acotada.<\/strong><\/p>\n\n\n\n<p>La Ministra del Interior, Izkia Siches, anunci\u00f3 que el Gobierno presentar\u00e1 en el Congreso, la solicitud formal de ampliar el Estado de Excepci\u00f3n para las provincias de Arauco, Biob\u00edo, Malleco y Caut\u00edn, la que debe ser aprobada por ambas C\u00e1maras.<\/p>\n\n\n\n<p>El diputado de Renovaci\u00f3n Nacional por La Araucan\u00eda y actual timonel de RN en la Regi\u00f3n, Jorge Rathgeb, indic\u00f3 que por fin el Ejecutivo acept\u00f3 que la iniciativa da resultados y que estos ser\u00edan mejores en t\u00e9rminos del resguardo y tranquilidad de la poblaci\u00f3n si se quitara lo acotado y existiera mayor despliegue de las Fuerzas Armadas en los sectores rurales.<\/p>\n\n\n\n<p>Rathgeb coment\u00f3 que ac\u00e1 el continuar con la medida es lo id\u00f3neo y es algo que lo que requiere la ciudadan\u00eda, considerando que existe hoy en d\u00eda una sensaci\u00f3n de inseguridad algo que el parlamentario refrenda constantemente al estar en terreno, conversando con los habitantes de La Araucan\u00eda.<\/p>\n\n\n\n<p>A juicio del legislador la iniciativa podr\u00eda ser a\u00fan mejor en materia de resultados, si es que se le quita lo acotado y se permite mayor despliegue del personal uniformado en los radios alejados de las zonas urbanas.<\/p>\n\n\n\n<p>\u201cVemos que el Gobierno por fin se ha dado cuenta que el Estado de Excepci\u00f3n provoca un efecto positivo en lo que significa resguardar el orden p\u00fablico, pero deber\u00eda ser sin letra chica para que todos nuestros productores de alimentos de La Araucan\u00eda puedan sembrar porque lamentablemente esto no se est\u00e1 realizando y se est\u00e1 poniendo en riesgo la seguridad alimentaria de nuestro pa\u00eds, por tener un Estado de Excepci\u00f3n con letra chica\u201d, se\u00f1al\u00f3 el diputado Rathgeb.<\/p>\n\n\n\n<p><strong>Proyecto de resguardo de infraestructura cr\u00edtica<\/strong><\/p>\n\n\n\n<p>En otro plano, el legislador tambi\u00e9n valor\u00f3 que la comisi\u00f3n mixta de la C\u00e1mara mejorara el proyecto que ampl\u00eda el resguardo de la denomina \u201cInfraestructura Cr\u00edtica\u201d, por lo cual espera que tenga un apoyo transversal de todas las colectividades.<\/p>\n\n\n\n<p>&#8220;Valoramos que se haya aprobado en la Comisi\u00f3n Mixta el proyecto sobre infraestructura cr\u00edtica, pero esperamos ahora que se apruebe en la C\u00e1mara y en el Senado para que as\u00ed se convierta en ley de la Rep\u00fablica y se pueda aplicar el orden y la seguridad&#8221;, agreg\u00f3 Rathgeb.<\/p>\n\n\n\n<p>Para finalizar el congresista por La Araucan\u00eda solicit\u00f3 al Gobierno que escuchen a la ciudadan\u00eda que hoy est\u00e1 pidiendo seguridad y tranquilidad, algo que se puede reflejar en las encuestas y que asoma como prioridad de los chilenos.<\/p>\n","protected":false},"excerpt":{"rendered":"<div class=\"pvc_clear\"><\/div>\n<p id=\"pvc_stats_32621\" class=\"pvc_stats total_only  \" data-element-id=\"32621\" style=\"\"><i class=\"pvc-stats-icon large\" aria-hidden=\"true\"><svg aria-hidden=\"true\" focusable=\"false\" data-prefix=\"far\" data-icon=\"chart-bar\" role=\"img\" xmlns=\"http:\/\/www.w3.org\/2000\/svg\" viewBox=\"0 0 512 512\" class=\"svg-inline--fa fa-chart-bar fa-w-16 fa-2x\"><path fill=\"currentColor\" d=\"M396.8 352h22.4c6.4 0 12.8-6.4 12.8-12.8V108.8c0-6.4-6.4-12.8-12.8-12.8h-22.4c-6.4 0-12.8 6.4-12.8 12.8v230.4c0 6.4 6.4 12.8 12.8 12.8zm-192 0h22.4c6.4 0 12.8-6.4 12.8-12.8V140.8c0-6.4-6.4-12.8-12.8-12.8h-22.4c-6.4 0-12.8 6.4-12.8 12.8v198.4c0 6.4 6.4 12.8 12.8 12.8zm96 0h22.4c6.4 0 12.8-6.4 12.8-12.8V204.8c0-6.4-6.4-12.8-12.8-12.8h-22.4c-6.4 0-12.8 6.4-12.8 12.8v134.4c0 6.4 6.4 12.8 12.8 12.8zM496 400H48V80c0-8.84-7.16-16-16-16H16C7.16 64 0 71.16 0 80v336c0 17.67 14.33 32 32 32h464c8.84 0 16-7.16 16-16v-16c0-8.84-7.16-16-16-16zm-387.2-48h22.4c6.4 0 12.8-6.4 12.8-12.8v-70.4c0-6.4-6.4-12.8-12.8-12.8h-22.4c-6.4 0-12.8 6.4-12.8 12.8v70.4c0 6.4 6.4 12.8 12.8 12.8z\" class=\"\"><\/path><\/svg><\/i> <img loading=\"lazy\" decoding=\"async\" width=\"16\" height=\"16\" alt=\"Loading\" src=\"https:\/\/temucotelevision.cl\/web\/wp-content\/plugins\/page-views-count\/ajax-loader-2x.gif\" border=0 \/><\/p>\n<div class=\"pvc_clear\"><\/div>\n<p>El legislador coment\u00f3 que el Ejecutivo entendi\u00f3 que la medida da resultados y que podr\u00eda ser a\u00fan m\u00e1s efectiva si<\/p>\n","protected":false},"author":1,"featured_media":7351,"comment_status":"open","ping_status":"open","sticky":false,"template":"","format":"standard","meta":{"colormag_page_container_layout":"default_layout","colormag_page_sidebar_layout":"default_layout","footnotes":""},"categories":[84],"tags":[3292,154,4437,206],"class_list":["post-32621","post","type-post","status-publish","format-standard","has-post-thumbnail","hentry","category-politica","tag-anuncio","tag-diputado","tag-estado-de-excepcion","tag-gobierno"],"a3_pvc":{"activated":true,"total_views":30,"today_views":0},"_links":{"self":[{"href":"https:\/\/temucotelevision.cl\/web\/wp-json\/wp\/v2\/posts\/32621","targetHints":{"allow":["GET"]}}],"collection":[{"href":"https:\/\/temucotelevision.cl\/web\/wp-json\/wp\/v2\/posts"}],"about":[{"href":"https:\/\/temucotelevision.cl\/web\/wp-json\/wp\/v2\/types\/post"}],"author":[{"embeddable":true,"href":"https:\/\/temucotelevision.cl\/web\/wp-json\/wp\/v2\/users\/1"}],"replies":[{"embeddable":true,"href":"https:\/\/temucotelevision.cl\/web\/wp-json\/wp\/v2\/comments?post=32621"}],"version-history":[{"count":1,"href":"https:\/\/temucotelevision.cl\/web\/wp-json\/wp\/v2\/posts\/32621\/revisions"}],"predecessor-version":[{"id":32622,"href":"https:\/\/temucotelevision.cl\/web\/wp-json\/wp\/v2\/posts\/32621\/revisions\/32622"}],"wp:featuredmedia":[{"embeddable":true,"href":"https:\/\/temucotelevision.cl\/web\/wp-json\/wp\/v2\/media\/7351"}],"wp:attachment":[{"href":"https:\/\/temucotelevision.cl\/web\/wp-json\/wp\/v2\/media?parent=32621"}],"wp:term":[{"taxonomy":"category","embeddable":true,"href":"https:\/\/temucotelevision.cl\/web\/wp-json\/wp\/v2\/categories?post=32621"},{"taxonomy":"post_tag","embeddable":true,"href":"https:\/\/temucotelevision.cl\/web\/wp-json\/wp\/v2\/tags?post=32621"}],"curies":[{"name":"wp","href":"https:\/\/api.w.org\/{rel}","templated":true}]}}