{"id":32617,"date":"2022-06-09T20:50:09","date_gmt":"2022-06-09T23:50:09","guid":{"rendered":"https:\/\/temucotelevision.cl\/web\/?p=32617"},"modified":"2022-06-09T21:41:14","modified_gmt":"2022-06-10T00:41:14","slug":"la-magia-y-ritual-de-katu-beltza-llega-al-centro-cultural-padre-las-casas","status":"publish","type":"post","link":"https:\/\/temucotelevision.cl\/web\/2022\/06\/09\/la-magia-y-ritual-de-katu-beltza-llega-al-centro-cultural-padre-las-casas\/","title":{"rendered":"La magia y ritual de Kat\u00fc Beltza llega al Centro Cultural Padre Las Casas"},"content":{"rendered":"<div class=\"pvc_clear\"><\/div><p id=\"pvc_stats_32617\" class=\"pvc_stats total_only  \" data-element-id=\"32617\" style=\"\"><i class=\"pvc-stats-icon large\" aria-hidden=\"true\"><svg aria-hidden=\"true\" focusable=\"false\" data-prefix=\"far\" data-icon=\"chart-bar\" role=\"img\" xmlns=\"http:\/\/www.w3.org\/2000\/svg\" viewBox=\"0 0 512 512\" class=\"svg-inline--fa fa-chart-bar fa-w-16 fa-2x\"><path fill=\"currentColor\" d=\"M396.8 352h22.4c6.4 0 12.8-6.4 12.8-12.8V108.8c0-6.4-6.4-12.8-12.8-12.8h-22.4c-6.4 0-12.8 6.4-12.8 12.8v230.4c0 6.4 6.4 12.8 12.8 12.8zm-192 0h22.4c6.4 0 12.8-6.4 12.8-12.8V140.8c0-6.4-6.4-12.8-12.8-12.8h-22.4c-6.4 0-12.8 6.4-12.8 12.8v198.4c0 6.4 6.4 12.8 12.8 12.8zm96 0h22.4c6.4 0 12.8-6.4 12.8-12.8V204.8c0-6.4-6.4-12.8-12.8-12.8h-22.4c-6.4 0-12.8 6.4-12.8 12.8v134.4c0 6.4 6.4 12.8 12.8 12.8zM496 400H48V80c0-8.84-7.16-16-16-16H16C7.16 64 0 71.16 0 80v336c0 17.67 14.33 32 32 32h464c8.84 0 16-7.16 16-16v-16c0-8.84-7.16-16-16-16zm-387.2-48h22.4c6.4 0 12.8-6.4 12.8-12.8v-70.4c0-6.4-6.4-12.8-12.8-12.8h-22.4c-6.4 0-12.8 6.4-12.8 12.8v70.4c0 6.4 6.4 12.8 12.8 12.8z\" class=\"\"><\/path><\/svg><\/i> <img loading=\"lazy\" decoding=\"async\" width=\"16\" height=\"16\" alt=\"Loading\" src=\"https:\/\/temucotelevision.cl\/web\/wp-content\/plugins\/page-views-count\/ajax-loader-2x.gif\" border=0 \/><\/p><div class=\"pvc_clear\"><\/div>\n<ul class=\"wp-block-list\"><li>La agrupaci\u00f3n viene de presentarse en la primera edici\u00f3n del Festival Newen, que reuni\u00f3 a los artistas m\u00e1s destacados de la Regi\u00f3n de La Araucan\u00eda.<\/li><\/ul>\n\n\n\n<iframe loading=\"lazy\" width=\"560\" height=\"315\" src=\"https:\/\/www.youtube.com\/embed\/6t3UibKYCXQ\" title=\"YouTube video player\" frameborder=\"0\" allow=\"accelerometer; autoplay; clipboard-write; encrypted-media; gyroscope; picture-in-picture\" allowfullscreen><\/iframe>\n\n\n\n<ul class=\"wp-block-list\"><li><em>\u201cNuestra intenci\u00f3n, m\u00e1s all\u00e1 de dar una experiencia musical, es entregar una vivencia \u00fanica y especial\u201d<\/em>,<em>&nbsp;<\/em>comenta la vocalista Katherinne Brevis.<\/li><\/ul>\n\n\n\n<p>La banda nacional&nbsp;<strong>Kat\u00fc Beltza<\/strong>&nbsp;har\u00e1 su estreno en el&nbsp;<strong>Centro Cultural Padre Las Casas<\/strong>, donde realizar\u00e1 el lanzamiento oficial de su trabajo musical&nbsp;<strong><em>Ilargi Argia<\/em><\/strong><em>,&nbsp;<\/em>en un show cargado de magia y fantas\u00eda de, aproximadamente,&nbsp;<strong>una hora y media de duraci\u00f3n.<\/strong><\/p>\n\n\n\n<p>El espect\u00e1culo contar\u00e1 con la destacada participaci\u00f3n de la&nbsp;<strong>artista circense Daniela Gonz\u00e1lez<\/strong>, y tambi\u00e9n de la&nbsp;<strong>bailarina de danza contempor\u00e1nea Margarita Rojas<\/strong>, quienes deslumbrar\u00e1n con su talento y despliegue esc\u00e9nico en este concierto.&nbsp;<\/p>\n\n\n\n<p><em>\u201cNuestra intenci\u00f3n, m\u00e1s all\u00e1 de dar una experiencia musical,&nbsp;<strong>es entregar una vivencia \u00fanica y especial.<\/strong>&nbsp;Queremos generar un momento de reconexi\u00f3n con nuestros sentires y emociones,&nbsp;<strong>invitar a la magia y al ritual de encantamientos de Kat\u00fc Beltza<\/strong>\u201d<\/em>, comenta la vocalista de la agrupaci\u00f3n,&nbsp;<strong>Katherinne Brevis<\/strong>.<\/p>\n\n\n\n<p>La banda, oriunda de la ciudad de Temuco, viene de presentarse en la primera edici\u00f3n del&nbsp;<strong>Festival Newen<\/strong>, que reuni\u00f3 a los&nbsp;<strong>artistas m\u00e1s destacados de la Regi\u00f3n de La Araucan\u00eda<\/strong>&nbsp;y que fue transmitido por&nbsp;<a href=\"https:\/\/www.facebook.com\/watch\/live\/?extid=NS-UNK-UNK-UNK-AN_GK0T-GK1C&amp;ref=watch_permalink&amp;v=413542810414888\"><strong>Ufromedios<\/strong><\/a>.<\/p>\n\n\n\n<p><strong><em>\u201cSer\u00e1 un concierto inolvidable. Hemos puesto mucho amor y dedicaci\u00f3n a cada detalle<\/em><\/strong><em>. Esperamos que la comunidad y el p\u00fablico que sigue a Kat\u00fc Beltza se acerque a disfrutar junto a nosotros\u201d,<\/em>&nbsp;complementa la cantante nacida en Angol.<\/p>\n\n\n\n<p><strong>\u00bfD\u00f3nde y cu\u00e1ndo ser\u00e1 el concierto?&nbsp;<\/strong><\/p>\n\n\n\n<p>El show de Kat\u00fc Beltza se llevar\u00e1 a cabo en el&nbsp;<strong>Centro Cultural Padre Las Casas<\/strong>, ubicado en Maquehue 1441, Regi\u00f3n de La Araucan\u00eda,&nbsp;<strong>el 18 de junio a las 19:30 horas.<\/strong><\/p>\n\n\n\n<p>El valor de la entrada es de&nbsp;<strong>$3.000<\/strong>. Se podr\u00e1 reservar hasta el&nbsp;<strong>17 de junio<\/strong>, con plazo m\u00e1ximo a la media noche, a trav\u00e9s del&nbsp;<strong>correo electr\u00f3nico<\/strong>:&nbsp;<a>katubeltzamusica@gmail.com<\/a>.<\/p>\n\n\n\n<p><strong>\u00bfQui\u00e9nes conforman Kat\u00fc Beltza?<\/strong><\/p>\n\n\n\n<p>La banda est\u00e1 liderada por la vocalista&nbsp;<strong>Katherine Brevis<\/strong>, artista oriunda de Angol y radicada actualmente en la ciudad de Temuco, quien cuenta con una&nbsp;<strong>trayectoria de m\u00e1s de ocho a\u00f1os y dos discos profesionales<\/strong>:&nbsp;<em>\u201cSua de Lur\u201d<\/em>&nbsp;e&nbsp;<em>\u201cIlargi Argia\u201d<\/em>. Ambos est\u00e1n disponibles en plataformas digitales.<\/p>\n\n\n\n<p>Junto a ella, tambi\u00e9n se encuentran&nbsp;<strong>Jos\u00e9 Fierro<\/strong>&nbsp;(guitarrista),&nbsp;<strong>Luis Felipe Medina&nbsp;<\/strong>(guitarrista),&nbsp;<strong>Manuel Aedo<\/strong>(bajista) y&nbsp;<strong>Francisco Gonz\u00e1lez<\/strong>&nbsp;(percusi\u00f3n\/bater\u00eda),<strong>&nbsp;<\/strong>quienes en conjunto son los responsables de crear una nutrida variedad de atm\u00f3sferas sonoras.<\/p>\n\n\n\n<p><strong>Sobre su m\u00fasica<\/strong><\/p>\n\n\n\n<p>Las tem\u00e1ticas y letras de Kat\u00fc Beltza tienen el prop\u00f3sito de hacer un&nbsp;<strong>profundo llamado a escuchar nuestra voz interior<\/strong>. Adem\u00e1s, de generar un&nbsp;<strong>cambio de consciencia<\/strong>&nbsp;en la b\u00fasqueda de la verdad, armon\u00eda y espiritualidad.<\/p>\n\n\n\n<p>En este sentido, los integrantes de la agrupaci\u00f3n nos invitan&nbsp;<strong>a encontrar la luz en nuestras propias sombras<\/strong>, a transmutar el dolor en gozo, a enraizarnos a la tierra para as\u00ed brotar sin miedo. A entender el&nbsp;<strong>lenguaje de las plantas, la sabidur\u00eda ancestral y el poder de la luna<\/strong>, aristas que se abordan apuntando a la recuperaci\u00f3n de nuestro saber primal.<\/p>\n\n\n\n<p><\/p>\n","protected":false},"excerpt":{"rendered":"<div class=\"pvc_clear\"><\/div>\n<p id=\"pvc_stats_32617\" class=\"pvc_stats total_only  \" data-element-id=\"32617\" style=\"\"><i class=\"pvc-stats-icon large\" aria-hidden=\"true\"><svg aria-hidden=\"true\" focusable=\"false\" data-prefix=\"far\" data-icon=\"chart-bar\" role=\"img\" xmlns=\"http:\/\/www.w3.org\/2000\/svg\" viewBox=\"0 0 512 512\" class=\"svg-inline--fa fa-chart-bar fa-w-16 fa-2x\"><path fill=\"currentColor\" d=\"M396.8 352h22.4c6.4 0 12.8-6.4 12.8-12.8V108.8c0-6.4-6.4-12.8-12.8-12.8h-22.4c-6.4 0-12.8 6.4-12.8 12.8v230.4c0 6.4 6.4 12.8 12.8 12.8zm-192 0h22.4c6.4 0 12.8-6.4 12.8-12.8V140.8c0-6.4-6.4-12.8-12.8-12.8h-22.4c-6.4 0-12.8 6.4-12.8 12.8v198.4c0 6.4 6.4 12.8 12.8 12.8zm96 0h22.4c6.4 0 12.8-6.4 12.8-12.8V204.8c0-6.4-6.4-12.8-12.8-12.8h-22.4c-6.4 0-12.8 6.4-12.8 12.8v134.4c0 6.4 6.4 12.8 12.8 12.8zM496 400H48V80c0-8.84-7.16-16-16-16H16C7.16 64 0 71.16 0 80v336c0 17.67 14.33 32 32 32h464c8.84 0 16-7.16 16-16v-16c0-8.84-7.16-16-16-16zm-387.2-48h22.4c6.4 0 12.8-6.4 12.8-12.8v-70.4c0-6.4-6.4-12.8-12.8-12.8h-22.4c-6.4 0-12.8 6.4-12.8 12.8v70.4c0 6.4 6.4 12.8 12.8 12.8z\" class=\"\"><\/path><\/svg><\/i> <img loading=\"lazy\" decoding=\"async\" width=\"16\" height=\"16\" alt=\"Loading\" src=\"https:\/\/temucotelevision.cl\/web\/wp-content\/plugins\/page-views-count\/ajax-loader-2x.gif\" border=0 \/><\/p>\n<div class=\"pvc_clear\"><\/div>\n<p>La agrupaci\u00f3n viene de presentarse en la primera edici\u00f3n del Festival Newen, que reuni\u00f3 a los artistas m\u00e1s destacados de<\/p>\n","protected":false},"author":1,"featured_media":32618,"comment_status":"open","ping_status":"open","sticky":false,"template":"","format":"standard","meta":{"colormag_page_container_layout":"default_layout","colormag_page_sidebar_layout":"default_layout","footnotes":""},"categories":[86],"tags":[1461,5376,5377,999],"class_list":["post-32617","post","type-post","status-publish","format-standard","has-post-thumbnail","hentry","category-panoramas","tag-cultural","tag-katu","tag-magia","tag-plc"],"a3_pvc":{"activated":true,"total_views":100,"today_views":0},"_links":{"self":[{"href":"https:\/\/temucotelevision.cl\/web\/wp-json\/wp\/v2\/posts\/32617","targetHints":{"allow":["GET"]}}],"collection":[{"href":"https:\/\/temucotelevision.cl\/web\/wp-json\/wp\/v2\/posts"}],"about":[{"href":"https:\/\/temucotelevision.cl\/web\/wp-json\/wp\/v2\/types\/post"}],"author":[{"embeddable":true,"href":"https:\/\/temucotelevision.cl\/web\/wp-json\/wp\/v2\/users\/1"}],"replies":[{"embeddable":true,"href":"https:\/\/temucotelevision.cl\/web\/wp-json\/wp\/v2\/comments?post=32617"}],"version-history":[{"count":2,"href":"https:\/\/temucotelevision.cl\/web\/wp-json\/wp\/v2\/posts\/32617\/revisions"}],"predecessor-version":[{"id":32620,"href":"https:\/\/temucotelevision.cl\/web\/wp-json\/wp\/v2\/posts\/32617\/revisions\/32620"}],"wp:featuredmedia":[{"embeddable":true,"href":"https:\/\/temucotelevision.cl\/web\/wp-json\/wp\/v2\/media\/32618"}],"wp:attachment":[{"href":"https:\/\/temucotelevision.cl\/web\/wp-json\/wp\/v2\/media?parent=32617"}],"wp:term":[{"taxonomy":"category","embeddable":true,"href":"https:\/\/temucotelevision.cl\/web\/wp-json\/wp\/v2\/categories?post=32617"},{"taxonomy":"post_tag","embeddable":true,"href":"https:\/\/temucotelevision.cl\/web\/wp-json\/wp\/v2\/tags?post=32617"}],"curies":[{"name":"wp","href":"https:\/\/api.w.org\/{rel}","templated":true}]}}