{"id":32613,"date":"2022-06-09T17:43:10","date_gmt":"2022-06-09T20:43:10","guid":{"rendered":"https:\/\/temucotelevision.cl\/web\/?p=32613"},"modified":"2022-06-09T17:43:11","modified_gmt":"2022-06-09T20:43:11","slug":"equipo-mt-0-pitrufquen-detuvo-a-una-pareja-y-un-adolescente-por-microtrafico-de-drogas-e-infraccion-a-la-ley-de-armas","status":"publish","type":"post","link":"https:\/\/temucotelevision.cl\/web\/2022\/06\/09\/equipo-mt-0-pitrufquen-detuvo-a-una-pareja-y-un-adolescente-por-microtrafico-de-drogas-e-infraccion-a-la-ley-de-armas\/","title":{"rendered":"Equipo MT-0 Pitrufqu\u00e9n detuvo a una pareja y un adolescente por microtr\u00e1fico de drogas e infracci\u00f3n a la Ley de Armas"},"content":{"rendered":"<div class=\"pvc_clear\"><\/div><p id=\"pvc_stats_32613\" class=\"pvc_stats total_only  \" data-element-id=\"32613\" style=\"\"><i class=\"pvc-stats-icon large\" aria-hidden=\"true\"><svg aria-hidden=\"true\" focusable=\"false\" data-prefix=\"far\" data-icon=\"chart-bar\" role=\"img\" xmlns=\"http:\/\/www.w3.org\/2000\/svg\" viewBox=\"0 0 512 512\" class=\"svg-inline--fa fa-chart-bar fa-w-16 fa-2x\"><path fill=\"currentColor\" d=\"M396.8 352h22.4c6.4 0 12.8-6.4 12.8-12.8V108.8c0-6.4-6.4-12.8-12.8-12.8h-22.4c-6.4 0-12.8 6.4-12.8 12.8v230.4c0 6.4 6.4 12.8 12.8 12.8zm-192 0h22.4c6.4 0 12.8-6.4 12.8-12.8V140.8c0-6.4-6.4-12.8-12.8-12.8h-22.4c-6.4 0-12.8 6.4-12.8 12.8v198.4c0 6.4 6.4 12.8 12.8 12.8zm96 0h22.4c6.4 0 12.8-6.4 12.8-12.8V204.8c0-6.4-6.4-12.8-12.8-12.8h-22.4c-6.4 0-12.8 6.4-12.8 12.8v134.4c0 6.4 6.4 12.8 12.8 12.8zM496 400H48V80c0-8.84-7.16-16-16-16H16C7.16 64 0 71.16 0 80v336c0 17.67 14.33 32 32 32h464c8.84 0 16-7.16 16-16v-16c0-8.84-7.16-16-16-16zm-387.2-48h22.4c6.4 0 12.8-6.4 12.8-12.8v-70.4c0-6.4-6.4-12.8-12.8-12.8h-22.4c-6.4 0-12.8 6.4-12.8 12.8v70.4c0 6.4 6.4 12.8 12.8 12.8z\" class=\"\"><\/path><\/svg><\/i> <img loading=\"lazy\" decoding=\"async\" width=\"16\" height=\"16\" alt=\"Loading\" src=\"https:\/\/temucotelevision.cl\/web\/wp-content\/plugins\/page-views-count\/ajax-loader-2x.gif\" border=0 \/><\/p><div class=\"pvc_clear\"><\/div>\n<p>En coordinaci\u00f3n con el Ministerio P\u00fablico y previo&nbsp;an\u00e1lisis delictual, el equipo de Microtr\u00e1fico Cero (MT-0) de la Brigada de Investigaci\u00f3n Criminal (Bicrim) Pitrufqu\u00e9n, detuvo a un hombre y una mujer \u2013ambos de 21 a\u00f1os-, por el delito de microtr\u00e1fico de drogas en la mencionada ciudad. Asimismo, detuvieron a un adolescente -de 15 a\u00f1os- por infracci\u00f3n a la Ley de Armas.<\/p>\n\n\n\n<p>El subprefecto Rodrigo Garc\u00eda Schmidt, jefe de la Bicrim Pitrufqu\u00e9n precis\u00f3 que \u201cse realizaron irrupciones en tres domicilios de la comuna, los cuales fueron allanados en virtud a una orden de entrada y registro judicial, por el delito de microtr\u00e1fico\u201d. En el operativo se logr\u00f3 la incautaci\u00f3n de 250 gramos de cannabis sativa, avaluada en m\u00e1s de 2 millones de pesos, y 6,7 gramos de ketamina, tambi\u00e9n conocida como Tussi.<\/p>\n\n\n\n<p>\u201cDe igual manera, en esta diligencia policial, se incaut\u00f3 un revolver, aparentemente a fogueo, el cual ser\u00e1 sometido a peritajes para determinar si est\u00e1 apto o no para disparos. Con esta metodolog\u00eda de trabajo, se pretende eliminar los lugares donde se comercializa droga en peque\u00f1as cantidades, tanto en esta comuna, como en todas aquellas que son de jurisdicci\u00f3n de esta Brigada de Investigaci\u00f3n Criminal\u201d, indic\u00f3 el subprefecto Garc\u00eda.<\/p>\n\n\n\n<p>El fiscal a cargo de la investigaci\u00f3n instruy\u00f3 que el detenido adolescente quedara en libertad, apercibido bajo el Art\u00edculo 26 del C\u00f3digo Procesal Penal. En tanto, los dos adultos fueron puestos a disposici\u00f3n del\u00a0Juzgado\u00a0de Garant\u00eda de Pitrufqu\u00e9n, donde se realiz\u00f3 el respectivo control de detenci\u00f3n. En cuanto a la droga, \u00e9sta fue remitida al Servicio de Salud Araucan\u00eda Sur para su destrucci\u00f3n.<\/p>\n\n\n\n<figure class=\"wp-block-image size-large\"><img loading=\"lazy\" decoding=\"async\" width=\"1024\" height=\"768\" src=\"https:\/\/temucotelevision.cl\/web\/wp-content\/uploads\/2022\/06\/Droga2-1024x768.jpg\" alt=\"\" class=\"wp-image-32615\" srcset=\"https:\/\/temucotelevision.cl\/web\/wp-content\/uploads\/2022\/06\/Droga2-1024x768.jpg 1024w, https:\/\/temucotelevision.cl\/web\/wp-content\/uploads\/2022\/06\/Droga2-768x576.jpg 768w, https:\/\/temucotelevision.cl\/web\/wp-content\/uploads\/2022\/06\/Droga2.jpg 1152w\" sizes=\"auto, (max-width: 1024px) 100vw, 1024px\" \/><\/figure>\n","protected":false},"excerpt":{"rendered":"<div class=\"pvc_clear\"><\/div>\n<p id=\"pvc_stats_32613\" class=\"pvc_stats total_only  \" data-element-id=\"32613\" style=\"\"><i class=\"pvc-stats-icon large\" aria-hidden=\"true\"><svg aria-hidden=\"true\" focusable=\"false\" data-prefix=\"far\" data-icon=\"chart-bar\" role=\"img\" xmlns=\"http:\/\/www.w3.org\/2000\/svg\" viewBox=\"0 0 512 512\" class=\"svg-inline--fa fa-chart-bar fa-w-16 fa-2x\"><path fill=\"currentColor\" d=\"M396.8 352h22.4c6.4 0 12.8-6.4 12.8-12.8V108.8c0-6.4-6.4-12.8-12.8-12.8h-22.4c-6.4 0-12.8 6.4-12.8 12.8v230.4c0 6.4 6.4 12.8 12.8 12.8zm-192 0h22.4c6.4 0 12.8-6.4 12.8-12.8V140.8c0-6.4-6.4-12.8-12.8-12.8h-22.4c-6.4 0-12.8 6.4-12.8 12.8v198.4c0 6.4 6.4 12.8 12.8 12.8zm96 0h22.4c6.4 0 12.8-6.4 12.8-12.8V204.8c0-6.4-6.4-12.8-12.8-12.8h-22.4c-6.4 0-12.8 6.4-12.8 12.8v134.4c0 6.4 6.4 12.8 12.8 12.8zM496 400H48V80c0-8.84-7.16-16-16-16H16C7.16 64 0 71.16 0 80v336c0 17.67 14.33 32 32 32h464c8.84 0 16-7.16 16-16v-16c0-8.84-7.16-16-16-16zm-387.2-48h22.4c6.4 0 12.8-6.4 12.8-12.8v-70.4c0-6.4-6.4-12.8-12.8-12.8h-22.4c-6.4 0-12.8 6.4-12.8 12.8v70.4c0 6.4 6.4 12.8 12.8 12.8z\" class=\"\"><\/path><\/svg><\/i> <img loading=\"lazy\" decoding=\"async\" width=\"16\" height=\"16\" alt=\"Loading\" src=\"https:\/\/temucotelevision.cl\/web\/wp-content\/plugins\/page-views-count\/ajax-loader-2x.gif\" border=0 \/><\/p>\n<div class=\"pvc_clear\"><\/div>\n<p>En coordinaci\u00f3n con el Ministerio P\u00fablico y previo&nbsp;an\u00e1lisis delictual, el equipo de Microtr\u00e1fico Cero (MT-0) de la Brigada de Investigaci\u00f3n<\/p>\n","protected":false},"author":1,"featured_media":32614,"comment_status":"open","ping_status":"open","sticky":false,"template":"","format":"standard","meta":{"colormag_page_container_layout":"default_layout","colormag_page_sidebar_layout":"default_layout","footnotes":""},"categories":[16],"tags":[2090,77,3766,499],"class_list":["post-32613","post","type-post","status-publish","format-standard","has-post-thumbnail","hentry","category-policial","tag-adolescente","tag-drogas","tag-infraccion","tag-pareja"],"a3_pvc":{"activated":true,"total_views":63,"today_views":0},"_links":{"self":[{"href":"https:\/\/temucotelevision.cl\/web\/wp-json\/wp\/v2\/posts\/32613","targetHints":{"allow":["GET"]}}],"collection":[{"href":"https:\/\/temucotelevision.cl\/web\/wp-json\/wp\/v2\/posts"}],"about":[{"href":"https:\/\/temucotelevision.cl\/web\/wp-json\/wp\/v2\/types\/post"}],"author":[{"embeddable":true,"href":"https:\/\/temucotelevision.cl\/web\/wp-json\/wp\/v2\/users\/1"}],"replies":[{"embeddable":true,"href":"https:\/\/temucotelevision.cl\/web\/wp-json\/wp\/v2\/comments?post=32613"}],"version-history":[{"count":1,"href":"https:\/\/temucotelevision.cl\/web\/wp-json\/wp\/v2\/posts\/32613\/revisions"}],"predecessor-version":[{"id":32616,"href":"https:\/\/temucotelevision.cl\/web\/wp-json\/wp\/v2\/posts\/32613\/revisions\/32616"}],"wp:featuredmedia":[{"embeddable":true,"href":"https:\/\/temucotelevision.cl\/web\/wp-json\/wp\/v2\/media\/32614"}],"wp:attachment":[{"href":"https:\/\/temucotelevision.cl\/web\/wp-json\/wp\/v2\/media?parent=32613"}],"wp:term":[{"taxonomy":"category","embeddable":true,"href":"https:\/\/temucotelevision.cl\/web\/wp-json\/wp\/v2\/categories?post=32613"},{"taxonomy":"post_tag","embeddable":true,"href":"https:\/\/temucotelevision.cl\/web\/wp-json\/wp\/v2\/tags?post=32613"}],"curies":[{"name":"wp","href":"https:\/\/api.w.org\/{rel}","templated":true}]}}