{"id":32608,"date":"2022-06-09T14:00:05","date_gmt":"2022-06-09T17:00:05","guid":{"rendered":"https:\/\/temucotelevision.cl\/web\/?p=32608"},"modified":"2022-06-09T14:00:28","modified_gmt":"2022-06-09T17:00:28","slug":"vagon-inmersivo-pablo-neruda-la-nueva-experiencia-sensorial-e-interactiva-que-se-podra-disfrutar-en-el-museo-ferroviario-de-temuco","status":"publish","type":"post","link":"https:\/\/temucotelevision.cl\/web\/2022\/06\/09\/vagon-inmersivo-pablo-neruda-la-nueva-experiencia-sensorial-e-interactiva-que-se-podra-disfrutar-en-el-museo-ferroviario-de-temuco\/","title":{"rendered":"\u201cVag\u00f3n inmersivo Pablo Neruda\u201d, la nueva experiencia sensorial e interactiva que se podr\u00e1 disfrutar en el Museo Ferroviario de Temuco"},"content":{"rendered":"<div class=\"pvc_clear\"><\/div><p id=\"pvc_stats_32608\" class=\"pvc_stats total_only  \" data-element-id=\"32608\" style=\"\"><i class=\"pvc-stats-icon large\" aria-hidden=\"true\"><svg aria-hidden=\"true\" focusable=\"false\" data-prefix=\"far\" data-icon=\"chart-bar\" role=\"img\" xmlns=\"http:\/\/www.w3.org\/2000\/svg\" viewBox=\"0 0 512 512\" class=\"svg-inline--fa fa-chart-bar fa-w-16 fa-2x\"><path fill=\"currentColor\" d=\"M396.8 352h22.4c6.4 0 12.8-6.4 12.8-12.8V108.8c0-6.4-6.4-12.8-12.8-12.8h-22.4c-6.4 0-12.8 6.4-12.8 12.8v230.4c0 6.4 6.4 12.8 12.8 12.8zm-192 0h22.4c6.4 0 12.8-6.4 12.8-12.8V140.8c0-6.4-6.4-12.8-12.8-12.8h-22.4c-6.4 0-12.8 6.4-12.8 12.8v198.4c0 6.4 6.4 12.8 12.8 12.8zm96 0h22.4c6.4 0 12.8-6.4 12.8-12.8V204.8c0-6.4-6.4-12.8-12.8-12.8h-22.4c-6.4 0-12.8 6.4-12.8 12.8v134.4c0 6.4 6.4 12.8 12.8 12.8zM496 400H48V80c0-8.84-7.16-16-16-16H16C7.16 64 0 71.16 0 80v336c0 17.67 14.33 32 32 32h464c8.84 0 16-7.16 16-16v-16c0-8.84-7.16-16-16-16zm-387.2-48h22.4c6.4 0 12.8-6.4 12.8-12.8v-70.4c0-6.4-6.4-12.8-12.8-12.8h-22.4c-6.4 0-12.8 6.4-12.8 12.8v70.4c0 6.4 6.4 12.8 12.8 12.8z\" class=\"\"><\/path><\/svg><\/i> <img loading=\"lazy\" decoding=\"async\" width=\"16\" height=\"16\" alt=\"Loading\" src=\"https:\/\/temucotelevision.cl\/web\/wp-content\/plugins\/page-views-count\/ajax-loader-2x.gif\" border=0 \/><\/p><div class=\"pvc_clear\"><\/div>\n<p>Una nueva experiencia sensorial e interactiva se podr\u00e1 disfrutar en el Museo Nacional Ferroviario Pablo Neruda de Temuco. Se trata del \u201cVag\u00f3n inmersivo Pablo Neruda\u201d, una iniciativa que fue posible gracias a la postulaci\u00f3n al&nbsp;Fondo de Mejoramiento Integral para Museos y que busca revitalizar este espacio a trav\u00e9s de la innovaci\u00f3n tecnol\u00f3gica.&nbsp;<\/p>\n\n\n\n<p>El proyecto consider\u00f3 una inversi\u00f3n superior a los 34 millones de pesos, recursos provenientes del Ministerio de las Culturas, las Artes y el Patrimonio que permitieron&nbsp;convertir el interior de un vag\u00f3n en una instalaci\u00f3n interactiva, que invita al visitante a vivir una experiencia sensorial a trav\u00e9s de un simb\u00f3lico viaje en tren. La experiencia, que incorpora moderna tecnolog\u00eda, es un viaje al pasado y a la \u00e9poca de oro de los trenes a vapor, grandes testigos del desarrollo econ\u00f3mico y el progreso de La Araucan\u00eda en el siglo XX.&nbsp;&nbsp;<\/p>\n\n\n\n<p>El proyecto fue inaugurado por el alcalde de Temuco, Roberto Neira Aburto, quien se\u00f1al\u00f3 que \u201cestamos inaugurando algo espectacular en el Museo Ferroviario Pablo Neruda, que es el \u201cVag\u00f3n inmersivo\u201d, que permite volver al pasado, conocer c\u00f3mo lleg\u00f3 el tren a nuestra ciudad, recordar a nuestro Nobel Pablo Neruda y hacer un recorrido por la historia. Ya nuestro museo es imponente, pero hoy d\u00eda tenemos un nuevo atractivo, este vag\u00f3n que te va a hacer recorrer en el tiempo, probar simb\u00f3licamente un caldo de congrio y otras sorpresas m\u00e1s\u201d, destac\u00f3 el jefe comunal.<\/p>\n\n\n\n<p>Por su parte, Roberto Concha, director regional del Servicio Nacional de Patrimonio Cultural, destac\u00f3 que \u201ceste es un proyecto precioso que est\u00e1bamos expectantes de conocerlo. Hay mucho m\u00e9rito del municipio para complementar este museo mundial, por la colecci\u00f3n de locomotoras que posee, pero le hac\u00eda falta implementar esto, de dar la posibilidad al visitante de vivir una experiencia, una inmersi\u00f3n, donde hay est\u00edmulos para todos los sentidos, evocaciones culinarias, poes\u00eda. Este es un regalo para la ciudad, que destaca a nivel pa\u00eds por su patrimonio ferroviario\u201d, concluy\u00f3.&nbsp;&nbsp;<\/p>\n\n\n\n<p>Importante es destacar que, a trav\u00e9s de este proyecto, el Museo Nacional Ferroviario Pablo Neruda est\u00e1 otorgando un valor agregado al patrimonio rodante existente en el recinto, entreg\u00e1ndole a las nuevas generaciones la oportunidad de revivir los viajes en tren con una experiencia de car\u00e1cter patrimonial, hist\u00f3rica y cultural. Del mismo modo, este proyecto busca visibilizar el tren no s\u00f3lo como un medio de transporte sino tambi\u00e9n un s\u00edmbolo de progreso, de desarrollo urbano y vida social, que se expresa a trav\u00e9s de una experiencia que mezcla el recorrido en tren con la poes\u00eda de Pablo Neruda.&nbsp;<\/p>\n\n\n\n<p>Por otro lado, el presidente de la Asociaci\u00f3n de Funcionarios en Retiro de Ferrocarriles Zona Sur, Manuel Guzm\u00e1n, valor\u00f3 la iniciativa y se\u00f1al\u00f3 que \u201cesto es bastante relevante, yo creo que a futuro se puede complementar mucho m\u00e1s, ya que hay muchos ferroviarios que tienen material e informaci\u00f3n que ser\u00eda importante recabar y que est\u00e1n dispuestos a entregar\u201d, indic\u00f3 el ex ferroviario.&nbsp;&nbsp;&nbsp;&nbsp;<\/p>\n\n\n\n<p>Estos nuevos componentes enriquecer\u00e1n, sin duda, la experiencia del visitante y permitir\u00e1n conectar al p\u00fablico con las nuevas tecnolog\u00edas, un trabajo que posiciona al Museo como uno de los espacios ferroviarios mejor conservados del pa\u00eds y como la muestra museol\u00f3gica m\u00e1s relevante de Chile y la Patagonia.&nbsp;&nbsp;Un vivo testimonio del ferrocarril en Chile, el medio de transporte que tuvo una gran relevancia en el sistema econ\u00f3mico y el desarrollo de integraci\u00f3n a lo largo del pa\u00eds durante el siglo XX.&nbsp;<\/p>\n\n\n\n<p>Finalmente, destacar que quienes deseen conocer el \u201cVag\u00f3n inmersivo Pablo Neruda\u201d, lo pueden hacer agendando su visita al fono 2973 945 o al correo\u00a0<a>boleteriamuseoferroviario@temuco.cl<\/a>, de martes a viernes de 09:00 a 18:00 horas, s\u00e1bados de 10:00 a 18:00 horas y domingos de 11:00 a 17:00 horas.\u00a0\u00a0<\/p>\n\n\n\n<figure class=\"wp-block-image size-large\"><img loading=\"lazy\" decoding=\"async\" width=\"1024\" height=\"768\" src=\"https:\/\/temucotelevision.cl\/web\/wp-content\/uploads\/2022\/06\/vagoninmersivo5-1024x768.jpeg\" alt=\"\" class=\"wp-image-32610\" srcset=\"https:\/\/temucotelevision.cl\/web\/wp-content\/uploads\/2022\/06\/vagoninmersivo5-1024x768.jpeg 1024w, https:\/\/temucotelevision.cl\/web\/wp-content\/uploads\/2022\/06\/vagoninmersivo5-768x576.jpeg 768w, https:\/\/temucotelevision.cl\/web\/wp-content\/uploads\/2022\/06\/vagoninmersivo5-1536x1152.jpeg 1536w, https:\/\/temucotelevision.cl\/web\/wp-content\/uploads\/2022\/06\/vagoninmersivo5.jpeg 1600w\" sizes=\"auto, (max-width: 1024px) 100vw, 1024px\" \/><\/figure>\n\n\n\n<figure class=\"wp-block-image size-large\"><img loading=\"lazy\" decoding=\"async\" width=\"1024\" height=\"768\" src=\"https:\/\/temucotelevision.cl\/web\/wp-content\/uploads\/2022\/06\/vagoninmersivo3-1024x768.jpeg\" alt=\"\" class=\"wp-image-32611\" srcset=\"https:\/\/temucotelevision.cl\/web\/wp-content\/uploads\/2022\/06\/vagoninmersivo3-1024x768.jpeg 1024w, https:\/\/temucotelevision.cl\/web\/wp-content\/uploads\/2022\/06\/vagoninmersivo3-768x576.jpeg 768w, https:\/\/temucotelevision.cl\/web\/wp-content\/uploads\/2022\/06\/vagoninmersivo3-1536x1152.jpeg 1536w, https:\/\/temucotelevision.cl\/web\/wp-content\/uploads\/2022\/06\/vagoninmersivo3.jpeg 1600w\" sizes=\"auto, (max-width: 1024px) 100vw, 1024px\" \/><\/figure>\n\n\n\n<p>\u00a0<\/p>\n","protected":false},"excerpt":{"rendered":"<div class=\"pvc_clear\"><\/div>\n<p id=\"pvc_stats_32608\" class=\"pvc_stats total_only  \" data-element-id=\"32608\" style=\"\"><i class=\"pvc-stats-icon large\" aria-hidden=\"true\"><svg aria-hidden=\"true\" focusable=\"false\" data-prefix=\"far\" data-icon=\"chart-bar\" role=\"img\" xmlns=\"http:\/\/www.w3.org\/2000\/svg\" viewBox=\"0 0 512 512\" class=\"svg-inline--fa fa-chart-bar fa-w-16 fa-2x\"><path fill=\"currentColor\" d=\"M396.8 352h22.4c6.4 0 12.8-6.4 12.8-12.8V108.8c0-6.4-6.4-12.8-12.8-12.8h-22.4c-6.4 0-12.8 6.4-12.8 12.8v230.4c0 6.4 6.4 12.8 12.8 12.8zm-192 0h22.4c6.4 0 12.8-6.4 12.8-12.8V140.8c0-6.4-6.4-12.8-12.8-12.8h-22.4c-6.4 0-12.8 6.4-12.8 12.8v198.4c0 6.4 6.4 12.8 12.8 12.8zm96 0h22.4c6.4 0 12.8-6.4 12.8-12.8V204.8c0-6.4-6.4-12.8-12.8-12.8h-22.4c-6.4 0-12.8 6.4-12.8 12.8v134.4c0 6.4 6.4 12.8 12.8 12.8zM496 400H48V80c0-8.84-7.16-16-16-16H16C7.16 64 0 71.16 0 80v336c0 17.67 14.33 32 32 32h464c8.84 0 16-7.16 16-16v-16c0-8.84-7.16-16-16-16zm-387.2-48h22.4c6.4 0 12.8-6.4 12.8-12.8v-70.4c0-6.4-6.4-12.8-12.8-12.8h-22.4c-6.4 0-12.8 6.4-12.8 12.8v70.4c0 6.4 6.4 12.8 12.8 12.8z\" class=\"\"><\/path><\/svg><\/i> <img loading=\"lazy\" decoding=\"async\" width=\"16\" height=\"16\" alt=\"Loading\" src=\"https:\/\/temucotelevision.cl\/web\/wp-content\/plugins\/page-views-count\/ajax-loader-2x.gif\" border=0 \/><\/p>\n<div class=\"pvc_clear\"><\/div>\n<p>Una nueva experiencia sensorial e interactiva se podr\u00e1 disfrutar en el Museo Nacional Ferroviario Pablo Neruda de Temuco. Se trata<\/p>\n","protected":false},"author":1,"featured_media":32609,"comment_status":"open","ping_status":"open","sticky":false,"template":"","format":"standard","meta":{"colormag_page_container_layout":"default_layout","colormag_page_sidebar_layout":"default_layout","footnotes":""},"categories":[15,86],"tags":[875,529,1723,5375],"class_list":["post-32608","post","type-post","status-publish","format-standard","has-post-thumbnail","hentry","category-la-araucania","category-panoramas","tag-ferroviario","tag-museo","tag-pablo-neruda","tag-vagon"],"a3_pvc":{"activated":true,"total_views":163,"today_views":0},"_links":{"self":[{"href":"https:\/\/temucotelevision.cl\/web\/wp-json\/wp\/v2\/posts\/32608","targetHints":{"allow":["GET"]}}],"collection":[{"href":"https:\/\/temucotelevision.cl\/web\/wp-json\/wp\/v2\/posts"}],"about":[{"href":"https:\/\/temucotelevision.cl\/web\/wp-json\/wp\/v2\/types\/post"}],"author":[{"embeddable":true,"href":"https:\/\/temucotelevision.cl\/web\/wp-json\/wp\/v2\/users\/1"}],"replies":[{"embeddable":true,"href":"https:\/\/temucotelevision.cl\/web\/wp-json\/wp\/v2\/comments?post=32608"}],"version-history":[{"count":1,"href":"https:\/\/temucotelevision.cl\/web\/wp-json\/wp\/v2\/posts\/32608\/revisions"}],"predecessor-version":[{"id":32612,"href":"https:\/\/temucotelevision.cl\/web\/wp-json\/wp\/v2\/posts\/32608\/revisions\/32612"}],"wp:featuredmedia":[{"embeddable":true,"href":"https:\/\/temucotelevision.cl\/web\/wp-json\/wp\/v2\/media\/32609"}],"wp:attachment":[{"href":"https:\/\/temucotelevision.cl\/web\/wp-json\/wp\/v2\/media?parent=32608"}],"wp:term":[{"taxonomy":"category","embeddable":true,"href":"https:\/\/temucotelevision.cl\/web\/wp-json\/wp\/v2\/categories?post=32608"},{"taxonomy":"post_tag","embeddable":true,"href":"https:\/\/temucotelevision.cl\/web\/wp-json\/wp\/v2\/tags?post=32608"}],"curies":[{"name":"wp","href":"https:\/\/api.w.org\/{rel}","templated":true}]}}