{"id":32605,"date":"2022-06-09T12:47:55","date_gmt":"2022-06-09T15:47:55","guid":{"rendered":"https:\/\/temucotelevision.cl\/web\/?p=32605"},"modified":"2022-06-09T12:47:55","modified_gmt":"2022-06-09T15:47:55","slug":"ministro-valenzuela-se-reunio-con-equipos-de-la-nasa-para-profundizar-trabajo-en-conjunto-con-ciren-e-inia-enfocado-en-la-agricultura-de-precision","status":"publish","type":"post","link":"https:\/\/temucotelevision.cl\/web\/2022\/06\/09\/ministro-valenzuela-se-reunio-con-equipos-de-la-nasa-para-profundizar-trabajo-en-conjunto-con-ciren-e-inia-enfocado-en-la-agricultura-de-precision\/","title":{"rendered":"Ministro Valenzuela se reuni\u00f3 con equipos de la NASA para profundizar\u00a0trabajo en conjunto con CIREN e INIA enfocado en la agricultura de precisi\u00f3n\u00a0"},"content":{"rendered":"<div class=\"pvc_clear\"><\/div><p id=\"pvc_stats_32605\" class=\"pvc_stats total_only  \" data-element-id=\"32605\" style=\"\"><i class=\"pvc-stats-icon large\" aria-hidden=\"true\"><svg aria-hidden=\"true\" focusable=\"false\" data-prefix=\"far\" data-icon=\"chart-bar\" role=\"img\" xmlns=\"http:\/\/www.w3.org\/2000\/svg\" viewBox=\"0 0 512 512\" class=\"svg-inline--fa fa-chart-bar fa-w-16 fa-2x\"><path fill=\"currentColor\" d=\"M396.8 352h22.4c6.4 0 12.8-6.4 12.8-12.8V108.8c0-6.4-6.4-12.8-12.8-12.8h-22.4c-6.4 0-12.8 6.4-12.8 12.8v230.4c0 6.4 6.4 12.8 12.8 12.8zm-192 0h22.4c6.4 0 12.8-6.4 12.8-12.8V140.8c0-6.4-6.4-12.8-12.8-12.8h-22.4c-6.4 0-12.8 6.4-12.8 12.8v198.4c0 6.4 6.4 12.8 12.8 12.8zm96 0h22.4c6.4 0 12.8-6.4 12.8-12.8V204.8c0-6.4-6.4-12.8-12.8-12.8h-22.4c-6.4 0-12.8 6.4-12.8 12.8v134.4c0 6.4 6.4 12.8 12.8 12.8zM496 400H48V80c0-8.84-7.16-16-16-16H16C7.16 64 0 71.16 0 80v336c0 17.67 14.33 32 32 32h464c8.84 0 16-7.16 16-16v-16c0-8.84-7.16-16-16-16zm-387.2-48h22.4c6.4 0 12.8-6.4 12.8-12.8v-70.4c0-6.4-6.4-12.8-12.8-12.8h-22.4c-6.4 0-12.8 6.4-12.8 12.8v70.4c0 6.4 6.4 12.8 12.8 12.8z\" class=\"\"><\/path><\/svg><\/i> <img loading=\"lazy\" decoding=\"async\" width=\"16\" height=\"16\" alt=\"Loading\" src=\"https:\/\/temucotelevision.cl\/web\/wp-content\/plugins\/page-views-count\/ajax-loader-2x.gif\" border=0 \/><\/p><div class=\"pvc_clear\"><\/div>\n<p>Durante su \u00faltimo d\u00eda en Estados Unidos, el secretario de estado tambi\u00e9n sostuvo un encuentro con director nacional de desarrollo rural, Justin Maxon.&nbsp;<\/p>\n\n\n\n<p>Un importante encuentro que permiti\u00f3 repasar y reforzar los proyectos que est\u00e1n desarrollando el Instituto de Investigaciones Agropecuarias (INIA) y el Centro de Informaci\u00f3n de Recursos Naturales (CIREN) en conjunto con NASA, sostuvo el ministro de Agricultura, Esteban Valenzuela, durante el \u00faltimo d\u00eda de su visita a los Estados Unidos. &nbsp;<\/p>\n\n\n\n<p>El secretario de Estado se reuni\u00f3 con el equipo de directivo de la NASA, con quienes analiz\u00f3 la manera de potenciar el trabajo que se est\u00e1 desarrollando para fortalecer la recolecci\u00f3n de datos para el desarrollo de la agricultura de precisi\u00f3n. \u201cNos reunimos con la NASA con quienes repasamos los proyectos que est\u00e1n desarrollando con el INIA y con el CIREN del Ministerio de Agricultura, en los que se llama datos para la agricultura de precisi\u00f3n, el medir la calidad del suelo, tambi\u00e9n la atmosfera, los acu\u00edferos, la realidad del agua en diversas zonas del pa\u00eds y c\u00f3mo esto se puede potenciar en este urgente observatorio del agua que requieren las cuencas para el uso sostenible de nuestro sistema agr\u00edcola y medo ambiental\u201d, explic\u00f3 el ministro Valenzuela.&nbsp;<\/p>\n\n\n\n<p>Durante la jornada, el secretario de Estado tambi\u00e9n se reuni\u00f3 con el director nacional de Desarrollo Rural de Estados Unidos, Justin Maxon, con quien \u201cexploramos el apoyo a la agricultura familiar campesina, a las comunidades ind\u00edgenas, el trabajo con los gobiernos subnacionales y tambi\u00e9n los sistemas en que ellos apoyan el repoblamiento de zonas rurales con j\u00f3venes, ayud\u00e1ndoles a comprar terrenos con una garant\u00eda de hipotecas que es un proceso que exploraremos tambi\u00e9n para el caso de Chile\u201d, detall\u00f3 Valenzuela.&nbsp;<\/p>\n\n\n\n<p>Finalmente, secretario de Estado se reuni\u00f3 con representantes de la Agencia de Cooperaci\u00f3n Internacional de Estados Unidos \u201cpara buscar junto al Instituto de Cooperaci\u00f3n para la Agricultura de la OEA, la creaci\u00f3n de una plataforma multimedia que permita compartir experiencias de buenas pr\u00e1cticas agr\u00edcolas en el \u00e1mbito de la producci\u00f3n, de la agroecolog\u00eda, de uso responsable del agua, del manejo de datos del trabajo con las comunidades ind\u00edgenas en el continente para la agricultura, de manera fecunda y colaborativa entre todos los pa\u00edses de Am\u00e9rica Latina y eventualmente del caribe\u201d, explic\u00f3 el ministro Valenzuela.&nbsp;<\/p>\n","protected":false},"excerpt":{"rendered":"<div class=\"pvc_clear\"><\/div>\n<p id=\"pvc_stats_32605\" class=\"pvc_stats total_only  \" data-element-id=\"32605\" style=\"\"><i class=\"pvc-stats-icon large\" aria-hidden=\"true\"><svg aria-hidden=\"true\" focusable=\"false\" data-prefix=\"far\" data-icon=\"chart-bar\" role=\"img\" xmlns=\"http:\/\/www.w3.org\/2000\/svg\" viewBox=\"0 0 512 512\" class=\"svg-inline--fa fa-chart-bar fa-w-16 fa-2x\"><path fill=\"currentColor\" d=\"M396.8 352h22.4c6.4 0 12.8-6.4 12.8-12.8V108.8c0-6.4-6.4-12.8-12.8-12.8h-22.4c-6.4 0-12.8 6.4-12.8 12.8v230.4c0 6.4 6.4 12.8 12.8 12.8zm-192 0h22.4c6.4 0 12.8-6.4 12.8-12.8V140.8c0-6.4-6.4-12.8-12.8-12.8h-22.4c-6.4 0-12.8 6.4-12.8 12.8v198.4c0 6.4 6.4 12.8 12.8 12.8zm96 0h22.4c6.4 0 12.8-6.4 12.8-12.8V204.8c0-6.4-6.4-12.8-12.8-12.8h-22.4c-6.4 0-12.8 6.4-12.8 12.8v134.4c0 6.4 6.4 12.8 12.8 12.8zM496 400H48V80c0-8.84-7.16-16-16-16H16C7.16 64 0 71.16 0 80v336c0 17.67 14.33 32 32 32h464c8.84 0 16-7.16 16-16v-16c0-8.84-7.16-16-16-16zm-387.2-48h22.4c6.4 0 12.8-6.4 12.8-12.8v-70.4c0-6.4-6.4-12.8-12.8-12.8h-22.4c-6.4 0-12.8 6.4-12.8 12.8v70.4c0 6.4 6.4 12.8 12.8 12.8z\" class=\"\"><\/path><\/svg><\/i> <img loading=\"lazy\" decoding=\"async\" width=\"16\" height=\"16\" alt=\"Loading\" src=\"https:\/\/temucotelevision.cl\/web\/wp-content\/plugins\/page-views-count\/ajax-loader-2x.gif\" border=0 \/><\/p>\n<div class=\"pvc_clear\"><\/div>\n<p>Durante su \u00faltimo d\u00eda en Estados Unidos, el secretario de estado tambi\u00e9n sostuvo un encuentro con director nacional de desarrollo<\/p>\n","protected":false},"author":1,"featured_media":32606,"comment_status":"open","ping_status":"open","sticky":false,"template":"","format":"standard","meta":{"colormag_page_container_layout":"default_layout","colormag_page_sidebar_layout":"default_layout","footnotes":""},"categories":[101],"tags":[319,5374,5352,318,3294],"class_list":["post-32605","post","type-post","status-publish","format-standard","has-post-thumbnail","hentry","category-actualidad","tag-agricultura","tag-ciren","tag-inia","tag-ministro","tag-nasa"],"a3_pvc":{"activated":true,"total_views":51,"today_views":0},"_links":{"self":[{"href":"https:\/\/temucotelevision.cl\/web\/wp-json\/wp\/v2\/posts\/32605","targetHints":{"allow":["GET"]}}],"collection":[{"href":"https:\/\/temucotelevision.cl\/web\/wp-json\/wp\/v2\/posts"}],"about":[{"href":"https:\/\/temucotelevision.cl\/web\/wp-json\/wp\/v2\/types\/post"}],"author":[{"embeddable":true,"href":"https:\/\/temucotelevision.cl\/web\/wp-json\/wp\/v2\/users\/1"}],"replies":[{"embeddable":true,"href":"https:\/\/temucotelevision.cl\/web\/wp-json\/wp\/v2\/comments?post=32605"}],"version-history":[{"count":1,"href":"https:\/\/temucotelevision.cl\/web\/wp-json\/wp\/v2\/posts\/32605\/revisions"}],"predecessor-version":[{"id":32607,"href":"https:\/\/temucotelevision.cl\/web\/wp-json\/wp\/v2\/posts\/32605\/revisions\/32607"}],"wp:featuredmedia":[{"embeddable":true,"href":"https:\/\/temucotelevision.cl\/web\/wp-json\/wp\/v2\/media\/32606"}],"wp:attachment":[{"href":"https:\/\/temucotelevision.cl\/web\/wp-json\/wp\/v2\/media?parent=32605"}],"wp:term":[{"taxonomy":"category","embeddable":true,"href":"https:\/\/temucotelevision.cl\/web\/wp-json\/wp\/v2\/categories?post=32605"},{"taxonomy":"post_tag","embeddable":true,"href":"https:\/\/temucotelevision.cl\/web\/wp-json\/wp\/v2\/tags?post=32605"}],"curies":[{"name":"wp","href":"https:\/\/api.w.org\/{rel}","templated":true}]}}