{"id":32601,"date":"2022-06-09T11:27:06","date_gmt":"2022-06-09T14:27:06","guid":{"rendered":"https:\/\/temucotelevision.cl\/web\/?p=32601"},"modified":"2022-06-09T11:27:06","modified_gmt":"2022-06-09T14:27:06","slug":"escolares-dan-inicio-a-ciclo-de-visitas-guiadas-para-conocer-servicios-del-complejo-asistencial-padre-las-casas","status":"publish","type":"post","link":"https:\/\/temucotelevision.cl\/web\/2022\/06\/09\/escolares-dan-inicio-a-ciclo-de-visitas-guiadas-para-conocer-servicios-del-complejo-asistencial-padre-las-casas\/","title":{"rendered":"Escolares dan inicio a ciclo de visitas guiadas para conocer servicios del Complejo Asistencial Padre Las Casas"},"content":{"rendered":"<div class=\"pvc_clear\"><\/div><p id=\"pvc_stats_32601\" class=\"pvc_stats total_only  \" data-element-id=\"32601\" style=\"\"><i class=\"pvc-stats-icon large\" aria-hidden=\"true\"><svg aria-hidden=\"true\" focusable=\"false\" data-prefix=\"far\" data-icon=\"chart-bar\" role=\"img\" xmlns=\"http:\/\/www.w3.org\/2000\/svg\" viewBox=\"0 0 512 512\" class=\"svg-inline--fa fa-chart-bar fa-w-16 fa-2x\"><path fill=\"currentColor\" d=\"M396.8 352h22.4c6.4 0 12.8-6.4 12.8-12.8V108.8c0-6.4-6.4-12.8-12.8-12.8h-22.4c-6.4 0-12.8 6.4-12.8 12.8v230.4c0 6.4 6.4 12.8 12.8 12.8zm-192 0h22.4c6.4 0 12.8-6.4 12.8-12.8V140.8c0-6.4-6.4-12.8-12.8-12.8h-22.4c-6.4 0-12.8 6.4-12.8 12.8v198.4c0 6.4 6.4 12.8 12.8 12.8zm96 0h22.4c6.4 0 12.8-6.4 12.8-12.8V204.8c0-6.4-6.4-12.8-12.8-12.8h-22.4c-6.4 0-12.8 6.4-12.8 12.8v134.4c0 6.4 6.4 12.8 12.8 12.8zM496 400H48V80c0-8.84-7.16-16-16-16H16C7.16 64 0 71.16 0 80v336c0 17.67 14.33 32 32 32h464c8.84 0 16-7.16 16-16v-16c0-8.84-7.16-16-16-16zm-387.2-48h22.4c6.4 0 12.8-6.4 12.8-12.8v-70.4c0-6.4-6.4-12.8-12.8-12.8h-22.4c-6.4 0-12.8 6.4-12.8 12.8v70.4c0 6.4 6.4 12.8 12.8 12.8z\" class=\"\"><\/path><\/svg><\/i> <img loading=\"lazy\" decoding=\"async\" width=\"16\" height=\"16\" alt=\"Loading\" src=\"https:\/\/temucotelevision.cl\/web\/wp-content\/plugins\/page-views-count\/ajax-loader-2x.gif\" border=0 \/><\/p><div class=\"pvc_clear\"><\/div>\n<p><em>Ni\u00f1os de&nbsp;<\/em><em>5\u00b0 y 6\u00b0 b\u00e1sico de la Escuela Tromen Quepe fueron los protagonistas de la primera actividad de este tipo abierta a la comunidad.<\/em><\/p>\n\n\n\n<p>Con motivo de continuar las experiencias exitosas de apertura a la comunidad del Complejo Asistencial Padre Las Casas (CAPLC), escolares de la comuna dieron inicio al ciclo 2022 del programa de visitas guiadas para conocer el trabajo que realiza la comunidad hospitalaria en sus distintas unidades y servicios.<\/p>\n\n\n\n<p>Los cursos de 5to y 6to b\u00e1sico de la Escuela Tromen Quepe recorrieron las unidades de&nbsp;Di\u00e1lisis, Amuldungun, Urgencia, Imagenolog\u00eda, Medicina F\u00edsica y Rehabilitaci\u00f3n,&nbsp;y la Central de Alimentaci\u00f3n.&nbsp;En una iniciativa coordinada por la unidad de Participaci\u00f3n Ciudadana junto a la agrupaci\u00f3n de Mujeres Caminando Por la Vida, pertenecientes al Consejo de la Sociedad Civil del establecimiento.<\/p>\n\n\n\n<p><strong>La visita<\/strong><\/p>\n\n\n\n<p>Para la profesora Jocelyn Pe\u00f1a, la visita fue \u201cuna muy linda experiencia ya que les da a los peque\u00f1os una visi\u00f3n m\u00e1s amplia de lo que es un hospital y de los cargos que desempe\u00f1a cada persona que trabaja. Sin duda fue una actividad muy enriquecedora, a los ni\u00f1os les gust\u00f3 mucho, se les vio en sus caritas, esto van a llegar a compartirlo con sus familias\u201d.&nbsp;<\/p>\n\n\n\n<p>Tambi\u00e9n, la encargada de convivencia de la Escuela Tromen Quepe, Claudia Antinao, destac\u00f3 que \u201cesta es una iniciativa que nosotros solicitamos por la semana de la salud escolar, fue un gran aliciente&nbsp;por lo que agradecemos&nbsp;la disposici\u00f3n de todas las personas que nos recibieron, los ni\u00f1os se van felices y nosotras m\u00e1s que agradecidas\u201d.&nbsp;<\/p>\n\n\n\n<p>Por su parte, Marisol Recondo, integrante del voluntariado de&nbsp;Mujeres Caminando por la Vida,&nbsp;se\u00f1al\u00f3 que \u201clos ni\u00f1os se van repletos de informaci\u00f3n, si pudiesen ver la cara de felicidad de los ni\u00f1os, sorprendidos con el Complejo, para nosotras es una tremenda satisfacci\u00f3n acompa\u00f1ar a estos ni\u00f1os que sin duda ser\u00e1n los futuros profesionales de la salud\u201d.<\/p>\n\n\n\n<p>&nbsp;<strong>Invitaci\u00f3n<\/strong><\/p>\n\n\n\n<p>Desde el CAPLC, la directora&nbsp;Andrea Catal\u00e1n,&nbsp;enfatiz\u00f3 que esperan&nbsp;que muchas m\u00e1s escuelas y liceos&nbsp;interesados&nbsp;puedan&nbsp;conocer&nbsp;el establecimiento de salud, realizando las coordinaciones previas por medio de la unidad de Participaci\u00f3n Ciudadana.<\/p>\n\n\n\n<p>\u201cNos interesa que\u00a0las escuelas de Padre Las Casas, del territorio que abarcamos en\u00a0Cunco, Melipeuco\u00a0y Temuco,\u00a0que quieran conocer el Complejo,\u00a0puedan ver\u00a0como\u00a0trabajamos e\u00a0interactuar con\u00a0nuestros\u00a0profesionales y t\u00e9cnicos. Quienes quieran participar de estas visitas guiadas pueden\u00a0contactar a nuestra oficina de OIRS y Participaci\u00f3n Ciudadana, y por medio de Ximena Leonan, nuestra trabajadora social encargada,\u00a0agendar una visita\u201d, finaliz\u00f3 la directora.\u00a0<\/p>\n\n\n\n<figure class=\"wp-block-image size-large\"><img loading=\"lazy\" decoding=\"async\" width=\"1024\" height=\"768\" src=\"https:\/\/temucotelevision.cl\/web\/wp-content\/uploads\/2022\/06\/image00005-1024x768.jpg\" alt=\"\" class=\"wp-image-32603\" srcset=\"https:\/\/temucotelevision.cl\/web\/wp-content\/uploads\/2022\/06\/image00005-1024x768.jpg 1024w, https:\/\/temucotelevision.cl\/web\/wp-content\/uploads\/2022\/06\/image00005-768x576.jpg 768w, https:\/\/temucotelevision.cl\/web\/wp-content\/uploads\/2022\/06\/image00005-1536x1152.jpg 1536w, https:\/\/temucotelevision.cl\/web\/wp-content\/uploads\/2022\/06\/image00005-2048x1536.jpg 2048w\" sizes=\"auto, (max-width: 1024px) 100vw, 1024px\" \/><\/figure>\n","protected":false},"excerpt":{"rendered":"<div class=\"pvc_clear\"><\/div>\n<p id=\"pvc_stats_32601\" class=\"pvc_stats total_only  \" data-element-id=\"32601\" style=\"\"><i class=\"pvc-stats-icon large\" aria-hidden=\"true\"><svg aria-hidden=\"true\" focusable=\"false\" data-prefix=\"far\" data-icon=\"chart-bar\" role=\"img\" xmlns=\"http:\/\/www.w3.org\/2000\/svg\" viewBox=\"0 0 512 512\" class=\"svg-inline--fa fa-chart-bar fa-w-16 fa-2x\"><path fill=\"currentColor\" d=\"M396.8 352h22.4c6.4 0 12.8-6.4 12.8-12.8V108.8c0-6.4-6.4-12.8-12.8-12.8h-22.4c-6.4 0-12.8 6.4-12.8 12.8v230.4c0 6.4 6.4 12.8 12.8 12.8zm-192 0h22.4c6.4 0 12.8-6.4 12.8-12.8V140.8c0-6.4-6.4-12.8-12.8-12.8h-22.4c-6.4 0-12.8 6.4-12.8 12.8v198.4c0 6.4 6.4 12.8 12.8 12.8zm96 0h22.4c6.4 0 12.8-6.4 12.8-12.8V204.8c0-6.4-6.4-12.8-12.8-12.8h-22.4c-6.4 0-12.8 6.4-12.8 12.8v134.4c0 6.4 6.4 12.8 12.8 12.8zM496 400H48V80c0-8.84-7.16-16-16-16H16C7.16 64 0 71.16 0 80v336c0 17.67 14.33 32 32 32h464c8.84 0 16-7.16 16-16v-16c0-8.84-7.16-16-16-16zm-387.2-48h22.4c6.4 0 12.8-6.4 12.8-12.8v-70.4c0-6.4-6.4-12.8-12.8-12.8h-22.4c-6.4 0-12.8 6.4-12.8 12.8v70.4c0 6.4 6.4 12.8 12.8 12.8z\" class=\"\"><\/path><\/svg><\/i> <img loading=\"lazy\" decoding=\"async\" width=\"16\" height=\"16\" alt=\"Loading\" src=\"https:\/\/temucotelevision.cl\/web\/wp-content\/plugins\/page-views-count\/ajax-loader-2x.gif\" border=0 \/><\/p>\n<div class=\"pvc_clear\"><\/div>\n<p>Ni\u00f1os de&nbsp;5\u00b0 y 6\u00b0 b\u00e1sico de la Escuela Tromen Quepe fueron los protagonistas de la primera actividad de este tipo<\/p>\n","protected":false},"author":1,"featured_media":32602,"comment_status":"open","ping_status":"open","sticky":false,"template":"","format":"standard","meta":{"colormag_page_container_layout":"default_layout","colormag_page_sidebar_layout":"default_layout","footnotes":""},"categories":[14],"tags":[2192,599,128,999,920,3343],"class_list":["post-32601","post","type-post","status-publish","format-standard","has-post-thumbnail","hentry","category-temuco","tag-complejo","tag-escolares","tag-hospital","tag-plc","tag-servicios","tag-visitas"],"a3_pvc":{"activated":true,"total_views":68,"today_views":0},"_links":{"self":[{"href":"https:\/\/temucotelevision.cl\/web\/wp-json\/wp\/v2\/posts\/32601","targetHints":{"allow":["GET"]}}],"collection":[{"href":"https:\/\/temucotelevision.cl\/web\/wp-json\/wp\/v2\/posts"}],"about":[{"href":"https:\/\/temucotelevision.cl\/web\/wp-json\/wp\/v2\/types\/post"}],"author":[{"embeddable":true,"href":"https:\/\/temucotelevision.cl\/web\/wp-json\/wp\/v2\/users\/1"}],"replies":[{"embeddable":true,"href":"https:\/\/temucotelevision.cl\/web\/wp-json\/wp\/v2\/comments?post=32601"}],"version-history":[{"count":1,"href":"https:\/\/temucotelevision.cl\/web\/wp-json\/wp\/v2\/posts\/32601\/revisions"}],"predecessor-version":[{"id":32604,"href":"https:\/\/temucotelevision.cl\/web\/wp-json\/wp\/v2\/posts\/32601\/revisions\/32604"}],"wp:featuredmedia":[{"embeddable":true,"href":"https:\/\/temucotelevision.cl\/web\/wp-json\/wp\/v2\/media\/32602"}],"wp:attachment":[{"href":"https:\/\/temucotelevision.cl\/web\/wp-json\/wp\/v2\/media?parent=32601"}],"wp:term":[{"taxonomy":"category","embeddable":true,"href":"https:\/\/temucotelevision.cl\/web\/wp-json\/wp\/v2\/categories?post=32601"},{"taxonomy":"post_tag","embeddable":true,"href":"https:\/\/temucotelevision.cl\/web\/wp-json\/wp\/v2\/tags?post=32601"}],"curies":[{"name":"wp","href":"https:\/\/api.w.org\/{rel}","templated":true}]}}