{"id":32592,"date":"2022-06-08T17:54:19","date_gmt":"2022-06-08T20:54:19","guid":{"rendered":"https:\/\/temucotelevision.cl\/web\/?p=32592"},"modified":"2022-06-08T17:54:20","modified_gmt":"2022-06-08T20:54:20","slug":"diputada-naveillan-alerto-sobre-aumento-de-tomas-violentas-por-expectativas-de-restitucion-de-tierras","status":"publish","type":"post","link":"https:\/\/temucotelevision.cl\/web\/2022\/06\/08\/diputada-naveillan-alerto-sobre-aumento-de-tomas-violentas-por-expectativas-de-restitucion-de-tierras\/","title":{"rendered":"Diputada Naveill\u00e1n alert\u00f3 sobre aumento de tomas violentas por expectativas de restituci\u00f3n de tierras"},"content":{"rendered":"<div class=\"pvc_clear\"><\/div><p id=\"pvc_stats_32592\" class=\"pvc_stats total_only  \" data-element-id=\"32592\" style=\"\"><i class=\"pvc-stats-icon large\" aria-hidden=\"true\"><svg aria-hidden=\"true\" focusable=\"false\" data-prefix=\"far\" data-icon=\"chart-bar\" role=\"img\" xmlns=\"http:\/\/www.w3.org\/2000\/svg\" viewBox=\"0 0 512 512\" class=\"svg-inline--fa fa-chart-bar fa-w-16 fa-2x\"><path fill=\"currentColor\" d=\"M396.8 352h22.4c6.4 0 12.8-6.4 12.8-12.8V108.8c0-6.4-6.4-12.8-12.8-12.8h-22.4c-6.4 0-12.8 6.4-12.8 12.8v230.4c0 6.4 6.4 12.8 12.8 12.8zm-192 0h22.4c6.4 0 12.8-6.4 12.8-12.8V140.8c0-6.4-6.4-12.8-12.8-12.8h-22.4c-6.4 0-12.8 6.4-12.8 12.8v198.4c0 6.4 6.4 12.8 12.8 12.8zm96 0h22.4c6.4 0 12.8-6.4 12.8-12.8V204.8c0-6.4-6.4-12.8-12.8-12.8h-22.4c-6.4 0-12.8 6.4-12.8 12.8v134.4c0 6.4 6.4 12.8 12.8 12.8zM496 400H48V80c0-8.84-7.16-16-16-16H16C7.16 64 0 71.16 0 80v336c0 17.67 14.33 32 32 32h464c8.84 0 16-7.16 16-16v-16c0-8.84-7.16-16-16-16zm-387.2-48h22.4c6.4 0 12.8-6.4 12.8-12.8v-70.4c0-6.4-6.4-12.8-12.8-12.8h-22.4c-6.4 0-12.8 6.4-12.8 12.8v70.4c0 6.4 6.4 12.8 12.8 12.8z\" class=\"\"><\/path><\/svg><\/i> <img loading=\"lazy\" decoding=\"async\" width=\"16\" height=\"16\" alt=\"Loading\" src=\"https:\/\/temucotelevision.cl\/web\/wp-content\/plugins\/page-views-count\/ajax-loader-2x.gif\" border=0 \/><\/p><div class=\"pvc_clear\"><\/div>\n<p><em>La diputada por Malleco se refiri\u00f3 este martes a la toma de INIA Carillanca, situaci\u00f3n que mantiene dichos terrenos bajo protecci\u00f3n policial y que, a su juicio, podr\u00eda no ser el \u00fanico predio amenazado debido a los anuncios de restituci\u00f3n de tierras.&nbsp;<\/em><\/p>\n\n\n\n<p>\u201cEsta es una situaci\u00f3n grave que va a aumentar de manera exponencial, mientras no haya l\u00edmites claros respecto a lo que significa la propiedad privada\u201d, se\u00f1al\u00f3 la diputada del distrito 22, Gloria Naveill\u00e1n, quien anticip\u00f3 que las tomas violentas podr\u00edan aumentar en zonas del sur de Chile, debido a la intenci\u00f3n del gobierno y la Convenci\u00f3n Constitucional, de restituir tierras.&nbsp;<\/p>\n\n\n\n<p>La parlamentaria realiz\u00f3 la advertencia, luego de comunicarse con la directora de INIA Carillanca, predio que est\u00e1 siendo reivindicado por comunidades mapuche. \u201cHoy en la ma\u00f1ana me comuniqu\u00e9 con la directora de este servicio, quien me dijo que en este momento est\u00e1n con protecci\u00f3n policial, ven\u00eda saliendo de una reuni\u00f3n con el delegado presidencial y est\u00e1n haciendo todos los esfuerzos para evitar que estos terrenos, donde se ha cooperado tanto con el agro, no solo de la regi\u00f3n, sino que, a nivel nacional, pueda tener la seguridad que corresponde\u201d, se\u00f1al\u00f3 Naveill\u00e1n.<\/p>\n\n\n\n<p>\u201cConadi ha dicho claramente que ellos no se van a meter en este tema, hay siete comunidades que hoy d\u00eda se est\u00e1n peleando entre ellas porque quieren este terreno, y, por lo tanto, esta es la situaci\u00f3n que se va a vivir no solo en Vilc\u00fan, sino que en muchas zonas del sur del pa\u00eds con este llamado irresponsable de la Convenci\u00f3n Constitucional, pero tambi\u00e9n de los ministros que aumentan el presupuesto de Conadi dejando abierta la posibilidad de que, cualquiera que quiera, se pueda tomar un terreno privado. Esto es muy grave, hay una enorme falta de respeto por la propiedad privada\u201d, sentenci\u00f3 la diputada Naveill\u00e1n.&nbsp;<\/p>\n","protected":false},"excerpt":{"rendered":"<div class=\"pvc_clear\"><\/div>\n<p id=\"pvc_stats_32592\" class=\"pvc_stats total_only  \" data-element-id=\"32592\" style=\"\"><i class=\"pvc-stats-icon large\" aria-hidden=\"true\"><svg aria-hidden=\"true\" focusable=\"false\" data-prefix=\"far\" data-icon=\"chart-bar\" role=\"img\" xmlns=\"http:\/\/www.w3.org\/2000\/svg\" viewBox=\"0 0 512 512\" class=\"svg-inline--fa fa-chart-bar fa-w-16 fa-2x\"><path fill=\"currentColor\" d=\"M396.8 352h22.4c6.4 0 12.8-6.4 12.8-12.8V108.8c0-6.4-6.4-12.8-12.8-12.8h-22.4c-6.4 0-12.8 6.4-12.8 12.8v230.4c0 6.4 6.4 12.8 12.8 12.8zm-192 0h22.4c6.4 0 12.8-6.4 12.8-12.8V140.8c0-6.4-6.4-12.8-12.8-12.8h-22.4c-6.4 0-12.8 6.4-12.8 12.8v198.4c0 6.4 6.4 12.8 12.8 12.8zm96 0h22.4c6.4 0 12.8-6.4 12.8-12.8V204.8c0-6.4-6.4-12.8-12.8-12.8h-22.4c-6.4 0-12.8 6.4-12.8 12.8v134.4c0 6.4 6.4 12.8 12.8 12.8zM496 400H48V80c0-8.84-7.16-16-16-16H16C7.16 64 0 71.16 0 80v336c0 17.67 14.33 32 32 32h464c8.84 0 16-7.16 16-16v-16c0-8.84-7.16-16-16-16zm-387.2-48h22.4c6.4 0 12.8-6.4 12.8-12.8v-70.4c0-6.4-6.4-12.8-12.8-12.8h-22.4c-6.4 0-12.8 6.4-12.8 12.8v70.4c0 6.4 6.4 12.8 12.8 12.8z\" class=\"\"><\/path><\/svg><\/i> <img loading=\"lazy\" decoding=\"async\" width=\"16\" height=\"16\" alt=\"Loading\" src=\"https:\/\/temucotelevision.cl\/web\/wp-content\/plugins\/page-views-count\/ajax-loader-2x.gif\" border=0 \/><\/p>\n<div class=\"pvc_clear\"><\/div>\n<p>La diputada por Malleco se refiri\u00f3 este martes a la toma de INIA Carillanca, situaci\u00f3n que mantiene dichos terrenos bajo<\/p>\n","protected":false},"author":1,"featured_media":32593,"comment_status":"open","ping_status":"open","sticky":false,"template":"","format":"standard","meta":{"colormag_page_container_layout":"default_layout","colormag_page_sidebar_layout":"default_layout","footnotes":""},"categories":[84],"tags":[788,510,5367,750,2233],"class_list":["post-32592","post","type-post","status-publish","format-standard","has-post-thumbnail","hentry","category-politica","tag-diputada","tag-malleco","tag-naveillan","tag-tierras","tag-tomas"],"a3_pvc":{"activated":true,"total_views":28,"today_views":0},"_links":{"self":[{"href":"https:\/\/temucotelevision.cl\/web\/wp-json\/wp\/v2\/posts\/32592","targetHints":{"allow":["GET"]}}],"collection":[{"href":"https:\/\/temucotelevision.cl\/web\/wp-json\/wp\/v2\/posts"}],"about":[{"href":"https:\/\/temucotelevision.cl\/web\/wp-json\/wp\/v2\/types\/post"}],"author":[{"embeddable":true,"href":"https:\/\/temucotelevision.cl\/web\/wp-json\/wp\/v2\/users\/1"}],"replies":[{"embeddable":true,"href":"https:\/\/temucotelevision.cl\/web\/wp-json\/wp\/v2\/comments?post=32592"}],"version-history":[{"count":1,"href":"https:\/\/temucotelevision.cl\/web\/wp-json\/wp\/v2\/posts\/32592\/revisions"}],"predecessor-version":[{"id":32594,"href":"https:\/\/temucotelevision.cl\/web\/wp-json\/wp\/v2\/posts\/32592\/revisions\/32594"}],"wp:featuredmedia":[{"embeddable":true,"href":"https:\/\/temucotelevision.cl\/web\/wp-json\/wp\/v2\/media\/32593"}],"wp:attachment":[{"href":"https:\/\/temucotelevision.cl\/web\/wp-json\/wp\/v2\/media?parent=32592"}],"wp:term":[{"taxonomy":"category","embeddable":true,"href":"https:\/\/temucotelevision.cl\/web\/wp-json\/wp\/v2\/categories?post=32592"},{"taxonomy":"post_tag","embeddable":true,"href":"https:\/\/temucotelevision.cl\/web\/wp-json\/wp\/v2\/tags?post=32592"}],"curies":[{"name":"wp","href":"https:\/\/api.w.org\/{rel}","templated":true}]}}