{"id":32589,"date":"2022-06-08T17:50:15","date_gmt":"2022-06-08T20:50:15","guid":{"rendered":"https:\/\/temucotelevision.cl\/web\/?p=32589"},"modified":"2022-06-08T17:50:16","modified_gmt":"2022-06-08T20:50:16","slug":"municipio-de-loncoche-conmemora-dia-del-medio-ambiente","status":"publish","type":"post","link":"https:\/\/temucotelevision.cl\/web\/2022\/06\/08\/municipio-de-loncoche-conmemora-dia-del-medio-ambiente\/","title":{"rendered":"Municipio de Loncoche conmemora D\u00eda del Medio Ambiente"},"content":{"rendered":"<div class=\"pvc_clear\"><\/div><p id=\"pvc_stats_32589\" class=\"pvc_stats total_only  \" data-element-id=\"32589\" style=\"\"><i class=\"pvc-stats-icon large\" aria-hidden=\"true\"><svg aria-hidden=\"true\" focusable=\"false\" data-prefix=\"far\" data-icon=\"chart-bar\" role=\"img\" xmlns=\"http:\/\/www.w3.org\/2000\/svg\" viewBox=\"0 0 512 512\" class=\"svg-inline--fa fa-chart-bar fa-w-16 fa-2x\"><path fill=\"currentColor\" d=\"M396.8 352h22.4c6.4 0 12.8-6.4 12.8-12.8V108.8c0-6.4-6.4-12.8-12.8-12.8h-22.4c-6.4 0-12.8 6.4-12.8 12.8v230.4c0 6.4 6.4 12.8 12.8 12.8zm-192 0h22.4c6.4 0 12.8-6.4 12.8-12.8V140.8c0-6.4-6.4-12.8-12.8-12.8h-22.4c-6.4 0-12.8 6.4-12.8 12.8v198.4c0 6.4 6.4 12.8 12.8 12.8zm96 0h22.4c6.4 0 12.8-6.4 12.8-12.8V204.8c0-6.4-6.4-12.8-12.8-12.8h-22.4c-6.4 0-12.8 6.4-12.8 12.8v134.4c0 6.4 6.4 12.8 12.8 12.8zM496 400H48V80c0-8.84-7.16-16-16-16H16C7.16 64 0 71.16 0 80v336c0 17.67 14.33 32 32 32h464c8.84 0 16-7.16 16-16v-16c0-8.84-7.16-16-16-16zm-387.2-48h22.4c6.4 0 12.8-6.4 12.8-12.8v-70.4c0-6.4-6.4-12.8-12.8-12.8h-22.4c-6.4 0-12.8 6.4-12.8 12.8v70.4c0 6.4 6.4 12.8 12.8 12.8z\" class=\"\"><\/path><\/svg><\/i> <img loading=\"lazy\" decoding=\"async\" width=\"16\" height=\"16\" alt=\"Loading\" src=\"https:\/\/temucotelevision.cl\/web\/wp-content\/plugins\/page-views-count\/ajax-loader-2x.gif\" border=0 \/><\/p><div class=\"pvc_clear\"><\/div>\n<p>En el Gimnasio de la Escuela Municipal Alborada se realiz\u00f3 una ceremonia para conmemorar el D\u00eda Internacional del Medio Ambiente, reconoci\u00e9ndose a diferentes establecimientos educacionales que se encuentran con Certificaci\u00f3n Ambiental y a entidades privadas y p\u00fablicas que forman la Mesa de Medio Ambiental Comunal.<\/p>\n\n\n\n<p>En la oportunidad, se destac\u00f3 el trabajo que realiza la Direcci\u00f3n de Medio Ambiente, Aseo y Ornato, que cuenta con Certificaci\u00f3n Ambiental Municipal en su m\u00e1ximo nivel, 9 punto verdes activos, 7 en Loncoche, 1 en la Paz y 1 en Huiscapi y campa\u00f1as de reciclaje rurales.<\/p>\n\n\n\n<p>Adem\u00e1s, trabaja en la campa\u00f1a de reciclaje de pilas, aceite de cocina usado y tapas pl\u00e1sticas de botellas que son entregados en la oficina de la direcci\u00f3n, mientras que realizan campa\u00f1as urbanas y rurales del retiro de chatarra electr\u00f3nica y colchones, una gran educaci\u00f3n ambiental en establecimientos educacionales y organizaciones sociales, apoyando la certificaci\u00f3n ambiental de establecimientos educacionales y postulaci\u00f3n con ejecuci\u00f3n de proyectos medioambientales municipales y privados.&nbsp;<\/p>\n\n\n\n<p>La&nbsp;<strong>Directora del Colegio Santa Cruz, Carolina Troncoso<\/strong>, expres\u00f3:&nbsp;<em>\u201cMuy agradecidos por la invitaci\u00f3n que nos ha extendido la Municipalidad. Para nosotros igual es un orgullo estar nuevamente certificados, esto lo recibimos a inicio de a\u00f1o y hoy d\u00eda ya finalizarlo ac\u00e1 con una entrega m\u00e1s formal del Municipio. Y es un desaf\u00edo bonito tal como nos hablaban reci\u00e9n ac\u00e1, el compromiso que cada persona y nosotros como instituci\u00f3n debemos asumir para el cuidado del medio ambiente<\/em>\u201d.<\/p>\n\n\n\n<p>Cabe se\u00f1alar que la Certificaci\u00f3n Medio Ambiental corresponde a un sistema de car\u00e1cter voluntario para los municipios, creado y dirigido por el Ministerio del Medio Ambiente, mediante el cual se busca la incorporaci\u00f3n de la tem\u00e1tica ambiental en la gesti\u00f3n municipal.<\/p>\n\n\n\n<p>Bajo este contexto, la Municipalidad de Loncoche firma el convenio de ingreso al Sistema de Certificaci\u00f3n Ambiental (SCAM) el 24 de Julio de 2012, permitiendo a la fecha ostentar el Nivel de Excelencia Sobresaliente.<\/p>\n\n\n\n<p>Por lo tanto, el pr\u00f3ximo objetivo es alcanzar el m\u00e1ximo nivel del SCAM, el que corresponde a Gobernanza Ambiental Clim\u00e1tica Comunal, cuyo convenio de la etapa Apresto se firm\u00f3 en septiembre de 2020.<\/p>\n\n\n\n<p>De esta forma, se reconoci\u00f3 a diferentes establecimientos educacionales, que se encuentran con certificaci\u00f3n ambiental desde hace algunos a\u00f1os, como es el caso del Colegio Santa Cruz de Loncoche, nivel excelencia (2021); Sala Cuna y Jard\u00edn Infantil Bosque Encantado, nivel excelencia (2021); Jard\u00edn Infantil Alberto Pohl, nivel medio (2021); Escuela Egon Keutmann de Huiscapi, nivel medio (2021); Colegio&nbsp;Christian College, nivel excelencia (2021); Escuela Alborada, nivel b\u00e1sico (2021) y Jard\u00edn Infantil Pimpollito, nivel excelencia (2018).<\/p>\n\n\n\n<p>En enero de 2022 se constituye la Mesa de Gobernanza Ambiental Clim\u00e1tica Comunal, que de igual forma en la ceremonia se reconoci\u00f3 por su labor, y en febrero de 2022 se define la vocaci\u00f3n ambiental de la Comuna de Loncoche, siendo esta Residuos S\u00f3lidos, para la cual se definieron 3 metas, las que se basaron en el diagn\u00f3stico de madurez y factibilidad aplicado: Gesti\u00f3n integral de residuos inorg\u00e1nicos, gesti\u00f3n integral de residuos org\u00e1nicos y comuna sin micro-meso-macro basurales.<\/p>\n","protected":false},"excerpt":{"rendered":"<div class=\"pvc_clear\"><\/div>\n<p id=\"pvc_stats_32589\" class=\"pvc_stats total_only  \" data-element-id=\"32589\" style=\"\"><i class=\"pvc-stats-icon large\" aria-hidden=\"true\"><svg aria-hidden=\"true\" focusable=\"false\" data-prefix=\"far\" data-icon=\"chart-bar\" role=\"img\" xmlns=\"http:\/\/www.w3.org\/2000\/svg\" viewBox=\"0 0 512 512\" class=\"svg-inline--fa fa-chart-bar fa-w-16 fa-2x\"><path fill=\"currentColor\" d=\"M396.8 352h22.4c6.4 0 12.8-6.4 12.8-12.8V108.8c0-6.4-6.4-12.8-12.8-12.8h-22.4c-6.4 0-12.8 6.4-12.8 12.8v230.4c0 6.4 6.4 12.8 12.8 12.8zm-192 0h22.4c6.4 0 12.8-6.4 12.8-12.8V140.8c0-6.4-6.4-12.8-12.8-12.8h-22.4c-6.4 0-12.8 6.4-12.8 12.8v198.4c0 6.4 6.4 12.8 12.8 12.8zm96 0h22.4c6.4 0 12.8-6.4 12.8-12.8V204.8c0-6.4-6.4-12.8-12.8-12.8h-22.4c-6.4 0-12.8 6.4-12.8 12.8v134.4c0 6.4 6.4 12.8 12.8 12.8zM496 400H48V80c0-8.84-7.16-16-16-16H16C7.16 64 0 71.16 0 80v336c0 17.67 14.33 32 32 32h464c8.84 0 16-7.16 16-16v-16c0-8.84-7.16-16-16-16zm-387.2-48h22.4c6.4 0 12.8-6.4 12.8-12.8v-70.4c0-6.4-6.4-12.8-12.8-12.8h-22.4c-6.4 0-12.8 6.4-12.8 12.8v70.4c0 6.4 6.4 12.8 12.8 12.8z\" class=\"\"><\/path><\/svg><\/i> <img loading=\"lazy\" decoding=\"async\" width=\"16\" height=\"16\" alt=\"Loading\" src=\"https:\/\/temucotelevision.cl\/web\/wp-content\/plugins\/page-views-count\/ajax-loader-2x.gif\" border=0 \/><\/p>\n<div class=\"pvc_clear\"><\/div>\n<p>En el Gimnasio de la Escuela Municipal Alborada se realiz\u00f3 una ceremonia para conmemorar el D\u00eda Internacional del Medio Ambiente,<\/p>\n","protected":false},"author":1,"featured_media":32590,"comment_status":"open","ping_status":"open","sticky":false,"template":"","format":"standard","meta":{"colormag_page_container_layout":"default_layout","colormag_page_sidebar_layout":"default_layout","footnotes":""},"categories":[14],"tags":[501,993,3299,591],"class_list":["post-32589","post","type-post","status-publish","format-standard","has-post-thumbnail","hentry","category-temuco","tag-dia","tag-loncoche","tag-medio-ambiente","tag-municipio"],"a3_pvc":{"activated":true,"total_views":59,"today_views":0},"_links":{"self":[{"href":"https:\/\/temucotelevision.cl\/web\/wp-json\/wp\/v2\/posts\/32589","targetHints":{"allow":["GET"]}}],"collection":[{"href":"https:\/\/temucotelevision.cl\/web\/wp-json\/wp\/v2\/posts"}],"about":[{"href":"https:\/\/temucotelevision.cl\/web\/wp-json\/wp\/v2\/types\/post"}],"author":[{"embeddable":true,"href":"https:\/\/temucotelevision.cl\/web\/wp-json\/wp\/v2\/users\/1"}],"replies":[{"embeddable":true,"href":"https:\/\/temucotelevision.cl\/web\/wp-json\/wp\/v2\/comments?post=32589"}],"version-history":[{"count":1,"href":"https:\/\/temucotelevision.cl\/web\/wp-json\/wp\/v2\/posts\/32589\/revisions"}],"predecessor-version":[{"id":32591,"href":"https:\/\/temucotelevision.cl\/web\/wp-json\/wp\/v2\/posts\/32589\/revisions\/32591"}],"wp:featuredmedia":[{"embeddable":true,"href":"https:\/\/temucotelevision.cl\/web\/wp-json\/wp\/v2\/media\/32590"}],"wp:attachment":[{"href":"https:\/\/temucotelevision.cl\/web\/wp-json\/wp\/v2\/media?parent=32589"}],"wp:term":[{"taxonomy":"category","embeddable":true,"href":"https:\/\/temucotelevision.cl\/web\/wp-json\/wp\/v2\/categories?post=32589"},{"taxonomy":"post_tag","embeddable":true,"href":"https:\/\/temucotelevision.cl\/web\/wp-json\/wp\/v2\/tags?post=32589"}],"curies":[{"name":"wp","href":"https:\/\/api.w.org\/{rel}","templated":true}]}}