{"id":32587,"date":"2022-06-08T17:44:46","date_gmt":"2022-06-08T20:44:46","guid":{"rendered":"https:\/\/temucotelevision.cl\/web\/?p=32587"},"modified":"2022-06-08T17:44:46","modified_gmt":"2022-06-08T20:44:46","slug":"diputado-leal-oficia-a-la-junji-por-jardin-infantil-en-cholchol-que-lleva-9-anos-esperando-por-su-reconstruccion-tras-violento-incendio","status":"publish","type":"post","link":"https:\/\/temucotelevision.cl\/web\/2022\/06\/08\/diputado-leal-oficia-a-la-junji-por-jardin-infantil-en-cholchol-que-lleva-9-anos-esperando-por-su-reconstruccion-tras-violento-incendio\/","title":{"rendered":"Diputado Leal oficia a la Junji por jard\u00edn infantil en Cholchol que lleva 9 a\u00f1os esperando por su reconstrucci\u00f3n tras violento incendio"},"content":{"rendered":"<div class=\"pvc_clear\"><\/div><p id=\"pvc_stats_32587\" class=\"pvc_stats total_only  \" data-element-id=\"32587\" style=\"\"><i class=\"pvc-stats-icon large\" aria-hidden=\"true\"><svg aria-hidden=\"true\" focusable=\"false\" data-prefix=\"far\" data-icon=\"chart-bar\" role=\"img\" xmlns=\"http:\/\/www.w3.org\/2000\/svg\" viewBox=\"0 0 512 512\" class=\"svg-inline--fa fa-chart-bar fa-w-16 fa-2x\"><path fill=\"currentColor\" d=\"M396.8 352h22.4c6.4 0 12.8-6.4 12.8-12.8V108.8c0-6.4-6.4-12.8-12.8-12.8h-22.4c-6.4 0-12.8 6.4-12.8 12.8v230.4c0 6.4 6.4 12.8 12.8 12.8zm-192 0h22.4c6.4 0 12.8-6.4 12.8-12.8V140.8c0-6.4-6.4-12.8-12.8-12.8h-22.4c-6.4 0-12.8 6.4-12.8 12.8v198.4c0 6.4 6.4 12.8 12.8 12.8zm96 0h22.4c6.4 0 12.8-6.4 12.8-12.8V204.8c0-6.4-6.4-12.8-12.8-12.8h-22.4c-6.4 0-12.8 6.4-12.8 12.8v134.4c0 6.4 6.4 12.8 12.8 12.8zM496 400H48V80c0-8.84-7.16-16-16-16H16C7.16 64 0 71.16 0 80v336c0 17.67 14.33 32 32 32h464c8.84 0 16-7.16 16-16v-16c0-8.84-7.16-16-16-16zm-387.2-48h22.4c6.4 0 12.8-6.4 12.8-12.8v-70.4c0-6.4-6.4-12.8-12.8-12.8h-22.4c-6.4 0-12.8 6.4-12.8 12.8v70.4c0 6.4 6.4 12.8 12.8 12.8z\" class=\"\"><\/path><\/svg><\/i> <img loading=\"lazy\" decoding=\"async\" width=\"16\" height=\"16\" alt=\"Loading\" src=\"https:\/\/temucotelevision.cl\/web\/wp-content\/plugins\/page-views-count\/ajax-loader-2x.gif\" border=0 \/><\/p><div class=\"pvc_clear\"><\/div>\n<p><em>El representante de La Araucan\u00eda advirti\u00f3 que los ni\u00f1os del recinto \u201cLos Pumitas\u201d, del sector de Rucapangue, tienen que convivir en instalaciones \u201cprecarias e indignas\u201d, y que incluso no contaban con ba\u00f1os hasta el mes pasado.<\/em><\/p>\n\n\n\n<p>Como \u201cins\u00f3lito\u201d calific\u00f3 el diputado por la Regi\u00f3n de La Araucan\u00eda, Henry Leal (UDI), la falta de una soluci\u00f3n concreta para el jard\u00edn infantil \u201cLos Pumitas\u201d del sector de Rucapangue, en la comuna de Cholchol, que en agosto de 2013 fue destruido por un violento incendio, y que sin embargo a la fecha no ha sido repuesto, manteniendo a los ni\u00f1os en \u201cprecarias e indignas condiciones\u201d.<\/p>\n\n\n\n<p>Por lo mismo, el parlamentario gremialista decidi\u00f3 oficiar a la direcci\u00f3n regional de la Junta Nacional de Jardines Infantiles (Junji), para que le informen si es que existe alg\u00fan proyecto que se haya presentado para la recuperaci\u00f3n del recinto, en qu\u00e9 estado de avance se encuentra y si hay disponibilidad presupuestaria para que se concrete este a\u00f1o.<\/p>\n\n\n\n<p>\u201cEn mis visitas a la comuna de Cholchol, me enter\u00e9 de que hace casi nueve a\u00f1os que este jard\u00edn infantil no ha sido repuesto, despu\u00e9s de haber sufrido un violento incendio que destruy\u00f3 toda la infraestructura y que les provoc\u00f3 p\u00e9rdidas millonarias. Lamentablemente, durante todos estos a\u00f1os los ni\u00f1os han tenido que permanecer en instalaciones precarias, con condiciones inhumanas e, incluso, no contaban con ba\u00f1os hasta hacer un par de semanas, y al parecer nadie se ha preocupado de resolver esta grave situaci\u00f3n\u201d, critic\u00f3 Leal.<\/p>\n\n\n\n<p>En esa l\u00ednea, y en caso de que desde la Junji Regional de La Araucan\u00eda le informen que no existe ning\u00fan proyecto que se encuentre actualmente en carpeta, el representante del Distrito 23 adelant\u00f3 que \u201cle solicitar\u00e9 formalmente a las autoridades, incluso al ministro de Educaci\u00f3n, que se ocupen de este caso con urgencia y as\u00ed le entreguen una soluci\u00f3n concreta a cientos de ni\u00f1os y sus familias\u201d.<\/p>\n\n\n\n<p>\u201cNo podemos seguir mirando hacia el costado e ignorando la triste realidad que viven estos ni\u00f1os de Rucapangue. Han transcurrido casi nueve a\u00f1os desde que un incendio destruyera su jard\u00edn infantil, y a la fecha ninguna autoridad ha sido capaz de preocuparse por ellos. As\u00ed que espero que la Junji y el Ministerio de Educaci\u00f3n recojan este tema y as\u00ed podamos empezar a tener una soluci\u00f3n definitiva y real durante este a\u00f1o\u201d, insisti\u00f3 el diputado Leal.<\/p>\n","protected":false},"excerpt":{"rendered":"<div class=\"pvc_clear\"><\/div>\n<p id=\"pvc_stats_32587\" class=\"pvc_stats total_only  \" data-element-id=\"32587\" style=\"\"><i class=\"pvc-stats-icon large\" aria-hidden=\"true\"><svg aria-hidden=\"true\" focusable=\"false\" data-prefix=\"far\" data-icon=\"chart-bar\" role=\"img\" xmlns=\"http:\/\/www.w3.org\/2000\/svg\" viewBox=\"0 0 512 512\" class=\"svg-inline--fa fa-chart-bar fa-w-16 fa-2x\"><path fill=\"currentColor\" d=\"M396.8 352h22.4c6.4 0 12.8-6.4 12.8-12.8V108.8c0-6.4-6.4-12.8-12.8-12.8h-22.4c-6.4 0-12.8 6.4-12.8 12.8v230.4c0 6.4 6.4 12.8 12.8 12.8zm-192 0h22.4c6.4 0 12.8-6.4 12.8-12.8V140.8c0-6.4-6.4-12.8-12.8-12.8h-22.4c-6.4 0-12.8 6.4-12.8 12.8v198.4c0 6.4 6.4 12.8 12.8 12.8zm96 0h22.4c6.4 0 12.8-6.4 12.8-12.8V204.8c0-6.4-6.4-12.8-12.8-12.8h-22.4c-6.4 0-12.8 6.4-12.8 12.8v134.4c0 6.4 6.4 12.8 12.8 12.8zM496 400H48V80c0-8.84-7.16-16-16-16H16C7.16 64 0 71.16 0 80v336c0 17.67 14.33 32 32 32h464c8.84 0 16-7.16 16-16v-16c0-8.84-7.16-16-16-16zm-387.2-48h22.4c6.4 0 12.8-6.4 12.8-12.8v-70.4c0-6.4-6.4-12.8-12.8-12.8h-22.4c-6.4 0-12.8 6.4-12.8 12.8v70.4c0 6.4 6.4 12.8 12.8 12.8z\" class=\"\"><\/path><\/svg><\/i> <img loading=\"lazy\" decoding=\"async\" width=\"16\" height=\"16\" alt=\"Loading\" src=\"https:\/\/temucotelevision.cl\/web\/wp-content\/plugins\/page-views-count\/ajax-loader-2x.gif\" border=0 \/><\/p>\n<div class=\"pvc_clear\"><\/div>\n<p>El representante de La Araucan\u00eda advirti\u00f3 que los ni\u00f1os del recinto \u201cLos Pumitas\u201d, del sector de Rucapangue, tienen que convivir<\/p>\n","protected":false},"author":1,"featured_media":31782,"comment_status":"open","ping_status":"open","sticky":false,"template":"","format":"standard","meta":{"colormag_page_container_layout":"default_layout","colormag_page_sidebar_layout":"default_layout","footnotes":""},"categories":[84],"tags":[196,154,291,1137,1088,5283],"class_list":["post-32587","post","type-post","status-publish","format-standard","has-post-thumbnail","hentry","category-politica","tag-cholchol","tag-diputado","tag-incendio","tag-jardin","tag-junji","tag-leal"],"a3_pvc":{"activated":true,"total_views":49,"today_views":0},"_links":{"self":[{"href":"https:\/\/temucotelevision.cl\/web\/wp-json\/wp\/v2\/posts\/32587","targetHints":{"allow":["GET"]}}],"collection":[{"href":"https:\/\/temucotelevision.cl\/web\/wp-json\/wp\/v2\/posts"}],"about":[{"href":"https:\/\/temucotelevision.cl\/web\/wp-json\/wp\/v2\/types\/post"}],"author":[{"embeddable":true,"href":"https:\/\/temucotelevision.cl\/web\/wp-json\/wp\/v2\/users\/1"}],"replies":[{"embeddable":true,"href":"https:\/\/temucotelevision.cl\/web\/wp-json\/wp\/v2\/comments?post=32587"}],"version-history":[{"count":1,"href":"https:\/\/temucotelevision.cl\/web\/wp-json\/wp\/v2\/posts\/32587\/revisions"}],"predecessor-version":[{"id":32588,"href":"https:\/\/temucotelevision.cl\/web\/wp-json\/wp\/v2\/posts\/32587\/revisions\/32588"}],"wp:featuredmedia":[{"embeddable":true,"href":"https:\/\/temucotelevision.cl\/web\/wp-json\/wp\/v2\/media\/31782"}],"wp:attachment":[{"href":"https:\/\/temucotelevision.cl\/web\/wp-json\/wp\/v2\/media?parent=32587"}],"wp:term":[{"taxonomy":"category","embeddable":true,"href":"https:\/\/temucotelevision.cl\/web\/wp-json\/wp\/v2\/categories?post=32587"},{"taxonomy":"post_tag","embeddable":true,"href":"https:\/\/temucotelevision.cl\/web\/wp-json\/wp\/v2\/tags?post=32587"}],"curies":[{"name":"wp","href":"https:\/\/api.w.org\/{rel}","templated":true}]}}