{"id":32585,"date":"2022-06-08T17:38:22","date_gmt":"2022-06-08T20:38:22","guid":{"rendered":"https:\/\/temucotelevision.cl\/web\/?p=32585"},"modified":"2022-06-08T17:38:22","modified_gmt":"2022-06-08T20:38:22","slug":"senadora-carmen-gloria-aravena-llama-a-destrabar-el-proyecto-de-ley-que-busca-aumentar-las-penas-por-delitos-de-usurpacion-de-tierras","status":"publish","type":"post","link":"https:\/\/temucotelevision.cl\/web\/2022\/06\/08\/senadora-carmen-gloria-aravena-llama-a-destrabar-el-proyecto-de-ley-que-busca-aumentar-las-penas-por-delitos-de-usurpacion-de-tierras\/","title":{"rendered":"Senadora Carmen Gloria Aravena llama a destrabar el proyecto de ley que busca aumentar las penas por delitos de usurpaci\u00f3n de tierras"},"content":{"rendered":"<div class=\"pvc_clear\"><\/div><p id=\"pvc_stats_32585\" class=\"pvc_stats total_only  \" data-element-id=\"32585\" style=\"\"><i class=\"pvc-stats-icon large\" aria-hidden=\"true\"><svg aria-hidden=\"true\" focusable=\"false\" data-prefix=\"far\" data-icon=\"chart-bar\" role=\"img\" xmlns=\"http:\/\/www.w3.org\/2000\/svg\" viewBox=\"0 0 512 512\" class=\"svg-inline--fa fa-chart-bar fa-w-16 fa-2x\"><path fill=\"currentColor\" d=\"M396.8 352h22.4c6.4 0 12.8-6.4 12.8-12.8V108.8c0-6.4-6.4-12.8-12.8-12.8h-22.4c-6.4 0-12.8 6.4-12.8 12.8v230.4c0 6.4 6.4 12.8 12.8 12.8zm-192 0h22.4c6.4 0 12.8-6.4 12.8-12.8V140.8c0-6.4-6.4-12.8-12.8-12.8h-22.4c-6.4 0-12.8 6.4-12.8 12.8v198.4c0 6.4 6.4 12.8 12.8 12.8zm96 0h22.4c6.4 0 12.8-6.4 12.8-12.8V204.8c0-6.4-6.4-12.8-12.8-12.8h-22.4c-6.4 0-12.8 6.4-12.8 12.8v134.4c0 6.4 6.4 12.8 12.8 12.8zM496 400H48V80c0-8.84-7.16-16-16-16H16C7.16 64 0 71.16 0 80v336c0 17.67 14.33 32 32 32h464c8.84 0 16-7.16 16-16v-16c0-8.84-7.16-16-16-16zm-387.2-48h22.4c6.4 0 12.8-6.4 12.8-12.8v-70.4c0-6.4-6.4-12.8-12.8-12.8h-22.4c-6.4 0-12.8 6.4-12.8 12.8v70.4c0 6.4 6.4 12.8 12.8 12.8z\" class=\"\"><\/path><\/svg><\/i> <img loading=\"lazy\" decoding=\"async\" width=\"16\" height=\"16\" alt=\"Loading\" src=\"https:\/\/temucotelevision.cl\/web\/wp-content\/plugins\/page-views-count\/ajax-loader-2x.gif\" border=0 \/><\/p><div class=\"pvc_clear\"><\/div>\n<ul class=\"wp-block-list\"><li><em>Iniciativa lleva un a\u00f1o y medio sin poder votarse en el Congreso, debido a la tenaz oposici\u00f3n de sectores de izquierda en el Senado. El proyecto deb\u00eda ser votado nuevamente ayer en la Comisi\u00f3n de Seguridad P\u00fablica de la C\u00e1mara Alta, pero no hubo qu\u00f3rum para avanzar en su tramitaci\u00f3n.<\/em><\/li><\/ul>\n\n\n\n<p>Uno de los proyectos de ley clave para enfrentar la usurpaci\u00f3n de tierras, sigue trabado en el Congreso ante el nulo avance que ha tenido la tramitaci\u00f3n de la\u00a0iniciativa que busca aumentar las penas por delitos de ocupaci\u00f3n\u00a0ilegal de predios, debido a la reiterada oposici\u00f3n de senadores de izquierda.<\/p>\n\n\n\n<p>De esta forma, el proyecto contin\u00faa estancado en el Parlamento, donde ha enfrentado un complejo proceso, ya que la iniciativa legal fue presentada en 2020 por los senadores Carmen Gloria Aravena, Francisco Chahu\u00e1n, Jos\u00e9 Garc\u00eda Ruminot y Kenneth Pugh, lleva m\u00e1s de un a\u00f1o y medio sin que se pueda votar. El objetivo de la propuesta es incrementar las sanciones para los delitos de usurpaci\u00f3n de tierras, contemplando penas de c\u00e1rcel (presidio menor en su grado medio), considerando que la normativa actual en el C\u00f3digo Penal sanciona este delito s\u00f3lo con multas que van de 11 a 20 UTM.&nbsp;<\/p>\n\n\n\n<p>Al respecto, la Senadora por La Araucan\u00eda hace un sentido llamado a los sectores pol\u00edticos que se oponen a aprobar el proyecto, a que se pongan en el lugar de las v\u00edctimas y de todos los ciudadanos que hoy se ven afectados por este delito que se registra en distintas zonas del pa\u00eds, y permitan el avance de la iniciativa legal, ya que a juicio de la congresista, \u201ces fundamental para enfrentar de mejor forma al crimen organizado que comete este tipo de il\u00edcitos.<\/p>\n\n\n\n<p>En la misma l\u00ednea, la Senadora Carmen Gloria Aravena subray\u00f3 que \u201cha habido una tenaz resistencia de parlamentarios de los partidos oficialistas, tanto cuando eran oposici\u00f3n como ahora, a permitir que el proyecto avance, y han bloqueado la iniciativa, aun cuando el pleno del Senado hab\u00eda dado como plazo l\u00edmite la segunda semana de junio para su votaci\u00f3n en la Comisi\u00f3n de Seguridad P\u00fablica. No logramos entender cu\u00e1les son las razones de estos senadores para entrampar la iniciativa y evitar que se vote\u201d, agreg\u00f3 la congresista.<\/p>\n\n\n\n<p>\u201cNecesitamos con urgencia una legislaci\u00f3n que eleve las sanciones por el delito de usurpaci\u00f3n de tierras, ya que hoy las penas son irrisorias, y es una de las razones de por qu\u00e9 han aumentado estos il\u00edcitos\u201d, enfatiz\u00f3 Aravena.<\/p>\n\n\n\n<p>De hecho, seg\u00fan cifras del Ministerio del Interior, en 2021 aument\u00f3 un 688% las usurpaciones de tierras informadas. El propio Fiscal Regional de La Araucan\u00eda, Roberto Garrido, se\u00f1al\u00f3 recientemente a la prensa, que este tipo de delitos se ha incrementado con fuerza.&nbsp;<\/p>\n\n\n\n<p>Finalmente, la Senadora Carmen Gloria Aravena record\u00f3 que hay otros proyectos, como el que aumenta las penas por la quema de iglesias y recintos religiosos, que tambi\u00e9n se mantienen sin mayores avances en el Congreso. \u201cSe trata de iniciativas legales que necesitamos destrabar para ofrecer mayor seguridad a la poblaci\u00f3n y enfrentar con firmeza estos delitos\u201d.&nbsp;<\/p>\n","protected":false},"excerpt":{"rendered":"<div class=\"pvc_clear\"><\/div>\n<p id=\"pvc_stats_32585\" class=\"pvc_stats total_only  \" data-element-id=\"32585\" style=\"\"><i class=\"pvc-stats-icon large\" aria-hidden=\"true\"><svg aria-hidden=\"true\" focusable=\"false\" data-prefix=\"far\" data-icon=\"chart-bar\" role=\"img\" xmlns=\"http:\/\/www.w3.org\/2000\/svg\" viewBox=\"0 0 512 512\" class=\"svg-inline--fa fa-chart-bar fa-w-16 fa-2x\"><path fill=\"currentColor\" d=\"M396.8 352h22.4c6.4 0 12.8-6.4 12.8-12.8V108.8c0-6.4-6.4-12.8-12.8-12.8h-22.4c-6.4 0-12.8 6.4-12.8 12.8v230.4c0 6.4 6.4 12.8 12.8 12.8zm-192 0h22.4c6.4 0 12.8-6.4 12.8-12.8V140.8c0-6.4-6.4-12.8-12.8-12.8h-22.4c-6.4 0-12.8 6.4-12.8 12.8v198.4c0 6.4 6.4 12.8 12.8 12.8zm96 0h22.4c6.4 0 12.8-6.4 12.8-12.8V204.8c0-6.4-6.4-12.8-12.8-12.8h-22.4c-6.4 0-12.8 6.4-12.8 12.8v134.4c0 6.4 6.4 12.8 12.8 12.8zM496 400H48V80c0-8.84-7.16-16-16-16H16C7.16 64 0 71.16 0 80v336c0 17.67 14.33 32 32 32h464c8.84 0 16-7.16 16-16v-16c0-8.84-7.16-16-16-16zm-387.2-48h22.4c6.4 0 12.8-6.4 12.8-12.8v-70.4c0-6.4-6.4-12.8-12.8-12.8h-22.4c-6.4 0-12.8 6.4-12.8 12.8v70.4c0 6.4 6.4 12.8 12.8 12.8z\" class=\"\"><\/path><\/svg><\/i> <img loading=\"lazy\" decoding=\"async\" width=\"16\" height=\"16\" alt=\"Loading\" src=\"https:\/\/temucotelevision.cl\/web\/wp-content\/plugins\/page-views-count\/ajax-loader-2x.gif\" border=0 \/><\/p>\n<div class=\"pvc_clear\"><\/div>\n<p>Iniciativa lleva un a\u00f1o y medio sin poder votarse en el Congreso, debido a la tenaz oposici\u00f3n de sectores de<\/p>\n","protected":false},"author":1,"featured_media":24681,"comment_status":"open","ping_status":"open","sticky":false,"template":"","format":"standard","meta":{"colormag_page_container_layout":"default_layout","colormag_page_sidebar_layout":"default_layout","footnotes":""},"categories":[84],"tags":[506,1083,155,2065,3745],"class_list":["post-32585","post","type-post","status-publish","format-standard","has-post-thumbnail","hentry","category-politica","tag-ley","tag-penas","tag-proyecto","tag-senadora","tag-usurpaciones"],"a3_pvc":{"activated":true,"total_views":22,"today_views":0},"_links":{"self":[{"href":"https:\/\/temucotelevision.cl\/web\/wp-json\/wp\/v2\/posts\/32585","targetHints":{"allow":["GET"]}}],"collection":[{"href":"https:\/\/temucotelevision.cl\/web\/wp-json\/wp\/v2\/posts"}],"about":[{"href":"https:\/\/temucotelevision.cl\/web\/wp-json\/wp\/v2\/types\/post"}],"author":[{"embeddable":true,"href":"https:\/\/temucotelevision.cl\/web\/wp-json\/wp\/v2\/users\/1"}],"replies":[{"embeddable":true,"href":"https:\/\/temucotelevision.cl\/web\/wp-json\/wp\/v2\/comments?post=32585"}],"version-history":[{"count":1,"href":"https:\/\/temucotelevision.cl\/web\/wp-json\/wp\/v2\/posts\/32585\/revisions"}],"predecessor-version":[{"id":32586,"href":"https:\/\/temucotelevision.cl\/web\/wp-json\/wp\/v2\/posts\/32585\/revisions\/32586"}],"wp:featuredmedia":[{"embeddable":true,"href":"https:\/\/temucotelevision.cl\/web\/wp-json\/wp\/v2\/media\/24681"}],"wp:attachment":[{"href":"https:\/\/temucotelevision.cl\/web\/wp-json\/wp\/v2\/media?parent=32585"}],"wp:term":[{"taxonomy":"category","embeddable":true,"href":"https:\/\/temucotelevision.cl\/web\/wp-json\/wp\/v2\/categories?post=32585"},{"taxonomy":"post_tag","embeddable":true,"href":"https:\/\/temucotelevision.cl\/web\/wp-json\/wp\/v2\/tags?post=32585"}],"curies":[{"name":"wp","href":"https:\/\/api.w.org\/{rel}","templated":true}]}}