{"id":32580,"date":"2022-06-08T12:22:22","date_gmt":"2022-06-08T15:22:22","guid":{"rendered":"https:\/\/temucotelevision.cl\/web\/?p=32580"},"modified":"2022-06-08T12:22:23","modified_gmt":"2022-06-08T15:22:23","slug":"exponen-a-vecinos-proyecto-de-mejoramiento-y-ampliacion-para-posta-de-salud-de-la-paz-en-loncoche","status":"publish","type":"post","link":"https:\/\/temucotelevision.cl\/web\/2022\/06\/08\/exponen-a-vecinos-proyecto-de-mejoramiento-y-ampliacion-para-posta-de-salud-de-la-paz-en-loncoche\/","title":{"rendered":"Exponen a vecinos proyecto de mejoramiento y ampliaci\u00f3n para posta de salud de La Paz en Loncoche"},"content":{"rendered":"<div class=\"pvc_clear\"><\/div><p id=\"pvc_stats_32580\" class=\"pvc_stats total_only  \" data-element-id=\"32580\" style=\"\"><i class=\"pvc-stats-icon large\" aria-hidden=\"true\"><svg aria-hidden=\"true\" focusable=\"false\" data-prefix=\"far\" data-icon=\"chart-bar\" role=\"img\" xmlns=\"http:\/\/www.w3.org\/2000\/svg\" viewBox=\"0 0 512 512\" class=\"svg-inline--fa fa-chart-bar fa-w-16 fa-2x\"><path fill=\"currentColor\" d=\"M396.8 352h22.4c6.4 0 12.8-6.4 12.8-12.8V108.8c0-6.4-6.4-12.8-12.8-12.8h-22.4c-6.4 0-12.8 6.4-12.8 12.8v230.4c0 6.4 6.4 12.8 12.8 12.8zm-192 0h22.4c6.4 0 12.8-6.4 12.8-12.8V140.8c0-6.4-6.4-12.8-12.8-12.8h-22.4c-6.4 0-12.8 6.4-12.8 12.8v198.4c0 6.4 6.4 12.8 12.8 12.8zm96 0h22.4c6.4 0 12.8-6.4 12.8-12.8V204.8c0-6.4-6.4-12.8-12.8-12.8h-22.4c-6.4 0-12.8 6.4-12.8 12.8v134.4c0 6.4 6.4 12.8 12.8 12.8zM496 400H48V80c0-8.84-7.16-16-16-16H16C7.16 64 0 71.16 0 80v336c0 17.67 14.33 32 32 32h464c8.84 0 16-7.16 16-16v-16c0-8.84-7.16-16-16-16zm-387.2-48h22.4c6.4 0 12.8-6.4 12.8-12.8v-70.4c0-6.4-6.4-12.8-12.8-12.8h-22.4c-6.4 0-12.8 6.4-12.8 12.8v70.4c0 6.4 6.4 12.8 12.8 12.8z\" class=\"\"><\/path><\/svg><\/i> <img loading=\"lazy\" decoding=\"async\" width=\"16\" height=\"16\" alt=\"Loading\" src=\"https:\/\/temucotelevision.cl\/web\/wp-content\/plugins\/page-views-count\/ajax-loader-2x.gif\" border=0 \/><\/p><div class=\"pvc_clear\"><\/div>\n<p>En un agradable y cercano encuentro, el Alcalde Alexis Pineda Ruiz, junto a profesionales de la Secretar\u00eda Comunal de Planificaci\u00f3n, SECPLAN, expusieron a funcionarios, vecinos y vecinas, el proyecto que viene a ampliar y mejorar la posta de salud de la localidad de La Paz.<\/p>\n\n\n\n<p>Cabe se\u00f1alar que esta posta fue inaugurada el a\u00f1o 2019 y desde su entrega tuvo falencias en el tema el\u00e9ctrico, agua potable e infraestructura.&nbsp;<\/p>\n\n\n\n<p>Ante esto, durante la jornada del lunes, vecinos, vecinas y funcionarios de salud municipal, recibieron las noticias de la ampliaci\u00f3n de la posta y resolvieron sobre una serie de mejoras solicitadas.<\/p>\n\n\n\n<p><strong>El Alcalde Alexis Pineda Ruiz<\/strong>, en su conversaci\u00f3n con los vecinos y funcionarios, expres\u00f3: \u201c<em>hemos estado trabajando junto a profesionales del Departamento de Salud Municipal, funcionarios de la Posta de La Paz y los dirigentes de la localidad. En estos 10 meses hemos ido solucionando con hechos concretos lo que por a\u00f1os ha venido generando problemas en la posta, ya que desde que se entreg\u00f3 ya hab\u00edan tenido falencias en lo el\u00e9ctrico y agua potable, adem\u00e1s de la infraestructura<\/em>.\u201d<\/p>\n\n\n\n<p>Cabe mencionar que fue una conversaci\u00f3n amena y respetuosa por parte de los vecinos, vecinas y funcionarios en la respuesta del alcalde y municipio y que en ning\u00fan momento se realiz\u00f3 toma o huelga en el recinto, como desafortunadamente se inform\u00f3 en algunos medios locales.<\/p>\n","protected":false},"excerpt":{"rendered":"<div class=\"pvc_clear\"><\/div>\n<p id=\"pvc_stats_32580\" class=\"pvc_stats total_only  \" data-element-id=\"32580\" style=\"\"><i class=\"pvc-stats-icon large\" aria-hidden=\"true\"><svg aria-hidden=\"true\" focusable=\"false\" data-prefix=\"far\" data-icon=\"chart-bar\" role=\"img\" xmlns=\"http:\/\/www.w3.org\/2000\/svg\" viewBox=\"0 0 512 512\" class=\"svg-inline--fa fa-chart-bar fa-w-16 fa-2x\"><path fill=\"currentColor\" d=\"M396.8 352h22.4c6.4 0 12.8-6.4 12.8-12.8V108.8c0-6.4-6.4-12.8-12.8-12.8h-22.4c-6.4 0-12.8 6.4-12.8 12.8v230.4c0 6.4 6.4 12.8 12.8 12.8zm-192 0h22.4c6.4 0 12.8-6.4 12.8-12.8V140.8c0-6.4-6.4-12.8-12.8-12.8h-22.4c-6.4 0-12.8 6.4-12.8 12.8v198.4c0 6.4 6.4 12.8 12.8 12.8zm96 0h22.4c6.4 0 12.8-6.4 12.8-12.8V204.8c0-6.4-6.4-12.8-12.8-12.8h-22.4c-6.4 0-12.8 6.4-12.8 12.8v134.4c0 6.4 6.4 12.8 12.8 12.8zM496 400H48V80c0-8.84-7.16-16-16-16H16C7.16 64 0 71.16 0 80v336c0 17.67 14.33 32 32 32h464c8.84 0 16-7.16 16-16v-16c0-8.84-7.16-16-16-16zm-387.2-48h22.4c6.4 0 12.8-6.4 12.8-12.8v-70.4c0-6.4-6.4-12.8-12.8-12.8h-22.4c-6.4 0-12.8 6.4-12.8 12.8v70.4c0 6.4 6.4 12.8 12.8 12.8z\" class=\"\"><\/path><\/svg><\/i> <img loading=\"lazy\" decoding=\"async\" width=\"16\" height=\"16\" alt=\"Loading\" src=\"https:\/\/temucotelevision.cl\/web\/wp-content\/plugins\/page-views-count\/ajax-loader-2x.gif\" border=0 \/><\/p>\n<div class=\"pvc_clear\"><\/div>\n<p>En un agradable y cercano encuentro, el Alcalde Alexis Pineda Ruiz, junto a profesionales de la Secretar\u00eda Comunal de Planificaci\u00f3n,<\/p>\n","protected":false},"author":1,"featured_media":32581,"comment_status":"open","ping_status":"open","sticky":false,"template":"","format":"standard","meta":{"colormag_page_container_layout":"default_layout","colormag_page_sidebar_layout":"default_layout","footnotes":""},"categories":[101,14],"tags":[993,5366,155,567],"class_list":["post-32580","post","type-post","status-publish","format-standard","has-post-thumbnail","hentry","category-actualidad","category-temuco","tag-loncoche","tag-posta","tag-proyecto","tag-vecinos"],"a3_pvc":{"activated":true,"total_views":43,"today_views":0},"_links":{"self":[{"href":"https:\/\/temucotelevision.cl\/web\/wp-json\/wp\/v2\/posts\/32580","targetHints":{"allow":["GET"]}}],"collection":[{"href":"https:\/\/temucotelevision.cl\/web\/wp-json\/wp\/v2\/posts"}],"about":[{"href":"https:\/\/temucotelevision.cl\/web\/wp-json\/wp\/v2\/types\/post"}],"author":[{"embeddable":true,"href":"https:\/\/temucotelevision.cl\/web\/wp-json\/wp\/v2\/users\/1"}],"replies":[{"embeddable":true,"href":"https:\/\/temucotelevision.cl\/web\/wp-json\/wp\/v2\/comments?post=32580"}],"version-history":[{"count":1,"href":"https:\/\/temucotelevision.cl\/web\/wp-json\/wp\/v2\/posts\/32580\/revisions"}],"predecessor-version":[{"id":32582,"href":"https:\/\/temucotelevision.cl\/web\/wp-json\/wp\/v2\/posts\/32580\/revisions\/32582"}],"wp:featuredmedia":[{"embeddable":true,"href":"https:\/\/temucotelevision.cl\/web\/wp-json\/wp\/v2\/media\/32581"}],"wp:attachment":[{"href":"https:\/\/temucotelevision.cl\/web\/wp-json\/wp\/v2\/media?parent=32580"}],"wp:term":[{"taxonomy":"category","embeddable":true,"href":"https:\/\/temucotelevision.cl\/web\/wp-json\/wp\/v2\/categories?post=32580"},{"taxonomy":"post_tag","embeddable":true,"href":"https:\/\/temucotelevision.cl\/web\/wp-json\/wp\/v2\/tags?post=32580"}],"curies":[{"name":"wp","href":"https:\/\/api.w.org\/{rel}","templated":true}]}}