{"id":32575,"date":"2022-06-08T11:55:07","date_gmt":"2022-06-08T14:55:07","guid":{"rendered":"https:\/\/temucotelevision.cl\/web\/?p=32575"},"modified":"2022-06-08T11:55:08","modified_gmt":"2022-06-08T14:55:08","slug":"llaman-a-los-productores-regionales-de-miel-a-integrarse-a-la-mesa-apicola-de-la-araucania","status":"publish","type":"post","link":"https:\/\/temucotelevision.cl\/web\/2022\/06\/08\/llaman-a-los-productores-regionales-de-miel-a-integrarse-a-la-mesa-apicola-de-la-araucania\/","title":{"rendered":"Llaman a los productores regionales de miel a integrarse a la Mesa Ap\u00edcola de La Araucan\u00eda"},"content":{"rendered":"<div class=\"pvc_clear\"><\/div><p id=\"pvc_stats_32575\" class=\"pvc_stats total_only  \" data-element-id=\"32575\" style=\"\"><i class=\"pvc-stats-icon large\" aria-hidden=\"true\"><svg aria-hidden=\"true\" focusable=\"false\" data-prefix=\"far\" data-icon=\"chart-bar\" role=\"img\" xmlns=\"http:\/\/www.w3.org\/2000\/svg\" viewBox=\"0 0 512 512\" class=\"svg-inline--fa fa-chart-bar fa-w-16 fa-2x\"><path fill=\"currentColor\" d=\"M396.8 352h22.4c6.4 0 12.8-6.4 12.8-12.8V108.8c0-6.4-6.4-12.8-12.8-12.8h-22.4c-6.4 0-12.8 6.4-12.8 12.8v230.4c0 6.4 6.4 12.8 12.8 12.8zm-192 0h22.4c6.4 0 12.8-6.4 12.8-12.8V140.8c0-6.4-6.4-12.8-12.8-12.8h-22.4c-6.4 0-12.8 6.4-12.8 12.8v198.4c0 6.4 6.4 12.8 12.8 12.8zm96 0h22.4c6.4 0 12.8-6.4 12.8-12.8V204.8c0-6.4-6.4-12.8-12.8-12.8h-22.4c-6.4 0-12.8 6.4-12.8 12.8v134.4c0 6.4 6.4 12.8 12.8 12.8zM496 400H48V80c0-8.84-7.16-16-16-16H16C7.16 64 0 71.16 0 80v336c0 17.67 14.33 32 32 32h464c8.84 0 16-7.16 16-16v-16c0-8.84-7.16-16-16-16zm-387.2-48h22.4c6.4 0 12.8-6.4 12.8-12.8v-70.4c0-6.4-6.4-12.8-12.8-12.8h-22.4c-6.4 0-12.8 6.4-12.8 12.8v70.4c0 6.4 6.4 12.8 12.8 12.8z\" class=\"\"><\/path><\/svg><\/i> <img loading=\"lazy\" decoding=\"async\" width=\"16\" height=\"16\" alt=\"Loading\" src=\"https:\/\/temucotelevision.cl\/web\/wp-content\/plugins\/page-views-count\/ajax-loader-2x.gif\" border=0 \/><\/p><div class=\"pvc_clear\"><\/div>\n<p>Seremi de Agricultura, Gustavo Quilaqueo, particip\u00f3 en la reuni\u00f3n de reactivaci\u00f3n de la instancia donde se analizaron los desaf\u00edos del sector y los lineamientos del Gobierno para su desarrollo.<\/p>\n\n\n\n<p>Con la presencia del seremi de Agricultura, Gustavo Quilaqueo, se realiz\u00f3 la reuni\u00f3n de reactivaci\u00f3n de la Mesa Regional Ap\u00edcola de La Araucan\u00eda, donde asistieron productores, dirigentes gremiales y representantes de los servicios del agro en la zona.<\/p>\n\n\n\n<p>En la ocasi\u00f3n se habl\u00f3 de las necesidades y desaf\u00edos del rubro en la Regi\u00f3n. Tambi\u00e9n se efect\u00fao una exposici\u00f3n sobre los lineamientos del Gobierno, que busca la sustentabilidad y la descentralizaci\u00f3n con desarrollo rural, rompiendo las brechas campo-ciudad. Con un compromiso de fomentar una agricultura m\u00e1s verde, m\u00e1s diversa e inclusiva.&nbsp;&nbsp;<\/p>\n\n\n\n<p>A continuaci\u00f3n, fueron analizados algunos aspectos del Plan Estrat\u00e9gico de Desarrollo Ap\u00edcola 2030 que impulsa ODEPA. All\u00ed se proponen los lineamientos para los productores de miel y sus derivados al a\u00f1o 2030, integrando la visi\u00f3n a la que aspira el sector, los principios que caracterizan su accionar, las dimensiones y \u00e1mbitos cr\u00edticos con objetivos estrat\u00e9gicos y l\u00edneas de acci\u00f3n.<\/p>\n\n\n\n<p>El seremi de Agricultura, Gustavo Quilaqueo, destac\u00f3 el trabajo que se est\u00e1 realizando en esta instancia para fomentar el desarrollo del rubro en la zona. \u201cEl objetivo es avanzar en la conformaci\u00f3n de la Mesa Regional Ap\u00edcola con representantes de organizaciones de las comunas y sectores de la regi\u00f3n donde se produzca miel. Por ello el llamado a los productores es a participar en la mesa para analizar ideas y oportunidades que permitan desarrollar propuestas basadas en la cooperaci\u00f3n y as\u00ed fortalecer la apicultura regional de una manera sustentable\u201d, indic\u00f3 la autoridad.<\/p>\n\n\n\n<p>La siguiente reuni\u00f3n de la Mesa Regional Ap\u00edcola qued\u00f3 fijada para este jueves 9 de junio a las 10 horas. Para los interesados en participar pueden hacer sus consultas o solicitar m\u00e1s informaci\u00f3n al correo:&nbsp;<a href=\"mailto:Alberto.hofer@minagri.gob.cl\" target=\"_blank\" rel=\"noreferrer noopener\">Alberto.hofer@minagri.gob.cl<\/a>&nbsp;&nbsp;&nbsp;&nbsp;<\/p>\n\n\n\n<p>COLMENAS Y APIARIOS<\/p>\n\n\n\n<p>M\u00e1s de 1.500 personas integran el rubro ap\u00edcola en La Araucan\u00eda, quienes poseen unas 110 mil colmenas. Lo que representa 2.192 apiarios. De ellos 1.498 productores se dedican exclusivamente a la producci\u00f3n de miel.&nbsp;<\/p>\n\n\n\n<p>El mayor n\u00famero de apicultores\/ras en 2020 se contabilizan en Maule y La Araucan\u00eda con un 18% y 17% del total nacional, respectivamente; le siguen O\u00b4Higgins y Biob\u00edo, ambas con un 12% sobre el total de registrados.<\/p>\n\n\n\n<p>En La Araucan\u00eda, el n\u00famero de colmenas se distribuye en un mayor n\u00famero de apicultores\/ras llegando a 72,7 colmenas por apicultor\/a.<\/p>\n\n\n\n<p>Las mieles chilenas tienen caracter\u00edsticas \u00fanicas, tales como su diversidad floral y sus cualidades organol\u00e9pticas que la diferencian de cualquier miel est\u00e1ndar del mundo, adem\u00e1s de los atributos medicinales en ciertas mieles nativas, lo que, sumado la condici\u00f3n sanitaria del pa\u00eds, las han convertido en un producto muy apetecido y competitivo a nivel mundial.<\/p>\n\n\n\n<p>El SAG participa en la apertura de un mercado y certificaci\u00f3n, cuando el destino del producto tiene exigencias zoosanitarias. Los productos ap\u00edcolas de consumo humano que se pueden certificar son la miel, la jalea real, el polen y el prop\u00f3leos. El a\u00f1o 2020 se certificaron 1.991.708,33 kilos netos de miel, siendo los principales mercados de destino Alemania (77,25%) y Francia (12,5%).<\/p>\n","protected":false},"excerpt":{"rendered":"<div class=\"pvc_clear\"><\/div>\n<p id=\"pvc_stats_32575\" class=\"pvc_stats total_only  \" data-element-id=\"32575\" style=\"\"><i class=\"pvc-stats-icon large\" aria-hidden=\"true\"><svg aria-hidden=\"true\" focusable=\"false\" data-prefix=\"far\" data-icon=\"chart-bar\" role=\"img\" xmlns=\"http:\/\/www.w3.org\/2000\/svg\" viewBox=\"0 0 512 512\" class=\"svg-inline--fa fa-chart-bar fa-w-16 fa-2x\"><path fill=\"currentColor\" d=\"M396.8 352h22.4c6.4 0 12.8-6.4 12.8-12.8V108.8c0-6.4-6.4-12.8-12.8-12.8h-22.4c-6.4 0-12.8 6.4-12.8 12.8v230.4c0 6.4 6.4 12.8 12.8 12.8zm-192 0h22.4c6.4 0 12.8-6.4 12.8-12.8V140.8c0-6.4-6.4-12.8-12.8-12.8h-22.4c-6.4 0-12.8 6.4-12.8 12.8v198.4c0 6.4 6.4 12.8 12.8 12.8zm96 0h22.4c6.4 0 12.8-6.4 12.8-12.8V204.8c0-6.4-6.4-12.8-12.8-12.8h-22.4c-6.4 0-12.8 6.4-12.8 12.8v134.4c0 6.4 6.4 12.8 12.8 12.8zM496 400H48V80c0-8.84-7.16-16-16-16H16C7.16 64 0 71.16 0 80v336c0 17.67 14.33 32 32 32h464c8.84 0 16-7.16 16-16v-16c0-8.84-7.16-16-16-16zm-387.2-48h22.4c6.4 0 12.8-6.4 12.8-12.8v-70.4c0-6.4-6.4-12.8-12.8-12.8h-22.4c-6.4 0-12.8 6.4-12.8 12.8v70.4c0 6.4 6.4 12.8 12.8 12.8z\" class=\"\"><\/path><\/svg><\/i> <img loading=\"lazy\" decoding=\"async\" width=\"16\" height=\"16\" alt=\"Loading\" src=\"https:\/\/temucotelevision.cl\/web\/wp-content\/plugins\/page-views-count\/ajax-loader-2x.gif\" border=0 \/><\/p>\n<div class=\"pvc_clear\"><\/div>\n<p>Seremi de Agricultura, Gustavo Quilaqueo, particip\u00f3 en la reuni\u00f3n de reactivaci\u00f3n de la instancia donde se analizaron los desaf\u00edos del<\/p>\n","protected":false},"author":1,"featured_media":32576,"comment_status":"open","ping_status":"open","sticky":false,"template":"","format":"standard","meta":{"colormag_page_container_layout":"default_layout","colormag_page_sidebar_layout":"default_layout","footnotes":""},"categories":[14],"tags":[3365,1110,1743,316,232],"class_list":["post-32575","post","type-post","status-publish","format-standard","has-post-thumbnail","hentry","category-temuco","tag-apicola","tag-mesa","tag-miel","tag-productores","tag-seremi"],"a3_pvc":{"activated":true,"total_views":29,"today_views":0},"_links":{"self":[{"href":"https:\/\/temucotelevision.cl\/web\/wp-json\/wp\/v2\/posts\/32575","targetHints":{"allow":["GET"]}}],"collection":[{"href":"https:\/\/temucotelevision.cl\/web\/wp-json\/wp\/v2\/posts"}],"about":[{"href":"https:\/\/temucotelevision.cl\/web\/wp-json\/wp\/v2\/types\/post"}],"author":[{"embeddable":true,"href":"https:\/\/temucotelevision.cl\/web\/wp-json\/wp\/v2\/users\/1"}],"replies":[{"embeddable":true,"href":"https:\/\/temucotelevision.cl\/web\/wp-json\/wp\/v2\/comments?post=32575"}],"version-history":[{"count":1,"href":"https:\/\/temucotelevision.cl\/web\/wp-json\/wp\/v2\/posts\/32575\/revisions"}],"predecessor-version":[{"id":32577,"href":"https:\/\/temucotelevision.cl\/web\/wp-json\/wp\/v2\/posts\/32575\/revisions\/32577"}],"wp:featuredmedia":[{"embeddable":true,"href":"https:\/\/temucotelevision.cl\/web\/wp-json\/wp\/v2\/media\/32576"}],"wp:attachment":[{"href":"https:\/\/temucotelevision.cl\/web\/wp-json\/wp\/v2\/media?parent=32575"}],"wp:term":[{"taxonomy":"category","embeddable":true,"href":"https:\/\/temucotelevision.cl\/web\/wp-json\/wp\/v2\/categories?post=32575"},{"taxonomy":"post_tag","embeddable":true,"href":"https:\/\/temucotelevision.cl\/web\/wp-json\/wp\/v2\/tags?post=32575"}],"curies":[{"name":"wp","href":"https:\/\/api.w.org\/{rel}","templated":true}]}}