{"id":32572,"date":"2022-06-08T11:20:18","date_gmt":"2022-06-08T14:20:18","guid":{"rendered":"https:\/\/temucotelevision.cl\/web\/?p=32572"},"modified":"2022-06-08T11:20:19","modified_gmt":"2022-06-08T14:20:19","slug":"en-la-araucania-sence-abre-cupos-de-conduccion-para-emplearse-en-el-area-del-transporte","status":"publish","type":"post","link":"https:\/\/temucotelevision.cl\/web\/2022\/06\/08\/en-la-araucania-sence-abre-cupos-de-conduccion-para-emplearse-en-el-area-del-transporte\/","title":{"rendered":"En La Araucan\u00eda: Sence abre cupos de conducci\u00f3n para emplearse en el \u00e1rea del transporte\u00a0"},"content":{"rendered":"<div class=\"pvc_clear\"><\/div><p id=\"pvc_stats_32572\" class=\"pvc_stats total_only  \" data-element-id=\"32572\" style=\"\"><i class=\"pvc-stats-icon large\" aria-hidden=\"true\"><svg aria-hidden=\"true\" focusable=\"false\" data-prefix=\"far\" data-icon=\"chart-bar\" role=\"img\" xmlns=\"http:\/\/www.w3.org\/2000\/svg\" viewBox=\"0 0 512 512\" class=\"svg-inline--fa fa-chart-bar fa-w-16 fa-2x\"><path fill=\"currentColor\" d=\"M396.8 352h22.4c6.4 0 12.8-6.4 12.8-12.8V108.8c0-6.4-6.4-12.8-12.8-12.8h-22.4c-6.4 0-12.8 6.4-12.8 12.8v230.4c0 6.4 6.4 12.8 12.8 12.8zm-192 0h22.4c6.4 0 12.8-6.4 12.8-12.8V140.8c0-6.4-6.4-12.8-12.8-12.8h-22.4c-6.4 0-12.8 6.4-12.8 12.8v198.4c0 6.4 6.4 12.8 12.8 12.8zm96 0h22.4c6.4 0 12.8-6.4 12.8-12.8V204.8c0-6.4-6.4-12.8-12.8-12.8h-22.4c-6.4 0-12.8 6.4-12.8 12.8v134.4c0 6.4 6.4 12.8 12.8 12.8zM496 400H48V80c0-8.84-7.16-16-16-16H16C7.16 64 0 71.16 0 80v336c0 17.67 14.33 32 32 32h464c8.84 0 16-7.16 16-16v-16c0-8.84-7.16-16-16-16zm-387.2-48h22.4c6.4 0 12.8-6.4 12.8-12.8v-70.4c0-6.4-6.4-12.8-12.8-12.8h-22.4c-6.4 0-12.8 6.4-12.8 12.8v70.4c0 6.4 6.4 12.8 12.8 12.8z\" class=\"\"><\/path><\/svg><\/i> <img loading=\"lazy\" decoding=\"async\" width=\"16\" height=\"16\" alt=\"Loading\" src=\"https:\/\/temucotelevision.cl\/web\/wp-content\/plugins\/page-views-count\/ajax-loader-2x.gif\" border=0 \/><\/p><div class=\"pvc_clear\"><\/div>\n<p>En Temuco se abrieron cupos para capacitaci\u00f3n en conducci\u00f3n profesional A3 y A5 a trav\u00e9s del programa F\u00f3rmate para el Trabajo del Sence, los cuales no tienen costo para los alumnos y alumnas participantes.&nbsp;<\/p>\n\n\n\n<p>En este contexto, la Seremi del Trabajo y Previsi\u00f3n Social, Minerva Casta\u00f1eda, dio a conocer el detalle de estos cursos en una visita a las instalaciones del Instituto Conductores Profesionales (ICP), organismo a cargo de implementar las capacitaciones en La Araucan\u00eda.&nbsp;<\/p>\n\n\n\n<p>\u201cEl objetivo de este programa es generar oportunidades de trabajo y tambi\u00e9n contribuir a la falta de conductores profesionales que hay en la regi\u00f3n. Los gremios nos han manifestado que existe una demanda de choferes en el transporte p\u00fablico y de carga, por lo que las personas que se capaciten en esta \u00e1rea tienen opciones concretas de encontrar un empleo estable y mejorar sus condiciones de vida\u201d, explic\u00f3 la Seremi.&nbsp;<\/p>\n\n\n\n<p>Los cursos se realizar\u00e1n en modalidad presencial, contando con un simulador de inmersi\u00f3n total para el aprendizaje, junto a una posterior pr\u00e1ctica en terreno. Las postulaciones se realizan en el portal&nbsp;<a href=\"http:\/\/www.sence.cl\/\" target=\"_blank\" rel=\"noreferrer noopener\">www.sence.cl<\/a>, habiendo cupos limitados.&nbsp;<\/p>\n\n\n\n<p>Constanza Iturra, una de las j\u00f3venes que ya fue seleccionada para comenzar el curso de conducci\u00f3n A5 en las pr\u00f3ximas semanas, coment\u00f3 que por su familia est\u00e1 relacionada con la conducci\u00f3n de camiones y que vio esta oportunidad como un crecimiento laboral: \u201cEstoy feliz por salir beneficiada y estoy lista para comenzar con el proceso de aprendizaje\u201d, coment\u00f3.&nbsp;&nbsp;<\/p>\n\n\n\n<p><strong>Detalle de los cursos&nbsp;<\/strong><\/p>\n\n\n\n<p>El curso especial con simulador de inmersi\u00f3n total conducente a Licencia de Conductor Profesional clase A-3, habilita para conducir indistintamente, taxis, ambulancias, transporte escolar o veh\u00edculos motorizados de transporte p\u00fablico y privado de personas sin l\u00edmite de capacidad de asientos.&nbsp;<\/p>\n\n\n\n<p>Por su parte, el curso especial con simulador de inmersi\u00f3n total conducente a Licencia de Conductor Profesional clase A-5, permite realizar labores de conducci\u00f3n de veh\u00edculos simples y articulados para el transporte de carga, realizando -entre otras- operaciones de carga y descarga de materiales.&nbsp;<\/p>\n\n\n\n<p>Ambos tienen una duraci\u00f3n cercana a los dos meses. Adem\u00e1s de las clases, el programa incluye un subsidio diario de locomoci\u00f3n y\/o alimentaci\u00f3n y seguro de accidentes. Una vez finalizada la formaci\u00f3n, el programa tramita -sin costo- la respectiva licencia de conducir.&nbsp;<\/p>\n\n\n\n<p>Entre los principales requisitos para acceder est\u00e1n poseer un Registro Social de Hogares dentro del 60% de vulnerabilidad, tener 20 a\u00f1os o m\u00e1s y contar con licencia de conducir clase B por un periodo m\u00ednimo de 2 a\u00f1os, entre otros.<\/p>\n","protected":false},"excerpt":{"rendered":"<div class=\"pvc_clear\"><\/div>\n<p id=\"pvc_stats_32572\" class=\"pvc_stats total_only  \" data-element-id=\"32572\" style=\"\"><i class=\"pvc-stats-icon large\" aria-hidden=\"true\"><svg aria-hidden=\"true\" focusable=\"false\" data-prefix=\"far\" data-icon=\"chart-bar\" role=\"img\" xmlns=\"http:\/\/www.w3.org\/2000\/svg\" viewBox=\"0 0 512 512\" class=\"svg-inline--fa fa-chart-bar fa-w-16 fa-2x\"><path fill=\"currentColor\" d=\"M396.8 352h22.4c6.4 0 12.8-6.4 12.8-12.8V108.8c0-6.4-6.4-12.8-12.8-12.8h-22.4c-6.4 0-12.8 6.4-12.8 12.8v230.4c0 6.4 6.4 12.8 12.8 12.8zm-192 0h22.4c6.4 0 12.8-6.4 12.8-12.8V140.8c0-6.4-6.4-12.8-12.8-12.8h-22.4c-6.4 0-12.8 6.4-12.8 12.8v198.4c0 6.4 6.4 12.8 12.8 12.8zm96 0h22.4c6.4 0 12.8-6.4 12.8-12.8V204.8c0-6.4-6.4-12.8-12.8-12.8h-22.4c-6.4 0-12.8 6.4-12.8 12.8v134.4c0 6.4 6.4 12.8 12.8 12.8zM496 400H48V80c0-8.84-7.16-16-16-16H16C7.16 64 0 71.16 0 80v336c0 17.67 14.33 32 32 32h464c8.84 0 16-7.16 16-16v-16c0-8.84-7.16-16-16-16zm-387.2-48h22.4c6.4 0 12.8-6.4 12.8-12.8v-70.4c0-6.4-6.4-12.8-12.8-12.8h-22.4c-6.4 0-12.8 6.4-12.8 12.8v70.4c0 6.4 6.4 12.8 12.8 12.8z\" class=\"\"><\/path><\/svg><\/i> <img loading=\"lazy\" decoding=\"async\" width=\"16\" height=\"16\" alt=\"Loading\" src=\"https:\/\/temucotelevision.cl\/web\/wp-content\/plugins\/page-views-count\/ajax-loader-2x.gif\" border=0 \/><\/p>\n<div class=\"pvc_clear\"><\/div>\n<p>En Temuco se abrieron cupos para capacitaci\u00f3n en conducci\u00f3n profesional A3 y A5 a trav\u00e9s del programa F\u00f3rmate para el<\/p>\n","protected":false},"author":1,"featured_media":32573,"comment_status":"open","ping_status":"open","sticky":false,"template":"","format":"standard","meta":{"colormag_page_container_layout":"default_layout","colormag_page_sidebar_layout":"default_layout","footnotes":""},"categories":[15],"tags":[151,2673,1467,2551,232,706],"class_list":["post-32572","post","type-post","status-publish","format-standard","has-post-thumbnail","hentry","category-la-araucania","tag-alumnos","tag-conduccion","tag-cupos","tag-sence","tag-seremi","tag-transporte"],"a3_pvc":{"activated":true,"total_views":32,"today_views":0},"_links":{"self":[{"href":"https:\/\/temucotelevision.cl\/web\/wp-json\/wp\/v2\/posts\/32572","targetHints":{"allow":["GET"]}}],"collection":[{"href":"https:\/\/temucotelevision.cl\/web\/wp-json\/wp\/v2\/posts"}],"about":[{"href":"https:\/\/temucotelevision.cl\/web\/wp-json\/wp\/v2\/types\/post"}],"author":[{"embeddable":true,"href":"https:\/\/temucotelevision.cl\/web\/wp-json\/wp\/v2\/users\/1"}],"replies":[{"embeddable":true,"href":"https:\/\/temucotelevision.cl\/web\/wp-json\/wp\/v2\/comments?post=32572"}],"version-history":[{"count":1,"href":"https:\/\/temucotelevision.cl\/web\/wp-json\/wp\/v2\/posts\/32572\/revisions"}],"predecessor-version":[{"id":32574,"href":"https:\/\/temucotelevision.cl\/web\/wp-json\/wp\/v2\/posts\/32572\/revisions\/32574"}],"wp:featuredmedia":[{"embeddable":true,"href":"https:\/\/temucotelevision.cl\/web\/wp-json\/wp\/v2\/media\/32573"}],"wp:attachment":[{"href":"https:\/\/temucotelevision.cl\/web\/wp-json\/wp\/v2\/media?parent=32572"}],"wp:term":[{"taxonomy":"category","embeddable":true,"href":"https:\/\/temucotelevision.cl\/web\/wp-json\/wp\/v2\/categories?post=32572"},{"taxonomy":"post_tag","embeddable":true,"href":"https:\/\/temucotelevision.cl\/web\/wp-json\/wp\/v2\/tags?post=32572"}],"curies":[{"name":"wp","href":"https:\/\/api.w.org\/{rel}","templated":true}]}}