{"id":32570,"date":"2022-06-07T23:55:23","date_gmt":"2022-06-08T02:55:23","guid":{"rendered":"https:\/\/temucotelevision.cl\/web\/?p=32570"},"modified":"2022-06-07T23:55:24","modified_gmt":"2022-06-08T02:55:24","slug":"diputado-ojeda-pide-eliminar-el-pase-de-movilidad-coarta-libertades-garantizadas-en-la-constitucion","status":"publish","type":"post","link":"https:\/\/temucotelevision.cl\/web\/2022\/06\/07\/diputado-ojeda-pide-eliminar-el-pase-de-movilidad-coarta-libertades-garantizadas-en-la-constitucion\/","title":{"rendered":"Diputado Ojeda pide eliminar el pase de movilidad: \u201cCoarta libertades garantizadas en la Constituci\u00f3n&#8221;"},"content":{"rendered":"<div class=\"pvc_clear\"><\/div><p id=\"pvc_stats_32570\" class=\"pvc_stats total_only  \" data-element-id=\"32570\" style=\"\"><i class=\"pvc-stats-icon large\" aria-hidden=\"true\"><svg aria-hidden=\"true\" focusable=\"false\" data-prefix=\"far\" data-icon=\"chart-bar\" role=\"img\" xmlns=\"http:\/\/www.w3.org\/2000\/svg\" viewBox=\"0 0 512 512\" class=\"svg-inline--fa fa-chart-bar fa-w-16 fa-2x\"><path fill=\"currentColor\" d=\"M396.8 352h22.4c6.4 0 12.8-6.4 12.8-12.8V108.8c0-6.4-6.4-12.8-12.8-12.8h-22.4c-6.4 0-12.8 6.4-12.8 12.8v230.4c0 6.4 6.4 12.8 12.8 12.8zm-192 0h22.4c6.4 0 12.8-6.4 12.8-12.8V140.8c0-6.4-6.4-12.8-12.8-12.8h-22.4c-6.4 0-12.8 6.4-12.8 12.8v198.4c0 6.4 6.4 12.8 12.8 12.8zm96 0h22.4c6.4 0 12.8-6.4 12.8-12.8V204.8c0-6.4-6.4-12.8-12.8-12.8h-22.4c-6.4 0-12.8 6.4-12.8 12.8v134.4c0 6.4 6.4 12.8 12.8 12.8zM496 400H48V80c0-8.84-7.16-16-16-16H16C7.16 64 0 71.16 0 80v336c0 17.67 14.33 32 32 32h464c8.84 0 16-7.16 16-16v-16c0-8.84-7.16-16-16-16zm-387.2-48h22.4c6.4 0 12.8-6.4 12.8-12.8v-70.4c0-6.4-6.4-12.8-12.8-12.8h-22.4c-6.4 0-12.8 6.4-12.8 12.8v70.4c0 6.4 6.4 12.8 12.8 12.8z\" class=\"\"><\/path><\/svg><\/i> <img loading=\"lazy\" decoding=\"async\" width=\"16\" height=\"16\" alt=\"Loading\" src=\"https:\/\/temucotelevision.cl\/web\/wp-content\/plugins\/page-views-count\/ajax-loader-2x.gif\" border=0 \/><\/p><div class=\"pvc_clear\"><\/div>\n<p><em>Adem\u00e1s, di\u00f3 cuenta de la discriminaci\u00f3n que viven las personas que por enfermedades tienen contraindicada la vacuna, al no poder contar por razones m\u00e9dicas con el pase de movilidad.<\/em><\/p>\n\n\n\n<p><br>Durante esta jornada, el diputado Mauricio Ojeda pidi\u00f3 al Gobierno que eval\u00fae la eliminaci\u00f3n del Pase de Movilidad.\u00a0<\/p>\n\n\n\n<p><br>Esto, tras advertir que pese a que vacunarse es opcional, igual hay miles de personas que se han visto afectadas por no tener el permiso digital, pues este requisito hoy es obligatorio no s\u00f3lo para acceder a restaurantes, sino que tambi\u00e9n para ingresar a sus trabajos.<\/p>\n\n\n\n<p><br>En esta l\u00ednea, el diputado Ojeda, expres\u00f3 que \u201ccuando el Estado te obliga a algo, significa que estamos frente a una dictadura. En este caso, estamos frente a una dictadura sanitaria, nos est\u00e1n obligando a vacunarnos a trav\u00e9s del Pase de Movilidad\u201d.\u00a0<\/p>\n\n\n\n<p><br>\u201cLa pregunta que cabe hacerse es: cuando tenemos micros completamente llenas, no exigen el Pase de Movilidad; cuando tenemos el Metro completamente lleno, sin Pase de Movilidad; cuando los mall est\u00e1n completamente llenos, sin exigir Pase de Movilidad. Pero resulta que para ir a una iglesia, para ir a comprar a los peque\u00f1os negocios; restaurantes; bares, s\u00ed te exigen el Pase de Movilidad\u201d, sostuvo.\u00a0<\/p>\n\n\n\n<p><br>En este sentido, el legislador afirm\u00f3 que \u201cesto solamente est\u00e1 causando da\u00f1o a los peque\u00f1os emprendedores y adem\u00e1s coartando nuestras libertades constitucionales de movimiento, desplazamiento y adem\u00e1s de la libertad de trabajo. Porque hay muchas empresas que obligan a los trabajadores a tener el Pase de Movilidad. Es una dictadura sanitaria\u201d.<\/p>\n\n\n\n<p><br>Ojeda explic\u00f3 que \u00e9l no es antivacuna, y que incluso tiene puesta la cuarta dosis, pero que a su juicio la medida le parece a esta altura exagerada.<\/p>\n\n\n\n<p><br>\u201cSomos el \u00fanico pa\u00eds en el mundo que tiene Pase de Movilidad y la verdad es que hoy d\u00eda no dice relaci\u00f3n respecto de los contagios. Este pase debe ser eliminado de manera inmediata porque, como digo, restringe libertades garantizadas en la Constituci\u00f3n de los chilenos\u201d.<\/p>\n\n\n\n<p><br>Adem\u00e1s, dio cuenta de un problema que hasta ahora hab\u00eda sido invisibilizado \u201ccuando ayer anunciamos que \u00edbamos a presentar este proyecto, se contactaron conmigo varias agrupaciones de enfermos oncol\u00f3gicos. Personas que tienen c\u00e1ncer y que, por recomendaci\u00f3n m\u00e9dica, no pueden vacunarse; resulta que no pueden participar de la sociedad y adem\u00e1s est\u00e1n enfermos\u201d.\u00a0<\/p>\n\n\n\n<p><br>\u201cPersonas enfermas del coraz\u00f3n que no pueden vacunarse, certificados m\u00e9dicamente, resulta que el ministerio de Salud no permite ni siquiera tener en cuenta los certificados m\u00e9dicos. Simple y llanamente, a un grupo de la poblaci\u00f3n; que son millones de chilenos, se les discrimina y se les aleja de participar en los actos cotidianos de la sociedad\u201d, finaliz\u00f3.<\/p>\n","protected":false},"excerpt":{"rendered":"<div class=\"pvc_clear\"><\/div>\n<p id=\"pvc_stats_32570\" class=\"pvc_stats total_only  \" data-element-id=\"32570\" style=\"\"><i class=\"pvc-stats-icon large\" aria-hidden=\"true\"><svg aria-hidden=\"true\" focusable=\"false\" data-prefix=\"far\" data-icon=\"chart-bar\" role=\"img\" xmlns=\"http:\/\/www.w3.org\/2000\/svg\" viewBox=\"0 0 512 512\" class=\"svg-inline--fa fa-chart-bar fa-w-16 fa-2x\"><path fill=\"currentColor\" d=\"M396.8 352h22.4c6.4 0 12.8-6.4 12.8-12.8V108.8c0-6.4-6.4-12.8-12.8-12.8h-22.4c-6.4 0-12.8 6.4-12.8 12.8v230.4c0 6.4 6.4 12.8 12.8 12.8zm-192 0h22.4c6.4 0 12.8-6.4 12.8-12.8V140.8c0-6.4-6.4-12.8-12.8-12.8h-22.4c-6.4 0-12.8 6.4-12.8 12.8v198.4c0 6.4 6.4 12.8 12.8 12.8zm96 0h22.4c6.4 0 12.8-6.4 12.8-12.8V204.8c0-6.4-6.4-12.8-12.8-12.8h-22.4c-6.4 0-12.8 6.4-12.8 12.8v134.4c0 6.4 6.4 12.8 12.8 12.8zM496 400H48V80c0-8.84-7.16-16-16-16H16C7.16 64 0 71.16 0 80v336c0 17.67 14.33 32 32 32h464c8.84 0 16-7.16 16-16v-16c0-8.84-7.16-16-16-16zm-387.2-48h22.4c6.4 0 12.8-6.4 12.8-12.8v-70.4c0-6.4-6.4-12.8-12.8-12.8h-22.4c-6.4 0-12.8 6.4-12.8 12.8v70.4c0 6.4 6.4 12.8 12.8 12.8z\" class=\"\"><\/path><\/svg><\/i> <img loading=\"lazy\" decoding=\"async\" width=\"16\" height=\"16\" alt=\"Loading\" src=\"https:\/\/temucotelevision.cl\/web\/wp-content\/plugins\/page-views-count\/ajax-loader-2x.gif\" border=0 \/><\/p>\n<div class=\"pvc_clear\"><\/div>\n<p>Adem\u00e1s, di\u00f3 cuenta de la discriminaci\u00f3n que viven las personas que por enfermedades tienen contraindicada la vacuna, al no poder<\/p>\n","protected":false},"author":1,"featured_media":30734,"comment_status":"open","ping_status":"open","sticky":false,"template":"","format":"standard","meta":{"colormag_page_container_layout":"default_layout","colormag_page_sidebar_layout":"default_layout","footnotes":""},"categories":[84],"tags":[2304,154,3897,2312,3837],"class_list":["post-32570","post","type-post","status-publish","format-standard","has-post-thumbnail","hentry","category-politica","tag-covid-19","tag-diputado","tag-movilidad","tag-pandemia","tag-pase"],"a3_pvc":{"activated":true,"total_views":54,"today_views":0},"_links":{"self":[{"href":"https:\/\/temucotelevision.cl\/web\/wp-json\/wp\/v2\/posts\/32570","targetHints":{"allow":["GET"]}}],"collection":[{"href":"https:\/\/temucotelevision.cl\/web\/wp-json\/wp\/v2\/posts"}],"about":[{"href":"https:\/\/temucotelevision.cl\/web\/wp-json\/wp\/v2\/types\/post"}],"author":[{"embeddable":true,"href":"https:\/\/temucotelevision.cl\/web\/wp-json\/wp\/v2\/users\/1"}],"replies":[{"embeddable":true,"href":"https:\/\/temucotelevision.cl\/web\/wp-json\/wp\/v2\/comments?post=32570"}],"version-history":[{"count":1,"href":"https:\/\/temucotelevision.cl\/web\/wp-json\/wp\/v2\/posts\/32570\/revisions"}],"predecessor-version":[{"id":32571,"href":"https:\/\/temucotelevision.cl\/web\/wp-json\/wp\/v2\/posts\/32570\/revisions\/32571"}],"wp:featuredmedia":[{"embeddable":true,"href":"https:\/\/temucotelevision.cl\/web\/wp-json\/wp\/v2\/media\/30734"}],"wp:attachment":[{"href":"https:\/\/temucotelevision.cl\/web\/wp-json\/wp\/v2\/media?parent=32570"}],"wp:term":[{"taxonomy":"category","embeddable":true,"href":"https:\/\/temucotelevision.cl\/web\/wp-json\/wp\/v2\/categories?post=32570"},{"taxonomy":"post_tag","embeddable":true,"href":"https:\/\/temucotelevision.cl\/web\/wp-json\/wp\/v2\/tags?post=32570"}],"curies":[{"name":"wp","href":"https:\/\/api.w.org\/{rel}","templated":true}]}}