{"id":32563,"date":"2022-06-07T22:23:52","date_gmt":"2022-06-08T01:23:52","guid":{"rendered":"https:\/\/temucotelevision.cl\/web\/?p=32563"},"modified":"2022-06-07T22:27:15","modified_gmt":"2022-06-08T01:27:15","slug":"video-sag-gestiona-sumario-administrativo-y-suspension-inmediata-de-funcionario-implicado-en-brutal-muerte-de-animales","status":"publish","type":"post","link":"https:\/\/temucotelevision.cl\/web\/2022\/06\/07\/video-sag-gestiona-sumario-administrativo-y-suspension-inmediata-de-funcionario-implicado-en-brutal-muerte-de-animales\/","title":{"rendered":"[Video] SAG gestiona sumario administrativo y suspensi\u00f3n inmediata de funcionario implicado en brutal muerte de animales"},"content":{"rendered":"<div class=\"pvc_clear\"><\/div><p id=\"pvc_stats_32563\" class=\"pvc_stats total_only  \" data-element-id=\"32563\" style=\"\"><i class=\"pvc-stats-icon large\" aria-hidden=\"true\"><svg aria-hidden=\"true\" focusable=\"false\" data-prefix=\"far\" data-icon=\"chart-bar\" role=\"img\" xmlns=\"http:\/\/www.w3.org\/2000\/svg\" viewBox=\"0 0 512 512\" class=\"svg-inline--fa fa-chart-bar fa-w-16 fa-2x\"><path fill=\"currentColor\" d=\"M396.8 352h22.4c6.4 0 12.8-6.4 12.8-12.8V108.8c0-6.4-6.4-12.8-12.8-12.8h-22.4c-6.4 0-12.8 6.4-12.8 12.8v230.4c0 6.4 6.4 12.8 12.8 12.8zm-192 0h22.4c6.4 0 12.8-6.4 12.8-12.8V140.8c0-6.4-6.4-12.8-12.8-12.8h-22.4c-6.4 0-12.8 6.4-12.8 12.8v198.4c0 6.4 6.4 12.8 12.8 12.8zm96 0h22.4c6.4 0 12.8-6.4 12.8-12.8V204.8c0-6.4-6.4-12.8-12.8-12.8h-22.4c-6.4 0-12.8 6.4-12.8 12.8v134.4c0 6.4 6.4 12.8 12.8 12.8zM496 400H48V80c0-8.84-7.16-16-16-16H16C7.16 64 0 71.16 0 80v336c0 17.67 14.33 32 32 32h464c8.84 0 16-7.16 16-16v-16c0-8.84-7.16-16-16-16zm-387.2-48h22.4c6.4 0 12.8-6.4 12.8-12.8v-70.4c0-6.4-6.4-12.8-12.8-12.8h-22.4c-6.4 0-12.8 6.4-12.8 12.8v70.4c0 6.4 6.4 12.8 12.8 12.8z\" class=\"\"><\/path><\/svg><\/i> <img loading=\"lazy\" decoding=\"async\" width=\"16\" height=\"16\" alt=\"Loading\" src=\"https:\/\/temucotelevision.cl\/web\/wp-content\/plugins\/page-views-count\/ajax-loader-2x.gif\" border=0 \/><\/p><div class=\"pvc_clear\"><\/div>\n<p><strong>Declaraci\u00f3n P\u00fablica\u00a0SAG<\/strong><\/p>\n\n\n\n<p>Ante la denuncia recibida por el Servicio Agr\u00edcola y Ganadero,&nbsp;SAG, que involucra a un funcionario de nuestra instituci\u00f3n en la regi\u00f3n de La Araucan\u00eda quien, en compa\u00f1\u00eda de un privado, estar\u00eda vulnerando la Ley de Caza y las normas sobre Maltrato Animal, nuestra Instituci\u00f3n rechaza categ\u00f3ricamente este actuar consider\u00e1ndolo grave e inaceptable.<\/p>\n\n\n\n<p>Es por ello que ante la gravedad de los hechos se ha instruido el inicio de un Sumario Administrativo, con el objetivo de establecer las responsabilidades administrativas en el m\u00e1s breve plazo y sancionar a las personas involucradas.&nbsp;<\/p>\n\n\n\n<p>Junto con ello, el&nbsp;SAG&nbsp;ha interpuesto una denuncia ante el Ministerio P\u00fablico por el presunto delito de maltrato animal tanto en contra del funcionario involucrado como del tercero que aparece en el video. Paralelamente la direcci\u00f3n regional del&nbsp;SAG&nbsp;Araucan\u00eda realiz\u00f3 la denuncia a la Brigada Investigadora de Delitos Contra la Salud P\u00fablica y el Medioambiente (BIDEMA) Temuco para que se puedan reunir mayores antecedentes que permitan esclarecer la forma en que ocurrieron los hechos. A esto se suman las propias fiscalizaciones que realizar\u00e1 el&nbsp;SAG.&nbsp;<\/p>\n\n\n\n<p>Como Servicio Agr\u00edcola y Ganadero nos mantenemos comprometidos con la protecci\u00f3n de la fauna silvestre y no se tolerar\u00e1 que este tipo de situaciones quede impune. Llamamos a quienes tengan m\u00e1s antecedentes para que los entreguen al Ministerio P\u00fablico.<\/p>\n\n\n\n<p>El maltrato animal se considera un delito de acci\u00f3n penal p\u00fablica, ello implica que cualquier persona en conocimiento de este tipo de hechos puede realizar la denuncia correspondiente ante los organismos habilitados para ello, esto es polic\u00edas y Ministerio P\u00fablico.<\/p>\n\n\n\n<iframe loading=\"lazy\" src=\"https:\/\/www.facebook.com\/plugins\/video.php?height=314&#038;href=https%3A%2F%2Fwww.facebook.com%2FTemucoTelevision%2Fvideos%2F704213610884356%2F&#038;show_text=true&#038;width=560&#038;t=0\" width=\"560\" height=\"429\" style=\"border:none;overflow:hidden\" scrolling=\"no\" frameborder=\"0\" allowfullscreen=\"true\" allow=\"autoplay; clipboard-write; encrypted-media; picture-in-picture; web-share\" allowFullScreen=\"true\"><\/iframe>\n","protected":false},"excerpt":{"rendered":"<div class=\"pvc_clear\"><\/div>\n<p id=\"pvc_stats_32563\" class=\"pvc_stats total_only  \" data-element-id=\"32563\" style=\"\"><i class=\"pvc-stats-icon large\" aria-hidden=\"true\"><svg aria-hidden=\"true\" focusable=\"false\" data-prefix=\"far\" data-icon=\"chart-bar\" role=\"img\" xmlns=\"http:\/\/www.w3.org\/2000\/svg\" viewBox=\"0 0 512 512\" class=\"svg-inline--fa fa-chart-bar fa-w-16 fa-2x\"><path fill=\"currentColor\" d=\"M396.8 352h22.4c6.4 0 12.8-6.4 12.8-12.8V108.8c0-6.4-6.4-12.8-12.8-12.8h-22.4c-6.4 0-12.8 6.4-12.8 12.8v230.4c0 6.4 6.4 12.8 12.8 12.8zm-192 0h22.4c6.4 0 12.8-6.4 12.8-12.8V140.8c0-6.4-6.4-12.8-12.8-12.8h-22.4c-6.4 0-12.8 6.4-12.8 12.8v198.4c0 6.4 6.4 12.8 12.8 12.8zm96 0h22.4c6.4 0 12.8-6.4 12.8-12.8V204.8c0-6.4-6.4-12.8-12.8-12.8h-22.4c-6.4 0-12.8 6.4-12.8 12.8v134.4c0 6.4 6.4 12.8 12.8 12.8zM496 400H48V80c0-8.84-7.16-16-16-16H16C7.16 64 0 71.16 0 80v336c0 17.67 14.33 32 32 32h464c8.84 0 16-7.16 16-16v-16c0-8.84-7.16-16-16-16zm-387.2-48h22.4c6.4 0 12.8-6.4 12.8-12.8v-70.4c0-6.4-6.4-12.8-12.8-12.8h-22.4c-6.4 0-12.8 6.4-12.8 12.8v70.4c0 6.4 6.4 12.8 12.8 12.8z\" class=\"\"><\/path><\/svg><\/i> <img loading=\"lazy\" decoding=\"async\" width=\"16\" height=\"16\" alt=\"Loading\" src=\"https:\/\/temucotelevision.cl\/web\/wp-content\/plugins\/page-views-count\/ajax-loader-2x.gif\" border=0 \/><\/p>\n<div class=\"pvc_clear\"><\/div>\n<p>Declaraci\u00f3n P\u00fablica\u00a0SAG Ante la denuncia recibida por el Servicio Agr\u00edcola y Ganadero,&nbsp;SAG, que involucra a un funcionario de nuestra instituci\u00f3n<\/p>\n","protected":false},"author":1,"featured_media":32566,"comment_status":"open","ping_status":"open","sticky":false,"template":"","format":"standard","meta":{"colormag_page_container_layout":"default_layout","colormag_page_sidebar_layout":"default_layout","footnotes":""},"categories":[15],"tags":[562,433,930,5331,904],"class_list":["post-32563","post","type-post","status-publish","format-standard","has-post-thumbnail","hentry","category-la-araucania","tag-animales","tag-denuncia","tag-funcionario","tag-sag","tag-sumario"],"a3_pvc":{"activated":true,"total_views":59,"today_views":0},"_links":{"self":[{"href":"https:\/\/temucotelevision.cl\/web\/wp-json\/wp\/v2\/posts\/32563","targetHints":{"allow":["GET"]}}],"collection":[{"href":"https:\/\/temucotelevision.cl\/web\/wp-json\/wp\/v2\/posts"}],"about":[{"href":"https:\/\/temucotelevision.cl\/web\/wp-json\/wp\/v2\/types\/post"}],"author":[{"embeddable":true,"href":"https:\/\/temucotelevision.cl\/web\/wp-json\/wp\/v2\/users\/1"}],"replies":[{"embeddable":true,"href":"https:\/\/temucotelevision.cl\/web\/wp-json\/wp\/v2\/comments?post=32563"}],"version-history":[{"count":1,"href":"https:\/\/temucotelevision.cl\/web\/wp-json\/wp\/v2\/posts\/32563\/revisions"}],"predecessor-version":[{"id":32564,"href":"https:\/\/temucotelevision.cl\/web\/wp-json\/wp\/v2\/posts\/32563\/revisions\/32564"}],"wp:featuredmedia":[{"embeddable":true,"href":"https:\/\/temucotelevision.cl\/web\/wp-json\/wp\/v2\/media\/32566"}],"wp:attachment":[{"href":"https:\/\/temucotelevision.cl\/web\/wp-json\/wp\/v2\/media?parent=32563"}],"wp:term":[{"taxonomy":"category","embeddable":true,"href":"https:\/\/temucotelevision.cl\/web\/wp-json\/wp\/v2\/categories?post=32563"},{"taxonomy":"post_tag","embeddable":true,"href":"https:\/\/temucotelevision.cl\/web\/wp-json\/wp\/v2\/tags?post=32563"}],"curies":[{"name":"wp","href":"https:\/\/api.w.org\/{rel}","templated":true}]}}