{"id":32553,"date":"2022-06-07T12:57:15","date_gmt":"2022-06-07T15:57:15","guid":{"rendered":"https:\/\/temucotelevision.cl\/web\/?p=32553"},"modified":"2022-06-07T12:57:16","modified_gmt":"2022-06-07T15:57:16","slug":"frontel-cambia-su-imagen-corporativa-y-lanza-nuevas-plataformas-para-sus-clientes","status":"publish","type":"post","link":"https:\/\/temucotelevision.cl\/web\/2022\/06\/07\/frontel-cambia-su-imagen-corporativa-y-lanza-nuevas-plataformas-para-sus-clientes\/","title":{"rendered":"Frontel cambia su imagen corporativa y lanza nuevas plataformas para sus clientes"},"content":{"rendered":"<div class=\"pvc_clear\"><\/div><p id=\"pvc_stats_32553\" class=\"pvc_stats total_only  \" data-element-id=\"32553\" style=\"\"><i class=\"pvc-stats-icon large\" aria-hidden=\"true\"><svg aria-hidden=\"true\" focusable=\"false\" data-prefix=\"far\" data-icon=\"chart-bar\" role=\"img\" xmlns=\"http:\/\/www.w3.org\/2000\/svg\" viewBox=\"0 0 512 512\" class=\"svg-inline--fa fa-chart-bar fa-w-16 fa-2x\"><path fill=\"currentColor\" d=\"M396.8 352h22.4c6.4 0 12.8-6.4 12.8-12.8V108.8c0-6.4-6.4-12.8-12.8-12.8h-22.4c-6.4 0-12.8 6.4-12.8 12.8v230.4c0 6.4 6.4 12.8 12.8 12.8zm-192 0h22.4c6.4 0 12.8-6.4 12.8-12.8V140.8c0-6.4-6.4-12.8-12.8-12.8h-22.4c-6.4 0-12.8 6.4-12.8 12.8v198.4c0 6.4 6.4 12.8 12.8 12.8zm96 0h22.4c6.4 0 12.8-6.4 12.8-12.8V204.8c0-6.4-6.4-12.8-12.8-12.8h-22.4c-6.4 0-12.8 6.4-12.8 12.8v134.4c0 6.4 6.4 12.8 12.8 12.8zM496 400H48V80c0-8.84-7.16-16-16-16H16C7.16 64 0 71.16 0 80v336c0 17.67 14.33 32 32 32h464c8.84 0 16-7.16 16-16v-16c0-8.84-7.16-16-16-16zm-387.2-48h22.4c6.4 0 12.8-6.4 12.8-12.8v-70.4c0-6.4-6.4-12.8-12.8-12.8h-22.4c-6.4 0-12.8 6.4-12.8 12.8v70.4c0 6.4 6.4 12.8 12.8 12.8z\" class=\"\"><\/path><\/svg><\/i> <img loading=\"lazy\" decoding=\"async\" width=\"16\" height=\"16\" alt=\"Loading\" src=\"https:\/\/temucotelevision.cl\/web\/wp-content\/plugins\/page-views-count\/ajax-loader-2x.gif\" border=0 \/><\/p><div class=\"pvc_clear\"><\/div>\n<ul class=\"wp-block-list\"><li><em>Hoy la empresa el\u00e9ctrica present\u00f3 su nueva p\u00e1gina web, aplicaci\u00f3n m\u00f3vil, oficina virtual y comenzar\u00e1 a cambiar -paulatinamente- la imagen de sus oficinas.&nbsp;<\/em><\/li><\/ul>\n\n\n\n<p>\u00a0Como parte del proceso de evoluci\u00f3n de Frontel, la empresa el\u00e9ctrica present\u00f3 su nueva imagen corporativa y lanz\u00f3 una versi\u00f3n renovada de su p\u00e1gina web, oficina virtual y aplicaci\u00f3n m\u00f3vil, iniciativas que buscan generar un cambio en la interacci\u00f3n con sus clientes haciendo m\u00e1s \u00e1giles y simples sus procesos de atenci\u00f3n.\u00a0<\/p>\n\n\n\n<p>\u201cEste cambio de imagen y nuevas plataformas dan cuenta de la transformaci\u00f3n que estamos viviendo. Queremos estar m\u00e1s conectados y mejorar la experiencia de nuestros clientes a trav\u00e9s de nuevas funcionalidades e iniciativas para ir m\u00e1s all\u00e1 de entregar un servicio continuo y seguro\u201d, indic\u00f3 el Gerente Zonal, Patricio S\u00e1ez.&nbsp;<\/p>\n\n\n\n<p>La empresa el\u00e9ctrica anunci\u00f3 que, entre los nuevos desarrollos disponibles, los clientes podr\u00e1n agendar atenciones a distancia a trav\u00e9s de videollamada y realizar con mayor agilidad procesos asociados a la oficina virtual que, entre otras funcionalidades, permite visualizar los consumos hist\u00f3ricos y gestionar de mejor forma el gasto mensual. Para conocer estas novedades y otras que se ir\u00e1n sumando durante el a\u00f1o, es importante que los clientes se suscriban en las nuevas plataformas.<\/p>\n\n\n\n<p>Por otra parte, en el portal&nbsp;<a href=\"http:\/\/www.frontel.cl\/\">www.frontel.cl<\/a>&nbsp;podr\u00e1s acceder a informaci\u00f3n respecto de los programas de sustentabilidad de la compa\u00f1\u00eda, que buscan ser un aporte positivo al desarrollo de las comunidades. Ingresando a la secci\u00f3n \u201cSomos Vecinos\u201d, los clientes podr\u00e1n conocer los detalles de cada una de sus iniciativas, que, en una d\u00e9cada, han beneficiado a m\u00e1s de 100 mil personas con conexiones a la red el\u00e9ctrica, capacitaci\u00f3n, equipamiento para escuelas, iluminaci\u00f3n de barrios, entre otros.<\/p>\n\n\n\n<p>El ejecutivo de Frontel, concluy\u00f3 comentando que \u201cqueremos que todos nuestros clientes sepan que no descansaremos porque entendemos lo importante que es estar conectados y hoy, junto a cada uno de ellos, continuamos en este nuevo camino para seguir creciendo juntos\u201d.&nbsp;<\/p>\n","protected":false},"excerpt":{"rendered":"<div class=\"pvc_clear\"><\/div>\n<p id=\"pvc_stats_32553\" class=\"pvc_stats total_only  \" data-element-id=\"32553\" style=\"\"><i class=\"pvc-stats-icon large\" aria-hidden=\"true\"><svg aria-hidden=\"true\" focusable=\"false\" data-prefix=\"far\" data-icon=\"chart-bar\" role=\"img\" xmlns=\"http:\/\/www.w3.org\/2000\/svg\" viewBox=\"0 0 512 512\" class=\"svg-inline--fa fa-chart-bar fa-w-16 fa-2x\"><path fill=\"currentColor\" d=\"M396.8 352h22.4c6.4 0 12.8-6.4 12.8-12.8V108.8c0-6.4-6.4-12.8-12.8-12.8h-22.4c-6.4 0-12.8 6.4-12.8 12.8v230.4c0 6.4 6.4 12.8 12.8 12.8zm-192 0h22.4c6.4 0 12.8-6.4 12.8-12.8V140.8c0-6.4-6.4-12.8-12.8-12.8h-22.4c-6.4 0-12.8 6.4-12.8 12.8v198.4c0 6.4 6.4 12.8 12.8 12.8zm96 0h22.4c6.4 0 12.8-6.4 12.8-12.8V204.8c0-6.4-6.4-12.8-12.8-12.8h-22.4c-6.4 0-12.8 6.4-12.8 12.8v134.4c0 6.4 6.4 12.8 12.8 12.8zM496 400H48V80c0-8.84-7.16-16-16-16H16C7.16 64 0 71.16 0 80v336c0 17.67 14.33 32 32 32h464c8.84 0 16-7.16 16-16v-16c0-8.84-7.16-16-16-16zm-387.2-48h22.4c6.4 0 12.8-6.4 12.8-12.8v-70.4c0-6.4-6.4-12.8-12.8-12.8h-22.4c-6.4 0-12.8 6.4-12.8 12.8v70.4c0 6.4 6.4 12.8 12.8 12.8z\" class=\"\"><\/path><\/svg><\/i> <img loading=\"lazy\" decoding=\"async\" width=\"16\" height=\"16\" alt=\"Loading\" src=\"https:\/\/temucotelevision.cl\/web\/wp-content\/plugins\/page-views-count\/ajax-loader-2x.gif\" border=0 \/><\/p>\n<div class=\"pvc_clear\"><\/div>\n<p>Hoy la empresa el\u00e9ctrica present\u00f3 su nueva p\u00e1gina web, aplicaci\u00f3n m\u00f3vil, oficina virtual y comenzar\u00e1 a cambiar -paulatinamente- la imagen<\/p>\n","protected":false},"author":1,"featured_media":32554,"comment_status":"open","ping_status":"open","sticky":false,"template":"","format":"standard","meta":{"colormag_page_container_layout":"default_layout","colormag_page_sidebar_layout":"default_layout","footnotes":""},"categories":[101],"tags":[516,549,1136,815,5363],"class_list":["post-32553","post","type-post","status-publish","format-standard","has-post-thumbnail","hentry","category-actualidad","tag-clientes","tag-empresa","tag-frontel","tag-imagen","tag-platafformas"],"a3_pvc":{"activated":true,"total_views":66,"today_views":0},"_links":{"self":[{"href":"https:\/\/temucotelevision.cl\/web\/wp-json\/wp\/v2\/posts\/32553","targetHints":{"allow":["GET"]}}],"collection":[{"href":"https:\/\/temucotelevision.cl\/web\/wp-json\/wp\/v2\/posts"}],"about":[{"href":"https:\/\/temucotelevision.cl\/web\/wp-json\/wp\/v2\/types\/post"}],"author":[{"embeddable":true,"href":"https:\/\/temucotelevision.cl\/web\/wp-json\/wp\/v2\/users\/1"}],"replies":[{"embeddable":true,"href":"https:\/\/temucotelevision.cl\/web\/wp-json\/wp\/v2\/comments?post=32553"}],"version-history":[{"count":1,"href":"https:\/\/temucotelevision.cl\/web\/wp-json\/wp\/v2\/posts\/32553\/revisions"}],"predecessor-version":[{"id":32555,"href":"https:\/\/temucotelevision.cl\/web\/wp-json\/wp\/v2\/posts\/32553\/revisions\/32555"}],"wp:featuredmedia":[{"embeddable":true,"href":"https:\/\/temucotelevision.cl\/web\/wp-json\/wp\/v2\/media\/32554"}],"wp:attachment":[{"href":"https:\/\/temucotelevision.cl\/web\/wp-json\/wp\/v2\/media?parent=32553"}],"wp:term":[{"taxonomy":"category","embeddable":true,"href":"https:\/\/temucotelevision.cl\/web\/wp-json\/wp\/v2\/categories?post=32553"},{"taxonomy":"post_tag","embeddable":true,"href":"https:\/\/temucotelevision.cl\/web\/wp-json\/wp\/v2\/tags?post=32553"}],"curies":[{"name":"wp","href":"https:\/\/api.w.org\/{rel}","templated":true}]}}