{"id":32542,"date":"2022-06-07T11:29:03","date_gmt":"2022-06-07T14:29:03","guid":{"rendered":"https:\/\/temucotelevision.cl\/web\/?p=32542"},"modified":"2022-06-07T11:29:03","modified_gmt":"2022-06-07T14:29:03","slug":"municipio-de-temuco-invita-a-participar-en-el-x-concurso-regional-de-pintura-araucania-de-cordillera-a-mar","status":"publish","type":"post","link":"https:\/\/temucotelevision.cl\/web\/2022\/06\/07\/municipio-de-temuco-invita-a-participar-en-el-x-concurso-regional-de-pintura-araucania-de-cordillera-a-mar\/","title":{"rendered":"Municipio de Temuco invita a participar en el X concurso regional de pintura \u201cAraucan\u00eda, de cordillera a mar\u201d"},"content":{"rendered":"<div class=\"pvc_clear\"><\/div><p id=\"pvc_stats_32542\" class=\"pvc_stats total_only  \" data-element-id=\"32542\" style=\"\"><i class=\"pvc-stats-icon large\" aria-hidden=\"true\"><svg aria-hidden=\"true\" focusable=\"false\" data-prefix=\"far\" data-icon=\"chart-bar\" role=\"img\" xmlns=\"http:\/\/www.w3.org\/2000\/svg\" viewBox=\"0 0 512 512\" class=\"svg-inline--fa fa-chart-bar fa-w-16 fa-2x\"><path fill=\"currentColor\" d=\"M396.8 352h22.4c6.4 0 12.8-6.4 12.8-12.8V108.8c0-6.4-6.4-12.8-12.8-12.8h-22.4c-6.4 0-12.8 6.4-12.8 12.8v230.4c0 6.4 6.4 12.8 12.8 12.8zm-192 0h22.4c6.4 0 12.8-6.4 12.8-12.8V140.8c0-6.4-6.4-12.8-12.8-12.8h-22.4c-6.4 0-12.8 6.4-12.8 12.8v198.4c0 6.4 6.4 12.8 12.8 12.8zm96 0h22.4c6.4 0 12.8-6.4 12.8-12.8V204.8c0-6.4-6.4-12.8-12.8-12.8h-22.4c-6.4 0-12.8 6.4-12.8 12.8v134.4c0 6.4 6.4 12.8 12.8 12.8zM496 400H48V80c0-8.84-7.16-16-16-16H16C7.16 64 0 71.16 0 80v336c0 17.67 14.33 32 32 32h464c8.84 0 16-7.16 16-16v-16c0-8.84-7.16-16-16-16zm-387.2-48h22.4c6.4 0 12.8-6.4 12.8-12.8v-70.4c0-6.4-6.4-12.8-12.8-12.8h-22.4c-6.4 0-12.8 6.4-12.8 12.8v70.4c0 6.4 6.4 12.8 12.8 12.8z\" class=\"\"><\/path><\/svg><\/i> <img loading=\"lazy\" decoding=\"async\" width=\"16\" height=\"16\" alt=\"Loading\" src=\"https:\/\/temucotelevision.cl\/web\/wp-content\/plugins\/page-views-count\/ajax-loader-2x.gif\" border=0 \/><\/p><div class=\"pvc_clear\"><\/div>\n<p>Abierta se encuentra la convocatoria para participar en el X Concurso regional de pintura \u201cAraucan\u00eda, de cordillera a mar\u201d, iniciativa organizada por la Municipalidad de Temuco a trav\u00e9s de su Direcci\u00f3n de Turismo, Patrimonio y Cultura.<\/p>\n\n\n\n<p>Las bases del concurso ya se encuentran disponibles en&nbsp;<a href=\"http:\/\/www.temuco.cl\/\">www.temuco.cl<\/a>&nbsp;y permite la participaci\u00f3n de artistas pl\u00e1sticos, con un m\u00e1ximo de dos obras in\u00e9ditas por persona, en \u00f3leo o acr\u00edlico sobre una superficie de tela con dos formatos de medida, de 90&#215;120 cm y de 120&#215;150 cm. En el caso de presentar d\u00edpticos y tr\u00edpticos, la suma de sus partes no debe exceder esas medidas.&nbsp;&nbsp;&nbsp;<\/p>\n\n\n\n<p>El administrador de la Galer\u00eda Municipal de Arte de la Plaza An\u00edbal Pinto, Pedro Henr\u00edquez, se\u00f1al\u00f3 que \u201cla tem\u00e1tica invita a la libre creaci\u00f3n de los artistas de nuestra regi\u00f3n, poniendo \u00e9nfasis en el paisaje de nuestra Araucan\u00eda, su gente y su multiculturalidad. Hemos tenido todos los a\u00f1os una excelente convocatoria y esperamos que para esta versi\u00f3n del concurso ocurra lo mismo, ya que en promedio cada a\u00f1o recibimos alrededor de 80 obras, as\u00ed que invitamos a todos los artistas a participar\u201d, destac\u00f3 el administrador del espacio cultural.&nbsp;<\/p>\n\n\n\n<p>El concurso contempla adem\u00e1s una exposici\u00f3n de las obras seleccionadas por el jurado, que ser\u00e1 en la Galer\u00eda Municipal de Arte de la Plaza An\u00edbal Pinto entre 31 de octubre y 27 de noviembre. Los premios para los tres primeros lugares son de 1 mill\u00f3n 200 mil pesos para el primer lugar; 1 mill\u00f3n para el segundo lugar; y 800 mil pesos para el tercer lugar, adem\u00e1s de tres menciones honrosas determinadas por el jurado. Estos premios son por concepto de adquisici\u00f3n de las obras, que pasar\u00e1n a formar parte del patrimonio art\u00edstico-pl\u00e1stico de la Municipalidad de Temuco.&nbsp;<\/p>\n\n\n\n<p>La recepci\u00f3n de las obras se realizar\u00e1 entre el 3 y 16 de octubre en la Galer\u00eda Municipal de Arte de la Plaza An\u00edbal Pinto, de lunes a s\u00e1bado de 09:30 a 20:00 horas. Para consultar mayores detalles, los interesados pueden escribir al correo&nbsp;<a>phenriquez@temuco.cl<\/a>, llamar al 2 236785 o acercarse a la Galer\u00eda Municipal.&nbsp;<\/p>\n","protected":false},"excerpt":{"rendered":"<div class=\"pvc_clear\"><\/div>\n<p id=\"pvc_stats_32542\" class=\"pvc_stats total_only  \" data-element-id=\"32542\" style=\"\"><i class=\"pvc-stats-icon large\" aria-hidden=\"true\"><svg aria-hidden=\"true\" focusable=\"false\" data-prefix=\"far\" data-icon=\"chart-bar\" role=\"img\" xmlns=\"http:\/\/www.w3.org\/2000\/svg\" viewBox=\"0 0 512 512\" class=\"svg-inline--fa fa-chart-bar fa-w-16 fa-2x\"><path fill=\"currentColor\" d=\"M396.8 352h22.4c6.4 0 12.8-6.4 12.8-12.8V108.8c0-6.4-6.4-12.8-12.8-12.8h-22.4c-6.4 0-12.8 6.4-12.8 12.8v230.4c0 6.4 6.4 12.8 12.8 12.8zm-192 0h22.4c6.4 0 12.8-6.4 12.8-12.8V140.8c0-6.4-6.4-12.8-12.8-12.8h-22.4c-6.4 0-12.8 6.4-12.8 12.8v198.4c0 6.4 6.4 12.8 12.8 12.8zm96 0h22.4c6.4 0 12.8-6.4 12.8-12.8V204.8c0-6.4-6.4-12.8-12.8-12.8h-22.4c-6.4 0-12.8 6.4-12.8 12.8v134.4c0 6.4 6.4 12.8 12.8 12.8zM496 400H48V80c0-8.84-7.16-16-16-16H16C7.16 64 0 71.16 0 80v336c0 17.67 14.33 32 32 32h464c8.84 0 16-7.16 16-16v-16c0-8.84-7.16-16-16-16zm-387.2-48h22.4c6.4 0 12.8-6.4 12.8-12.8v-70.4c0-6.4-6.4-12.8-12.8-12.8h-22.4c-6.4 0-12.8 6.4-12.8 12.8v70.4c0 6.4 6.4 12.8 12.8 12.8z\" class=\"\"><\/path><\/svg><\/i> <img loading=\"lazy\" decoding=\"async\" width=\"16\" height=\"16\" alt=\"Loading\" src=\"https:\/\/temucotelevision.cl\/web\/wp-content\/plugins\/page-views-count\/ajax-loader-2x.gif\" border=0 \/><\/p>\n<div class=\"pvc_clear\"><\/div>\n<p>Abierta se encuentra la convocatoria para participar en el X Concurso regional de pintura \u201cAraucan\u00eda, de cordillera a mar\u201d, iniciativa<\/p>\n","protected":false},"author":1,"featured_media":32549,"comment_status":"open","ping_status":"open","sticky":false,"template":"","format":"standard","meta":{"colormag_page_container_layout":"default_layout","colormag_page_sidebar_layout":"default_layout","footnotes":""},"categories":[86],"tags":[1632,591,1445,879,94],"class_list":["post-32542","post","type-post","status-publish","format-standard","has-post-thumbnail","hentry","category-panoramas","tag-concurso","tag-municipio","tag-patrimonio","tag-pintura","tag-turismo"],"a3_pvc":{"activated":true,"total_views":130,"today_views":0},"_links":{"self":[{"href":"https:\/\/temucotelevision.cl\/web\/wp-json\/wp\/v2\/posts\/32542","targetHints":{"allow":["GET"]}}],"collection":[{"href":"https:\/\/temucotelevision.cl\/web\/wp-json\/wp\/v2\/posts"}],"about":[{"href":"https:\/\/temucotelevision.cl\/web\/wp-json\/wp\/v2\/types\/post"}],"author":[{"embeddable":true,"href":"https:\/\/temucotelevision.cl\/web\/wp-json\/wp\/v2\/users\/1"}],"replies":[{"embeddable":true,"href":"https:\/\/temucotelevision.cl\/web\/wp-json\/wp\/v2\/comments?post=32542"}],"version-history":[{"count":1,"href":"https:\/\/temucotelevision.cl\/web\/wp-json\/wp\/v2\/posts\/32542\/revisions"}],"predecessor-version":[{"id":32550,"href":"https:\/\/temucotelevision.cl\/web\/wp-json\/wp\/v2\/posts\/32542\/revisions\/32550"}],"wp:featuredmedia":[{"embeddable":true,"href":"https:\/\/temucotelevision.cl\/web\/wp-json\/wp\/v2\/media\/32549"}],"wp:attachment":[{"href":"https:\/\/temucotelevision.cl\/web\/wp-json\/wp\/v2\/media?parent=32542"}],"wp:term":[{"taxonomy":"category","embeddable":true,"href":"https:\/\/temucotelevision.cl\/web\/wp-json\/wp\/v2\/categories?post=32542"},{"taxonomy":"post_tag","embeddable":true,"href":"https:\/\/temucotelevision.cl\/web\/wp-json\/wp\/v2\/tags?post=32542"}],"curies":[{"name":"wp","href":"https:\/\/api.w.org\/{rel}","templated":true}]}}