{"id":31029,"date":"2022-04-12T21:50:24","date_gmt":"2022-04-13T00:50:24","guid":{"rendered":"https:\/\/temucotelevision.cl\/web\/?p=31029"},"modified":"2022-04-12T21:50:24","modified_gmt":"2022-04-13T00:50:24","slug":"ministro-valenzuela-anuncia-creacion-de-comite-de-seguridad-y-soberania-alimentaria","status":"publish","type":"post","link":"https:\/\/temucotelevision.cl\/web\/2022\/04\/12\/ministro-valenzuela-anuncia-creacion-de-comite-de-seguridad-y-soberania-alimentaria\/","title":{"rendered":"Ministro Valenzuela anuncia creaci\u00f3n de Comit\u00e9 de Seguridad y Soberan\u00eda Alimentaria\u00a0"},"content":{"rendered":"<div class=\"pvc_clear\"><\/div><p id=\"pvc_stats_31029\" class=\"pvc_stats total_only  \" data-element-id=\"31029\" style=\"\"><i class=\"pvc-stats-icon large\" aria-hidden=\"true\"><svg aria-hidden=\"true\" focusable=\"false\" data-prefix=\"far\" data-icon=\"chart-bar\" role=\"img\" xmlns=\"http:\/\/www.w3.org\/2000\/svg\" viewBox=\"0 0 512 512\" class=\"svg-inline--fa fa-chart-bar fa-w-16 fa-2x\"><path fill=\"currentColor\" d=\"M396.8 352h22.4c6.4 0 12.8-6.4 12.8-12.8V108.8c0-6.4-6.4-12.8-12.8-12.8h-22.4c-6.4 0-12.8 6.4-12.8 12.8v230.4c0 6.4 6.4 12.8 12.8 12.8zm-192 0h22.4c6.4 0 12.8-6.4 12.8-12.8V140.8c0-6.4-6.4-12.8-12.8-12.8h-22.4c-6.4 0-12.8 6.4-12.8 12.8v198.4c0 6.4 6.4 12.8 12.8 12.8zm96 0h22.4c6.4 0 12.8-6.4 12.8-12.8V204.8c0-6.4-6.4-12.8-12.8-12.8h-22.4c-6.4 0-12.8 6.4-12.8 12.8v134.4c0 6.4 6.4 12.8 12.8 12.8zM496 400H48V80c0-8.84-7.16-16-16-16H16C7.16 64 0 71.16 0 80v336c0 17.67 14.33 32 32 32h464c8.84 0 16-7.16 16-16v-16c0-8.84-7.16-16-16-16zm-387.2-48h22.4c6.4 0 12.8-6.4 12.8-12.8v-70.4c0-6.4-6.4-12.8-12.8-12.8h-22.4c-6.4 0-12.8 6.4-12.8 12.8v70.4c0 6.4 6.4 12.8 12.8 12.8z\" class=\"\"><\/path><\/svg><\/i> <img loading=\"lazy\" decoding=\"async\" width=\"16\" height=\"16\" alt=\"Loading\" src=\"https:\/\/temucotelevision.cl\/web\/wp-content\/plugins\/page-views-count\/ajax-loader-2x.gif\" border=0 \/><\/p><div class=\"pvc_clear\"><\/div>\n<p>La autoridad del agro destac\u00f3 el esfuerzo del senador Iv\u00e1n Flores para articular un proyecto de acuerdo transversal de senadoras y senadores que busca crear una&nbsp;Comisi\u00f3n de&nbsp;Seguridad y&nbsp;Soberan\u00eda&nbsp;Alimentaria.&nbsp;<\/p>\n\n\n\n<p>\u201cVamos a trabajar bimensualmente, a cargo del subsecretario Guajardo y queremos que participe el&nbsp;Banco del Estado, el&nbsp;Ministerio de Hacienda y muchos actores de la agricultura, para tomarse en serio este viraje estructural que necesitamos despu\u00e9s de las consecuencias de la pandemia y de la crisis alimentaria que se vive a escala planetaria\u201d. As\u00ed el ministro de Agricultura, Esteban Valenzuela destac\u00f3 este proyecto que busca la participaci\u00f3n de distintos estamentos para asegurar la soberan\u00eda y seguridad alimentaria. &nbsp;&nbsp;<\/p>\n\n\n\n<p>El plan entregado por el senador de la regi\u00f3n de Los R\u00edos, Iv\u00e1n Flores, busca generar herramientas para fortalecer la producci\u00f3n nacional y evitar el desabastecimiento de productos esenciales para la ciudadan\u00eda.&nbsp;<\/p>\n\n\n\n<p>Flores detall\u00f3 que \u201cdesde el&nbsp;Senado le propusimos formalmente al ministro de Agricultura la conformaci\u00f3n de un comit\u00e9 que apunte directamente, no solo a la urgencia de enfrentar la disponibilidad de alimentos a un precio razonable para la familia chilena, sino que, adem\u00e1s, lo fu\u00e9ramos pensando en t\u00e9rminos estructurales en nuestra capacidad productiva\u201d. &nbsp;<\/p>\n\n\n\n<p>El ministro Valenzuela destac\u00f3 la iniciativa y dijo que \u201cel senador Flores ha hecho un esfuerzo enorme por articular un proyecto de acuerdo transversal de senadoras y senadores que nos conminan a crear una&nbsp;Comisi\u00f3n deSeguridad&nbsp;Alimentaria, que hemos acordado complementarla con soberan\u00eda alimentaria, como nos ha pedido elPresidente Boric en las tareas estructurales del&nbsp;Ministerio de Agricultura junto a la sustentabilidad\u201d.&nbsp;<\/p>\n\n\n\n<p>Por su parte, el representante del senado tambi\u00e9n reconoci\u00f3 la buena recepci\u00f3n de parte del Ministerio. \u201cEn este sentido, la voluntad del ministro super\u00f3 las expectativas, primero, porque recoge lo que, desde el&nbsp;Senado, en una propuesta un\u00e1nime y transversal plantamos como un&nbsp;Comit\u00e9 de&nbsp;Estrategia&nbsp;Alimentaria, sino que, adem\u00e1s, le hemos agregado el t\u00e9rmino de soberan\u00eda (\u2026) La cuesti\u00f3n se trata de asegurarle el alimento, el buen alimento b\u00e1sico a la familia chilena, pero tambi\u00e9n sustentarlo en producci\u00f3n nacional. Desde ese punto de vista el ministro ha aceptado la formaci\u00f3n de este grupo con representaciones amplias que el propio ministerio ir\u00e1 definiendo. El ministerio de Hacienda es clave, el BancoEstado es clave\u201d.&nbsp;<\/p>\n","protected":false},"excerpt":{"rendered":"<div class=\"pvc_clear\"><\/div>\n<p id=\"pvc_stats_31029\" class=\"pvc_stats total_only  \" data-element-id=\"31029\" style=\"\"><i class=\"pvc-stats-icon large\" aria-hidden=\"true\"><svg aria-hidden=\"true\" focusable=\"false\" data-prefix=\"far\" data-icon=\"chart-bar\" role=\"img\" xmlns=\"http:\/\/www.w3.org\/2000\/svg\" viewBox=\"0 0 512 512\" class=\"svg-inline--fa fa-chart-bar fa-w-16 fa-2x\"><path fill=\"currentColor\" d=\"M396.8 352h22.4c6.4 0 12.8-6.4 12.8-12.8V108.8c0-6.4-6.4-12.8-12.8-12.8h-22.4c-6.4 0-12.8 6.4-12.8 12.8v230.4c0 6.4 6.4 12.8 12.8 12.8zm-192 0h22.4c6.4 0 12.8-6.4 12.8-12.8V140.8c0-6.4-6.4-12.8-12.8-12.8h-22.4c-6.4 0-12.8 6.4-12.8 12.8v198.4c0 6.4 6.4 12.8 12.8 12.8zm96 0h22.4c6.4 0 12.8-6.4 12.8-12.8V204.8c0-6.4-6.4-12.8-12.8-12.8h-22.4c-6.4 0-12.8 6.4-12.8 12.8v134.4c0 6.4 6.4 12.8 12.8 12.8zM496 400H48V80c0-8.84-7.16-16-16-16H16C7.16 64 0 71.16 0 80v336c0 17.67 14.33 32 32 32h464c8.84 0 16-7.16 16-16v-16c0-8.84-7.16-16-16-16zm-387.2-48h22.4c6.4 0 12.8-6.4 12.8-12.8v-70.4c0-6.4-6.4-12.8-12.8-12.8h-22.4c-6.4 0-12.8 6.4-12.8 12.8v70.4c0 6.4 6.4 12.8 12.8 12.8z\" class=\"\"><\/path><\/svg><\/i> <img loading=\"lazy\" decoding=\"async\" width=\"16\" height=\"16\" alt=\"Loading\" src=\"https:\/\/temucotelevision.cl\/web\/wp-content\/plugins\/page-views-count\/ajax-loader-2x.gif\" border=0 \/><\/p>\n<div class=\"pvc_clear\"><\/div>\n<p>La autoridad del agro destac\u00f3 el esfuerzo del senador Iv\u00e1n Flores para articular un proyecto de acuerdo transversal de senadoras<\/p>\n","protected":false},"author":1,"featured_media":31030,"comment_status":"open","ping_status":"open","sticky":false,"template":"","format":"standard","meta":{"colormag_page_container_layout":"default_layout","colormag_page_sidebar_layout":"default_layout","footnotes":""},"categories":[18,14],"tags":[319,738,318,399,5209],"class_list":["post-31029","post","type-post","status-publish","format-standard","has-post-thumbnail","hentry","category-nacional","category-temuco","tag-agricultura","tag-comite","tag-ministro","tag-seguridad","tag-soberania"],"a3_pvc":{"activated":true,"total_views":44,"today_views":0},"_links":{"self":[{"href":"https:\/\/temucotelevision.cl\/web\/wp-json\/wp\/v2\/posts\/31029","targetHints":{"allow":["GET"]}}],"collection":[{"href":"https:\/\/temucotelevision.cl\/web\/wp-json\/wp\/v2\/posts"}],"about":[{"href":"https:\/\/temucotelevision.cl\/web\/wp-json\/wp\/v2\/types\/post"}],"author":[{"embeddable":true,"href":"https:\/\/temucotelevision.cl\/web\/wp-json\/wp\/v2\/users\/1"}],"replies":[{"embeddable":true,"href":"https:\/\/temucotelevision.cl\/web\/wp-json\/wp\/v2\/comments?post=31029"}],"version-history":[{"count":1,"href":"https:\/\/temucotelevision.cl\/web\/wp-json\/wp\/v2\/posts\/31029\/revisions"}],"predecessor-version":[{"id":31031,"href":"https:\/\/temucotelevision.cl\/web\/wp-json\/wp\/v2\/posts\/31029\/revisions\/31031"}],"wp:featuredmedia":[{"embeddable":true,"href":"https:\/\/temucotelevision.cl\/web\/wp-json\/wp\/v2\/media\/31030"}],"wp:attachment":[{"href":"https:\/\/temucotelevision.cl\/web\/wp-json\/wp\/v2\/media?parent=31029"}],"wp:term":[{"taxonomy":"category","embeddable":true,"href":"https:\/\/temucotelevision.cl\/web\/wp-json\/wp\/v2\/categories?post=31029"},{"taxonomy":"post_tag","embeddable":true,"href":"https:\/\/temucotelevision.cl\/web\/wp-json\/wp\/v2\/tags?post=31029"}],"curies":[{"name":"wp","href":"https:\/\/api.w.org\/{rel}","templated":true}]}}