{"id":31006,"date":"2022-04-12T13:35:13","date_gmt":"2022-04-12T16:35:13","guid":{"rendered":"https:\/\/temucotelevision.cl\/web\/?p=31006"},"modified":"2022-04-12T13:35:14","modified_gmt":"2022-04-12T16:35:14","slug":"en-el-mes-del-libro-editorial-pehuen-tiene-todos-sus-textos-con-un-20-de-descuento","status":"publish","type":"post","link":"https:\/\/temucotelevision.cl\/web\/2022\/04\/12\/en-el-mes-del-libro-editorial-pehuen-tiene-todos-sus-textos-con-un-20-de-descuento\/","title":{"rendered":"En el Mes del Libro Editorial Pehu\u00e9n tiene todos sus textos con un 20% de descuento"},"content":{"rendered":"<div class=\"pvc_clear\"><\/div><p id=\"pvc_stats_31006\" class=\"pvc_stats total_only  \" data-element-id=\"31006\" style=\"\"><i class=\"pvc-stats-icon large\" aria-hidden=\"true\"><svg aria-hidden=\"true\" focusable=\"false\" data-prefix=\"far\" data-icon=\"chart-bar\" role=\"img\" xmlns=\"http:\/\/www.w3.org\/2000\/svg\" viewBox=\"0 0 512 512\" class=\"svg-inline--fa fa-chart-bar fa-w-16 fa-2x\"><path fill=\"currentColor\" d=\"M396.8 352h22.4c6.4 0 12.8-6.4 12.8-12.8V108.8c0-6.4-6.4-12.8-12.8-12.8h-22.4c-6.4 0-12.8 6.4-12.8 12.8v230.4c0 6.4 6.4 12.8 12.8 12.8zm-192 0h22.4c6.4 0 12.8-6.4 12.8-12.8V140.8c0-6.4-6.4-12.8-12.8-12.8h-22.4c-6.4 0-12.8 6.4-12.8 12.8v198.4c0 6.4 6.4 12.8 12.8 12.8zm96 0h22.4c6.4 0 12.8-6.4 12.8-12.8V204.8c0-6.4-6.4-12.8-12.8-12.8h-22.4c-6.4 0-12.8 6.4-12.8 12.8v134.4c0 6.4 6.4 12.8 12.8 12.8zM496 400H48V80c0-8.84-7.16-16-16-16H16C7.16 64 0 71.16 0 80v336c0 17.67 14.33 32 32 32h464c8.84 0 16-7.16 16-16v-16c0-8.84-7.16-16-16-16zm-387.2-48h22.4c6.4 0 12.8-6.4 12.8-12.8v-70.4c0-6.4-6.4-12.8-12.8-12.8h-22.4c-6.4 0-12.8 6.4-12.8 12.8v70.4c0 6.4 6.4 12.8 12.8 12.8z\" class=\"\"><\/path><\/svg><\/i> <img loading=\"lazy\" decoding=\"async\" width=\"16\" height=\"16\" alt=\"Loading\" src=\"https:\/\/temucotelevision.cl\/web\/wp-content\/plugins\/page-views-count\/ajax-loader-2x.gif\" border=0 \/><\/p><div class=\"pvc_clear\"><\/div>\n<p class=\"wp-block-paragraph\"><strong><em>Durante el mes de abril adem\u00e1s, Pehu\u00e9n recomienda dos textos para ni\u00f1os y adultos interesados en conocer m\u00e1s sobre la ciencia y los or\u00edgenes de muchas de las palabras que usamos a diario.<\/em><\/strong><\/p>\n\n\n\n<p class=\"wp-block-paragraph\">Para celebrar en grande el Mes del Libro, Editorial Pehu\u00e9n ofrece toda su colecci\u00f3n con un 20% de descuento en la tienda f\u00edsica y online. Asimismo, como parte de esta conmemoraci\u00f3n, Pehu\u00e9n destaca los libros \u201c<strong>El fant\u00e1stico mundo de los elementos. La tabla peri\u00f3dica como nunca la imaginaste\u201d&nbsp;<\/strong>de Bunpei Yorifuji y<strong>&nbsp;\u201cLa ra\u00edz\u201d<\/strong>&nbsp;de Fita Frattini.<\/p>\n\n\n\n<p class=\"wp-block-paragraph\">En \u201c<strong>El fant\u00e1stico mundo de los elementos. La tabla peri\u00f3dica como nunca la imaginaste\u201d<\/strong>, el brillante artista japon\u00e9s, Bunpei Yorifuji, presenta una gu\u00eda ilustrada de la tabla peri\u00f3dica, con un nuevo rostro, mucho m\u00e1s amigable y cercana para ni\u00f1os y j\u00f3venes desde los 12 a\u00f1os.<\/p>\n\n\n\n<p class=\"wp-block-paragraph\">En esta especial tabla peri\u00f3dica, cada elemento est\u00e1 representado con una personalidad propia y una actitud y un estilo que permite reflejar sus propiedades qu\u00edmicas, sus atributos y cu\u00e1nto tiempo pas\u00f3 desde que fue descubierto. As\u00ed por ejemplo, los elementos pesados son m\u00e1s robustos, los elementos creados por el hombre son robots y los gases nobles lucen impresionantes afros.<\/p>\n\n\n\n<p class=\"wp-block-paragraph\"><strong>Para conocer m\u00e1s sobre el fant\u00e1stico mundo de los elementos, haz click&nbsp;<a href=\"https:\/\/trackercl1.fidelizador.com\/L107FAB3EGA9DAD8A0HD7FB56A5JD7625E2874K107FAB3E944A51175AFA40A064FE&amp;t=3981\" target=\"_blank\" rel=\"noreferrer noopener\">aqu\u00ed<\/a><\/strong><\/p>\n\n\n\n<p class=\"wp-block-paragraph\">Por su parte,&nbsp;<strong>\u201cLa ra\u00edz\u201d<\/strong>&nbsp;de Fita Frattini realiza un recorrido por nuestros pueblos originarios para mostrar, a trav\u00e9s de sus im\u00e1genes, algunas de las palabras que est\u00e1n integradas desde tiempos remotos en nuestro vocabulario y que no tienen una procedencia espa\u00f1ola, sino de los idiomas aymara, quechua o mapudungun.<\/p>\n\n\n\n<p class=\"wp-block-paragraph\">Sin dudas,\u00a0<strong>\u201cLa Ra\u00edz\u201d<\/strong>\u00a0es un aporte para reconocer nuestro origen plurinacional y al mismo tiempo aprender m\u00e1s sobre la forma en la que se comunicaban los pueblos originarios al momento de la llegada de los conquistadores. Palabras como choclo, pich\u00ed, pi\u00f1\u00e9n, guagua, pololo, chape, humita o combo, son algunos ejemplos que se pueden apreciar en este libro, que gracias a su contenido y llamativos colores, despiertan la curiosidad de grande<\/p>\n\n\n\n<p class=\"wp-block-paragraph\">En esta especial tabla peri\u00f3dica, cada elemento est\u00e1 representado con una personalidad propia y una actitud y un estilo que permite reflejar sus propiedades qu\u00edmicas, sus atributos y cu\u00e1nto tiempo pas\u00f3 desde que fue descubierto. As\u00ed por ejemplo, los elementos pesados son m\u00e1s robustos, los elementos creados por el hombre son robots y los gases nobles lucen impresionantes afros.<\/p>\n\n\n\n<p class=\"wp-block-paragraph\"><strong>Para conocer m\u00e1s sobre el fant\u00e1stico mundo de los elementos, haz click&nbsp;<a href=\"https:\/\/trackercl1.fidelizador.com\/L107FAB3EGA9DAD8A0HD7FB56A5JD7625E2874K107FAB3E944A51175AFA40A064FE&amp;t=3981\" target=\"_blank\" rel=\"noreferrer noopener\">aqu\u00ed<\/a><\/strong><\/p>\n\n\n\n<p class=\"wp-block-paragraph\">Por su parte,&nbsp;<strong>\u201cLa ra\u00edz\u201d<\/strong>&nbsp;de Fita Frattini realiza un recorrido por nuestros pueblos originarios para mostrar, a trav\u00e9s de sus im\u00e1genes, algunas de las palabras que est\u00e1n integradas desde tiempos remotos en nuestro vocabulario y que no tienen una procedencia espa\u00f1ola, sino de los idiomas aymara, quechua o mapudungun.<\/p>\n\n\n\n<p class=\"wp-block-paragraph\">Sin dudas,&nbsp;<strong>\u201cLa Ra\u00edz\u201d<\/strong>&nbsp;es un aporte para reconocer nuestro origen plurinacional y al mismo tiempo aprender m\u00e1s sobre la forma en la que se comunicaban los pueblos originarios al momento de la llegada de los conquistadores. Palabras como choclo, pich\u00ed, pi\u00f1\u00e9n, guagua, pololo, chape, humita o combo, son algunos ejemplos que se pueden apreciar en este libro, que gracias a su contenido y llamativos colores, despiertan la curiosidad de grandes y peque\u00f1os.<\/p>\n\n\n\n<p class=\"wp-block-paragraph\"><strong>Para conocer m\u00e1s sobre &#8220;La Ra\u00edz&#8221; haz click&nbsp;<a href=\"https:\/\/trackercl1.fidelizador.com\/L107FAB3EGA9DAD8A0HD7FB56A5JD7625E28E7K107FAB3E944A51175AFA40A064FE&amp;t=3981\" target=\"_blank\" rel=\"noreferrer noopener\">aqu\u00ed<\/a><\/strong><\/p>\n\n\n\n<p class=\"wp-block-paragraph\">El 20% de descuento ser\u00e1 v\u00e1lido en todas las compras por el mes de abril, tanto en la tienda online como en la presencial, ubicada en Brown Norte 417, \u00d1u\u00f1oa, de lunes a viernes, de 9:30 a 17:30 horas.<\/p>\n\n\n\n<p class=\"wp-block-paragraph\">Encuentra estos libros en el sitio web de Pehu\u00e9n\u00a0<a rel=\"noreferrer noopener\" href=\"https:\/\/trackercl1.fidelizador.com\/L107FAB3EGA9DAD8A0HD7FB56A5JD7625E28E2K107FAB3E944A51175AFA40A064FE&amp;t=3981\" target=\"_blank\">www.pehuen.cl<\/a><a rel=\"noreferrer noopener\" href=\"https:\/\/trackercl1.fidelizador.com\/L107FAB3EGA9DAD8A0HD7FB56A5JD7625E2DF9K107FAB3E944A51175AFA40A064FE&amp;t=3981\" target=\"_blank\">\u00a0<\/a><\/p>\n\n\n\n<p class=\"wp-block-paragraph\"><\/p>\n\n\n\n<figure class=\"wp-block-image\"><img decoding=\"async\" src=\"https:\/\/ci5.googleusercontent.com\/proxy\/S72pY9ib1SqDZ463T83CECrmbzwHQKam20PqzdwYwtmwB0hF3YdbweUlz6CBIymbQINLyA6azk6TuTs28JxveYRtAXC5bGIYBUz6BPHAHn-iMHis7isifcRs=s0-d-e1-ft#https:\/\/staticcl1.fidelizador.com\/voorus\/Barbara\/tabla%20periodica.jpeg\" alt=\"\"\/><\/figure>\n\n\n\n<figure class=\"wp-block-table\"><table><tbody><tr><td>&nbsp;<\/td><\/tr><\/tbody><\/table><\/figure>\n","protected":false},"excerpt":{"rendered":"<div class=\"pvc_clear\"><\/div>\n<p id=\"pvc_stats_31006\" class=\"pvc_stats total_only  \" data-element-id=\"31006\" style=\"\"><i class=\"pvc-stats-icon large\" aria-hidden=\"true\"><svg aria-hidden=\"true\" focusable=\"false\" data-prefix=\"far\" data-icon=\"chart-bar\" role=\"img\" xmlns=\"http:\/\/www.w3.org\/2000\/svg\" viewBox=\"0 0 512 512\" class=\"svg-inline--fa fa-chart-bar fa-w-16 fa-2x\"><path fill=\"currentColor\" d=\"M396.8 352h22.4c6.4 0 12.8-6.4 12.8-12.8V108.8c0-6.4-6.4-12.8-12.8-12.8h-22.4c-6.4 0-12.8 6.4-12.8 12.8v230.4c0 6.4 6.4 12.8 12.8 12.8zm-192 0h22.4c6.4 0 12.8-6.4 12.8-12.8V140.8c0-6.4-6.4-12.8-12.8-12.8h-22.4c-6.4 0-12.8 6.4-12.8 12.8v198.4c0 6.4 6.4 12.8 12.8 12.8zm96 0h22.4c6.4 0 12.8-6.4 12.8-12.8V204.8c0-6.4-6.4-12.8-12.8-12.8h-22.4c-6.4 0-12.8 6.4-12.8 12.8v134.4c0 6.4 6.4 12.8 12.8 12.8zM496 400H48V80c0-8.84-7.16-16-16-16H16C7.16 64 0 71.16 0 80v336c0 17.67 14.33 32 32 32h464c8.84 0 16-7.16 16-16v-16c0-8.84-7.16-16-16-16zm-387.2-48h22.4c6.4 0 12.8-6.4 12.8-12.8v-70.4c0-6.4-6.4-12.8-12.8-12.8h-22.4c-6.4 0-12.8 6.4-12.8 12.8v70.4c0 6.4 6.4 12.8 12.8 12.8z\" class=\"\"><\/path><\/svg><\/i> <img loading=\"lazy\" decoding=\"async\" width=\"16\" height=\"16\" alt=\"Loading\" src=\"https:\/\/temucotelevision.cl\/web\/wp-content\/plugins\/page-views-count\/ajax-loader-2x.gif\" border=0 \/><\/p>\n<div class=\"pvc_clear\"><\/div>\n<p>Durante el mes de abril adem\u00e1s, Pehu\u00e9n recomienda dos textos para ni\u00f1os y adultos interesados en conocer m\u00e1s sobre la<\/p>\n","protected":false},"author":1,"featured_media":31007,"comment_status":"open","ping_status":"open","sticky":false,"template":"","format":"standard","meta":{"colormag_page_container_layout":"default_layout","colormag_page_sidebar_layout":"default_layout","advanced_seo_description":"","jetpack_seo_html_title":"","jetpack_seo_noindex":false,"jetpack_seo_schema_type":"","_jetpack_newsletter_access":"","_jetpack_dont_email_post_to_subs":false,"_jetpack_newsletter_tier_id":0,"_jetpack_memberships_contains_paywalled_content":false,"_jetpack_feature_clip_id":0,"_jetpack_memberships_contains_paid_content":false,"footnotes":"","jetpack_publicize_message":"","jetpack_publicize_feature_enabled":true,"jetpack_social_post_already_shared":false,"jetpack_social_options":{"image_generator_settings":{"template":"highway","default_image_id":0,"font":"","enabled":false},"version":2},"jetpack_post_was_ever_published":false},"categories":[86],"tags":[],"class_list":["post-31006","post","type-post","status-publish","format-standard","has-post-thumbnail","hentry","category-panoramas"],"a3_pvc":{"activated":true,"total_views":72,"today_views":0},"jetpack_publicize_connections":[],"jetpack_sharing_enabled":true,"jetpack_likes_enabled":true,"jetpack_featured_media_url":"https:\/\/temucotelevision.cl\/web\/wp-content\/uploads\/2022\/04\/unnamed-15.jpg","_links":{"self":[{"href":"https:\/\/temucotelevision.cl\/web\/wp-json\/wp\/v2\/posts\/31006","targetHints":{"allow":["GET"]}}],"collection":[{"href":"https:\/\/temucotelevision.cl\/web\/wp-json\/wp\/v2\/posts"}],"about":[{"href":"https:\/\/temucotelevision.cl\/web\/wp-json\/wp\/v2\/types\/post"}],"author":[{"embeddable":true,"href":"https:\/\/temucotelevision.cl\/web\/wp-json\/wp\/v2\/users\/1"}],"replies":[{"embeddable":true,"href":"https:\/\/temucotelevision.cl\/web\/wp-json\/wp\/v2\/comments?post=31006"}],"version-history":[{"count":2,"href":"https:\/\/temucotelevision.cl\/web\/wp-json\/wp\/v2\/posts\/31006\/revisions"}],"predecessor-version":[{"id":31009,"href":"https:\/\/temucotelevision.cl\/web\/wp-json\/wp\/v2\/posts\/31006\/revisions\/31009"}],"wp:featuredmedia":[{"embeddable":true,"href":"https:\/\/temucotelevision.cl\/web\/wp-json\/wp\/v2\/media\/31007"}],"wp:attachment":[{"href":"https:\/\/temucotelevision.cl\/web\/wp-json\/wp\/v2\/media?parent=31006"}],"wp:term":[{"taxonomy":"category","embeddable":true,"href":"https:\/\/temucotelevision.cl\/web\/wp-json\/wp\/v2\/categories?post=31006"},{"taxonomy":"post_tag","embeddable":true,"href":"https:\/\/temucotelevision.cl\/web\/wp-json\/wp\/v2\/tags?post=31006"}],"curies":[{"name":"wp","href":"https:\/\/api.w.org\/{rel}","templated":true}]}}