{"id":31001,"date":"2022-04-12T12:48:37","date_gmt":"2022-04-12T15:48:37","guid":{"rendered":"https:\/\/temucotelevision.cl\/web\/?p=31001"},"modified":"2022-04-12T12:50:49","modified_gmt":"2022-04-12T15:50:49","slug":"aucan-huilcaman-y-cumbre-por-la-paz-esa-reunion-siendo-contraria-a-la-paz-no-es-mas-que-una-simple-peticion-de-recursos-economicos","status":"publish","type":"post","link":"https:\/\/temucotelevision.cl\/web\/2022\/04\/12\/aucan-huilcaman-y-cumbre-por-la-paz-esa-reunion-siendo-contraria-a-la-paz-no-es-mas-que-una-simple-peticion-de-recursos-economicos\/","title":{"rendered":"Auc\u00e1n Huilcam\u00e1n y Cumbre por La Paz: &#8220;Esa reuni\u00f3n siendo contraria a la Paz, no es m\u00e1s que una simple &#8220;petici\u00f3n de recursos econ\u00f3micos&#8221;"},"content":{"rendered":"<div class=\"pvc_clear\"><\/div><p id=\"pvc_stats_31001\" class=\"pvc_stats total_only  \" data-element-id=\"31001\" style=\"\"><i class=\"pvc-stats-icon large\" aria-hidden=\"true\"><svg aria-hidden=\"true\" focusable=\"false\" data-prefix=\"far\" data-icon=\"chart-bar\" role=\"img\" xmlns=\"http:\/\/www.w3.org\/2000\/svg\" viewBox=\"0 0 512 512\" class=\"svg-inline--fa fa-chart-bar fa-w-16 fa-2x\"><path fill=\"currentColor\" d=\"M396.8 352h22.4c6.4 0 12.8-6.4 12.8-12.8V108.8c0-6.4-6.4-12.8-12.8-12.8h-22.4c-6.4 0-12.8 6.4-12.8 12.8v230.4c0 6.4 6.4 12.8 12.8 12.8zm-192 0h22.4c6.4 0 12.8-6.4 12.8-12.8V140.8c0-6.4-6.4-12.8-12.8-12.8h-22.4c-6.4 0-12.8 6.4-12.8 12.8v198.4c0 6.4 6.4 12.8 12.8 12.8zm96 0h22.4c6.4 0 12.8-6.4 12.8-12.8V204.8c0-6.4-6.4-12.8-12.8-12.8h-22.4c-6.4 0-12.8 6.4-12.8 12.8v134.4c0 6.4 6.4 12.8 12.8 12.8zM496 400H48V80c0-8.84-7.16-16-16-16H16C7.16 64 0 71.16 0 80v336c0 17.67 14.33 32 32 32h464c8.84 0 16-7.16 16-16v-16c0-8.84-7.16-16-16-16zm-387.2-48h22.4c6.4 0 12.8-6.4 12.8-12.8v-70.4c0-6.4-6.4-12.8-12.8-12.8h-22.4c-6.4 0-12.8 6.4-12.8 12.8v70.4c0 6.4 6.4 12.8 12.8 12.8z\" class=\"\"><\/path><\/svg><\/i> <img loading=\"lazy\" decoding=\"async\" width=\"16\" height=\"16\" alt=\"Loading\" src=\"https:\/\/temucotelevision.cl\/web\/wp-content\/plugins\/page-views-count\/ajax-loader-2x.gif\" border=0 \/><\/p><div class=\"pvc_clear\"><\/div>\n<p>La denominada Cumbre por la Paz convocada por el gobernador Luciano Rivas, es una reuni\u00f3n aparente, tramposa y contraria a la Paz.<\/p>\n\n\n\n<p>Le recuerdo que el Gobernador Luciano Rivas y los Alcaldes de la Araucania, estuvieron a favor del &#8220;Estado de Excepci\u00f3n Constitucional&#8221; y la presencia militar es contraria a la Paz en cualquier parte del mundo.<\/p>\n\n\n\n<p>Esa reunion siendo contraria a la Paz, no es m\u00e1s que una simple &#8220;peticion de recursos econ\u00f3micos&#8221; al gobierno del presidente Gabriel Boric.<\/p>\n\n\n\n<p>Los denominados Alcaldes Mapuche, lamentablemente solo le queda el &#8220;rostro de Mapuche&#8221; y debieran avergonzarse, porque fueron c\u00f3mplices del fracaso del gobierno del presidente Sebastian Pi\u00f1era y c\u00f3mplices de la militarizaci\u00f3n.<\/p>\n\n\n\n<p>Este tipo de reuni\u00f3n solo se realizaba en el tiempo de la vigencia del Apartheid en Sud\u00e1frica, en la era de Nelson Mandela, en donde se utilizaba las instituciones para oprimir politica y militarmente al Pueblo de Sudafrica y para mantener la doctrina de la negaci\u00f3n, exactamente como ocurre con el Pueblo Mapuche en el Wallmapuche.<\/p>\n\n\n\n<p>El Gobernador y los Alcaldes de la Araucania, estan ensuciando el noble y valioso concepto y prop\u00f3sitos de la &#8220;Paz&#8221;. Le pido a todos ellos, por el verdadero sentido de la Paz, dejen enlodar ese concepto y esa valiosa practica de la Paz que tenemos que construir, una vez que se haya abordado la &#8220;Deuda Hist\u00f3rica&#8221; con el Pueblo Mapuche.<\/p>\n\n\n\n<p>Aucan Huilcaman<br>Encargado de las Relaciones Internacionales<br>Consejo de Todas las Tierras.<\/p>\n","protected":false},"excerpt":{"rendered":"<div class=\"pvc_clear\"><\/div>\n<p id=\"pvc_stats_31001\" class=\"pvc_stats total_only  \" data-element-id=\"31001\" style=\"\"><i class=\"pvc-stats-icon large\" aria-hidden=\"true\"><svg aria-hidden=\"true\" focusable=\"false\" data-prefix=\"far\" data-icon=\"chart-bar\" role=\"img\" xmlns=\"http:\/\/www.w3.org\/2000\/svg\" viewBox=\"0 0 512 512\" class=\"svg-inline--fa fa-chart-bar fa-w-16 fa-2x\"><path fill=\"currentColor\" d=\"M396.8 352h22.4c6.4 0 12.8-6.4 12.8-12.8V108.8c0-6.4-6.4-12.8-12.8-12.8h-22.4c-6.4 0-12.8 6.4-12.8 12.8v230.4c0 6.4 6.4 12.8 12.8 12.8zm-192 0h22.4c6.4 0 12.8-6.4 12.8-12.8V140.8c0-6.4-6.4-12.8-12.8-12.8h-22.4c-6.4 0-12.8 6.4-12.8 12.8v198.4c0 6.4 6.4 12.8 12.8 12.8zm96 0h22.4c6.4 0 12.8-6.4 12.8-12.8V204.8c0-6.4-6.4-12.8-12.8-12.8h-22.4c-6.4 0-12.8 6.4-12.8 12.8v134.4c0 6.4 6.4 12.8 12.8 12.8zM496 400H48V80c0-8.84-7.16-16-16-16H16C7.16 64 0 71.16 0 80v336c0 17.67 14.33 32 32 32h464c8.84 0 16-7.16 16-16v-16c0-8.84-7.16-16-16-16zm-387.2-48h22.4c6.4 0 12.8-6.4 12.8-12.8v-70.4c0-6.4-6.4-12.8-12.8-12.8h-22.4c-6.4 0-12.8 6.4-12.8 12.8v70.4c0 6.4 6.4 12.8 12.8 12.8z\" class=\"\"><\/path><\/svg><\/i> <img loading=\"lazy\" decoding=\"async\" width=\"16\" height=\"16\" alt=\"Loading\" src=\"https:\/\/temucotelevision.cl\/web\/wp-content\/plugins\/page-views-count\/ajax-loader-2x.gif\" border=0 \/><\/p>\n<div class=\"pvc_clear\"><\/div>\n<p>La denominada Cumbre por la Paz convocada por el gobernador Luciano Rivas, es una reuni\u00f3n aparente, tramposa y contraria a<\/p>\n","protected":false},"author":1,"featured_media":27055,"comment_status":"open","ping_status":"open","sticky":false,"template":"","format":"standard","meta":{"colormag_page_container_layout":"default_layout","colormag_page_sidebar_layout":"default_layout","footnotes":""},"categories":[15,84],"tags":[5205,829,2942,210,891],"class_list":["post-31001","post","type-post","status-publish","format-standard","has-post-thumbnail","hentry","category-la-araucania","category-politica","tag-economicos","tag-gobernador","tag-paz","tag-recursos","tag-reunion"],"a3_pvc":{"activated":true,"total_views":49,"today_views":0},"_links":{"self":[{"href":"https:\/\/temucotelevision.cl\/web\/wp-json\/wp\/v2\/posts\/31001","targetHints":{"allow":["GET"]}}],"collection":[{"href":"https:\/\/temucotelevision.cl\/web\/wp-json\/wp\/v2\/posts"}],"about":[{"href":"https:\/\/temucotelevision.cl\/web\/wp-json\/wp\/v2\/types\/post"}],"author":[{"embeddable":true,"href":"https:\/\/temucotelevision.cl\/web\/wp-json\/wp\/v2\/users\/1"}],"replies":[{"embeddable":true,"href":"https:\/\/temucotelevision.cl\/web\/wp-json\/wp\/v2\/comments?post=31001"}],"version-history":[{"count":4,"href":"https:\/\/temucotelevision.cl\/web\/wp-json\/wp\/v2\/posts\/31001\/revisions"}],"predecessor-version":[{"id":31005,"href":"https:\/\/temucotelevision.cl\/web\/wp-json\/wp\/v2\/posts\/31001\/revisions\/31005"}],"wp:featuredmedia":[{"embeddable":true,"href":"https:\/\/temucotelevision.cl\/web\/wp-json\/wp\/v2\/media\/27055"}],"wp:attachment":[{"href":"https:\/\/temucotelevision.cl\/web\/wp-json\/wp\/v2\/media?parent=31001"}],"wp:term":[{"taxonomy":"category","embeddable":true,"href":"https:\/\/temucotelevision.cl\/web\/wp-json\/wp\/v2\/categories?post=31001"},{"taxonomy":"post_tag","embeddable":true,"href":"https:\/\/temucotelevision.cl\/web\/wp-json\/wp\/v2\/tags?post=31001"}],"curies":[{"name":"wp","href":"https:\/\/api.w.org\/{rel}","templated":true}]}}