{"id":30997,"date":"2022-04-12T12:09:41","date_gmt":"2022-04-12T15:09:41","guid":{"rendered":"https:\/\/temucotelevision.cl\/web\/?p=30997"},"modified":"2022-04-12T12:09:42","modified_gmt":"2022-04-12T15:09:42","slug":"julian-lennon-estreno-dos-canciones-de-su-proximo-album-de-estudio-jude","status":"publish","type":"post","link":"https:\/\/temucotelevision.cl\/web\/2022\/04\/12\/julian-lennon-estreno-dos-canciones-de-su-proximo-album-de-estudio-jude\/","title":{"rendered":"Julian Lennon estren\u00f3 dos canciones de su pr\u00f3ximo \u00e1lbum de estudio &#8220;Jude&#8221; \u00a0"},"content":{"rendered":"<div class=\"pvc_clear\"><\/div><p id=\"pvc_stats_30997\" class=\"pvc_stats total_only  \" data-element-id=\"30997\" style=\"\"><i class=\"pvc-stats-icon large\" aria-hidden=\"true\"><svg aria-hidden=\"true\" focusable=\"false\" data-prefix=\"far\" data-icon=\"chart-bar\" role=\"img\" xmlns=\"http:\/\/www.w3.org\/2000\/svg\" viewBox=\"0 0 512 512\" class=\"svg-inline--fa fa-chart-bar fa-w-16 fa-2x\"><path fill=\"currentColor\" d=\"M396.8 352h22.4c6.4 0 12.8-6.4 12.8-12.8V108.8c0-6.4-6.4-12.8-12.8-12.8h-22.4c-6.4 0-12.8 6.4-12.8 12.8v230.4c0 6.4 6.4 12.8 12.8 12.8zm-192 0h22.4c6.4 0 12.8-6.4 12.8-12.8V140.8c0-6.4-6.4-12.8-12.8-12.8h-22.4c-6.4 0-12.8 6.4-12.8 12.8v198.4c0 6.4 6.4 12.8 12.8 12.8zm96 0h22.4c6.4 0 12.8-6.4 12.8-12.8V204.8c0-6.4-6.4-12.8-12.8-12.8h-22.4c-6.4 0-12.8 6.4-12.8 12.8v134.4c0 6.4 6.4 12.8 12.8 12.8zM496 400H48V80c0-8.84-7.16-16-16-16H16C7.16 64 0 71.16 0 80v336c0 17.67 14.33 32 32 32h464c8.84 0 16-7.16 16-16v-16c0-8.84-7.16-16-16-16zm-387.2-48h22.4c6.4 0 12.8-6.4 12.8-12.8v-70.4c0-6.4-6.4-12.8-12.8-12.8h-22.4c-6.4 0-12.8 6.4-12.8 12.8v70.4c0 6.4 6.4 12.8 12.8 12.8z\" class=\"\"><\/path><\/svg><\/i> <img loading=\"lazy\" decoding=\"async\" width=\"16\" height=\"16\" alt=\"Loading\" src=\"https:\/\/temucotelevision.cl\/web\/wp-content\/plugins\/page-views-count\/ajax-loader-2x.gif\" border=0 \/><\/p><div class=\"pvc_clear\"><\/div>\n<p><strong>estren\u00f3 dos canciones de su pr\u00f3ximo \u00e1lbum de estudio \u201cJUDE\u201d:<\/strong> <strong>\u201cEVERY LITTLE MOMENT\u201d Y \u201cFREEDOM\u201d<\/strong><\/p>\n\n\n\n<p>El cantautor nominado al Grammy, <strong>Julian Lennon<\/strong>, dio a conocer hoy 2 nuevas canciones de su s\u00e9ptimo \u00e1lbum de estudio <strong>\u201cJUDE\u201d<\/strong>: <strong><em>\u201cEvery Little Moment&#8217;<\/em><\/strong> y <strong><em>\u201cFreedom\u201d<\/em><\/strong>, que ya se encuentran disponibles en todas las plataformas digitales. <strong>\u201cJUDE\u201d<\/strong> saldr\u00e1 a la venta a finales de este a\u00f1o.<\/p>\n\n\n\n<p>El t\u00edtulo del \u00e1lbum, <strong><em>\u201cJUDE\u201d<\/em><\/strong>, es un gui\u00f1o a la legendaria canci\u00f3n <strong>&#8220;Hey Jude&#8221;<\/strong> de The Beatles, escrita por <strong>Paul McCartney<\/strong> para consolar a <strong>Julian<\/strong>, que en ese momento ten\u00eda 5 a\u00f1os, tras la separaci\u00f3n de sus padres.&nbsp; Originalmente escrita como &#8220;Hey Jules&#8221;, McCartney cambi\u00f3 \u201cJules\u201d por \u201cJude\u201d porque pens\u00f3 que sonaba mejor en la canci\u00f3n.&nbsp; La melod\u00eda se convirti\u00f3 en uno de los temas m\u00e1s exitosos de la banda, encabezando las listas de \u00e9xitos durante 19 semanas despu\u00e9s de su lanzamiento, y sigue siendo una de las favoritas del p\u00fablico en los conciertos de McCartney.&nbsp; Aunque habla de tener una relaci\u00f3n de amor\/odio con la canci\u00f3n, porque es un recuerdo de una \u00e9poca infeliz de su vida, est\u00e1 agradecido por el apoyo expresado a trav\u00e9s de la letra, y con los a\u00f1os, la canci\u00f3n se ha convertido en parte de su identidad personal.<\/p>\n\n\n\n<p><em>&#8220;Muchas de estas canciones se han estado preparando durante varios a\u00f1os, as\u00ed que casi se siente como un \u00e1lbum de madurez&#8221;,<\/em> dijo <strong>Lennon<\/strong>. <em>\u201cCon gran respeto por el abrumador significado de la canci\u00f3n escrita para m\u00ed, el t\u00edtulo <\/em><strong><em>JUDE<\/em><\/strong><em> transmite el viaje muy real de mi vida que representan estas canciones&#8221;.<\/em><\/p>\n\n\n\n<p>Julian Lennon y Justin Clayton comparten la producci\u00f3n del pr\u00f3ximo \u00e1lbum \u201c<strong>JUDE\u201d<\/strong>.&nbsp;<\/p>\n\n\n\n<p><strong>SOBRE JULIAN LENNON:<\/strong><\/p>\n\n\n\n<p><strong>Julian Lennon<\/strong> siempre ha sentido que ha observado la vida de manera diferente, quiz\u00e1s porque su camino por la vida ha sido muy inusual. Nada podr\u00eda ser m\u00e1s evidente, ya que revela al espectador su buen ojo para la composici\u00f3n y su don para capturar un momento \u00edntimo. Julian busca representar su viaje personal como artista en medio de experiencias de vida \u00fanicas.<\/p>\n\n\n\n<p>Nacido en Liverpool, Inglaterra, <strong>Julian Lennon<\/strong> comenz\u00f3 su trayectoria art\u00edstica a una edad temprana con un don inherente para tocar instrumentos musicales. Esas habilidades pronto se ampliar\u00edan a las artes visuales y cinematogr\u00e1ficas. Como observador de la vida en todas sus formas, Julian desarroll\u00f3 su expresi\u00f3n personal a trav\u00e9s de medios como la m\u00fasica, la realizaci\u00f3n de documentales, la filantrop\u00eda y la fotograf\u00eda.&nbsp;<\/p>\n\n\n\n<p>En 2015, a trav\u00e9s de The White Feather Foundation, <strong>Lennon<\/strong> lanz\u00f3 <strong><em>\u201cThe Cynthia Lennon Scholarship for Girls\u201d<\/em><\/strong>, un programa de becas para ni\u00f1as en Kenia.&nbsp; Desde entonces, la Fundaci\u00f3n ha concedido m\u00e1s de 40 becas a ni\u00f1as de toda \u00c1frica, y en 2021 ampli\u00f3 la beca a estudiantes de arte en Estados Unidos.&nbsp; En septiembre de 2020, Lennon fue galardonado con el <strong>premio CC Forum Philanthropy<\/strong> en M\u00f3naco. &nbsp; Ese mismo mes, fue homenajeado con el premio <strong>Cross-Cultural and Peace Crafter Award 2020 del Centro para la Paz de la UNESCO.<\/strong><\/p>\n\n\n\n<p>Como escritor, <strong>Lennon <\/strong>ha publicado varios libros, entre ellos la trilog\u00eda \u00e9xito de ventas del New York Times, \u201cTouch the Earth\u201d, \u201cHeal the Earth\u201d, y \u201cLove the Earth\u201d finalizada en 2019; y la novela gr\u00e1fica infantil \u201cThe Morning Tribe\u201d en 2021.&nbsp; Ese mismo a\u00f1o, <strong>Lennon <\/strong>tambi\u00e9n fue <strong>galardonado con el <\/strong><strong><em>\u201cWorld Literacy Award\u201d por su labor de promoci\u00f3n de la alfabetizaci\u00f3n a trav\u00e9s del WFF.<\/em><\/strong><\/p>\n\n\n\n<p><strong>Para obtener m\u00e1s informaci\u00f3n sobre la vida y la historia de Julian Lennon,&nbsp;<\/strong><\/p>\n\n\n\n<p><strong>visita su sitio oficial:<\/strong> <a href=\"https:\/\/www.julianlennon.com\/\" target=\"_blank\" rel=\"noreferrer noopener\">https:\/\/www.julianlennon.com\/ <\/a><\/p>\n\n\n\n<iframe loading=\"lazy\" width=\"560\" height=\"315\" src=\"https:\/\/www.youtube.com\/embed\/DOYklSVA4J0\" title=\"YouTube video player\" frameborder=\"0\" allow=\"accelerometer; autoplay; clipboard-write; encrypted-media; gyroscope; picture-in-picture\" allowfullscreen><\/iframe>\n\n\n\n<figure class=\"wp-block-embed is-type-wp-embed is-provider-julian-lennon wp-block-embed-julian-lennon\"><div class=\"wp-block-embed__wrapper\">\n<blockquote class=\"wp-embedded-content\" data-secret=\"8gK72RXFCn\"><a href=\"https:\/\/julianlennon.com\/\">Homepage<\/a><\/blockquote><iframe loading=\"lazy\" class=\"wp-embedded-content\" sandbox=\"allow-scripts\" security=\"restricted\" style=\"position: absolute; clip: rect(1px, 1px, 1px, 1px);\" title=\"&#8220;Homepage&#8221; &#8212; Julian Lennon\" src=\"https:\/\/julianlennon.com\/embed\/#?secret=8gK72RXFCn\" data-secret=\"8gK72RXFCn\" width=\"600\" height=\"338\" frameborder=\"0\" marginwidth=\"0\" marginheight=\"0\" scrolling=\"no\"><\/iframe>\n<\/div><\/figure>\n\n\n\n<iframe loading=\"lazy\" width=\"560\" height=\"315\" src=\"https:\/\/www.youtube.com\/embed\/VF8PGS-0Ylo\" title=\"YouTube video player\" frameborder=\"0\" allow=\"accelerometer; autoplay; clipboard-write; encrypted-media; gyroscope; picture-in-picture\" allowfullscreen><\/iframe>\n","protected":false},"excerpt":{"rendered":"<div class=\"pvc_clear\"><\/div>\n<p id=\"pvc_stats_30997\" class=\"pvc_stats total_only  \" data-element-id=\"30997\" style=\"\"><i class=\"pvc-stats-icon large\" aria-hidden=\"true\"><svg aria-hidden=\"true\" focusable=\"false\" data-prefix=\"far\" data-icon=\"chart-bar\" role=\"img\" xmlns=\"http:\/\/www.w3.org\/2000\/svg\" viewBox=\"0 0 512 512\" class=\"svg-inline--fa fa-chart-bar fa-w-16 fa-2x\"><path fill=\"currentColor\" d=\"M396.8 352h22.4c6.4 0 12.8-6.4 12.8-12.8V108.8c0-6.4-6.4-12.8-12.8-12.8h-22.4c-6.4 0-12.8 6.4-12.8 12.8v230.4c0 6.4 6.4 12.8 12.8 12.8zm-192 0h22.4c6.4 0 12.8-6.4 12.8-12.8V140.8c0-6.4-6.4-12.8-12.8-12.8h-22.4c-6.4 0-12.8 6.4-12.8 12.8v198.4c0 6.4 6.4 12.8 12.8 12.8zm96 0h22.4c6.4 0 12.8-6.4 12.8-12.8V204.8c0-6.4-6.4-12.8-12.8-12.8h-22.4c-6.4 0-12.8 6.4-12.8 12.8v134.4c0 6.4 6.4 12.8 12.8 12.8zM496 400H48V80c0-8.84-7.16-16-16-16H16C7.16 64 0 71.16 0 80v336c0 17.67 14.33 32 32 32h464c8.84 0 16-7.16 16-16v-16c0-8.84-7.16-16-16-16zm-387.2-48h22.4c6.4 0 12.8-6.4 12.8-12.8v-70.4c0-6.4-6.4-12.8-12.8-12.8h-22.4c-6.4 0-12.8 6.4-12.8 12.8v70.4c0 6.4 6.4 12.8 12.8 12.8z\" class=\"\"><\/path><\/svg><\/i> <img loading=\"lazy\" decoding=\"async\" width=\"16\" height=\"16\" alt=\"Loading\" src=\"https:\/\/temucotelevision.cl\/web\/wp-content\/plugins\/page-views-count\/ajax-loader-2x.gif\" border=0 \/><\/p>\n<div class=\"pvc_clear\"><\/div>\n<p>estren\u00f3 dos canciones de su pr\u00f3ximo \u00e1lbum de estudio \u201cJUDE\u201d: \u201cEVERY LITTLE MOMENT\u201d Y \u201cFREEDOM\u201d El cantautor nominado al Grammy,<\/p>\n","protected":false},"author":1,"featured_media":30998,"comment_status":"open","ping_status":"open","sticky":false,"template":"","format":"standard","meta":{"colormag_page_container_layout":"default_layout","colormag_page_sidebar_layout":"default_layout","footnotes":""},"categories":[369],"tags":[902,393,954],"class_list":["post-30997","post","type-post","status-publish","format-standard","has-post-thumbnail","hentry","category-musica","tag-album","tag-canciones","tag-estudio"],"a3_pvc":{"activated":true,"total_views":37,"today_views":0},"_links":{"self":[{"href":"https:\/\/temucotelevision.cl\/web\/wp-json\/wp\/v2\/posts\/30997","targetHints":{"allow":["GET"]}}],"collection":[{"href":"https:\/\/temucotelevision.cl\/web\/wp-json\/wp\/v2\/posts"}],"about":[{"href":"https:\/\/temucotelevision.cl\/web\/wp-json\/wp\/v2\/types\/post"}],"author":[{"embeddable":true,"href":"https:\/\/temucotelevision.cl\/web\/wp-json\/wp\/v2\/users\/1"}],"replies":[{"embeddable":true,"href":"https:\/\/temucotelevision.cl\/web\/wp-json\/wp\/v2\/comments?post=30997"}],"version-history":[{"count":1,"href":"https:\/\/temucotelevision.cl\/web\/wp-json\/wp\/v2\/posts\/30997\/revisions"}],"predecessor-version":[{"id":30999,"href":"https:\/\/temucotelevision.cl\/web\/wp-json\/wp\/v2\/posts\/30997\/revisions\/30999"}],"wp:featuredmedia":[{"embeddable":true,"href":"https:\/\/temucotelevision.cl\/web\/wp-json\/wp\/v2\/media\/30998"}],"wp:attachment":[{"href":"https:\/\/temucotelevision.cl\/web\/wp-json\/wp\/v2\/media?parent=30997"}],"wp:term":[{"taxonomy":"category","embeddable":true,"href":"https:\/\/temucotelevision.cl\/web\/wp-json\/wp\/v2\/categories?post=30997"},{"taxonomy":"post_tag","embeddable":true,"href":"https:\/\/temucotelevision.cl\/web\/wp-json\/wp\/v2\/tags?post=30997"}],"curies":[{"name":"wp","href":"https:\/\/api.w.org\/{rel}","templated":true}]}}