{"id":30995,"date":"2022-04-12T11:46:38","date_gmt":"2022-04-12T14:46:38","guid":{"rendered":"https:\/\/temucotelevision.cl\/web\/?p=30995"},"modified":"2022-04-12T11:46:38","modified_gmt":"2022-04-12T14:46:38","slug":"confederacion-de-transporte-de-carga-queremos-que-se-asegure-la-integridad-fisica-de-nuestros-conductores-para-poder-seguir-abasteciendo-al-pais-con-normalidad","status":"publish","type":"post","link":"https:\/\/temucotelevision.cl\/web\/2022\/04\/12\/confederacion-de-transporte-de-carga-queremos-que-se-asegure-la-integridad-fisica-de-nuestros-conductores-para-poder-seguir-abasteciendo-al-pais-con-normalidad\/","title":{"rendered":"Confederaci\u00f3n de Transporte de Carga:\u00a0\u201cQueremos que se asegure la integridad f\u00edsica de nuestros conductores para poder seguir abasteciendo al pa\u00eds con normalidad\u201d"},"content":{"rendered":"<div class=\"pvc_clear\"><\/div><p id=\"pvc_stats_30995\" class=\"pvc_stats total_only  \" data-element-id=\"30995\" style=\"\"><i class=\"pvc-stats-icon large\" aria-hidden=\"true\"><svg aria-hidden=\"true\" focusable=\"false\" data-prefix=\"far\" data-icon=\"chart-bar\" role=\"img\" xmlns=\"http:\/\/www.w3.org\/2000\/svg\" viewBox=\"0 0 512 512\" class=\"svg-inline--fa fa-chart-bar fa-w-16 fa-2x\"><path fill=\"currentColor\" d=\"M396.8 352h22.4c6.4 0 12.8-6.4 12.8-12.8V108.8c0-6.4-6.4-12.8-12.8-12.8h-22.4c-6.4 0-12.8 6.4-12.8 12.8v230.4c0 6.4 6.4 12.8 12.8 12.8zm-192 0h22.4c6.4 0 12.8-6.4 12.8-12.8V140.8c0-6.4-6.4-12.8-12.8-12.8h-22.4c-6.4 0-12.8 6.4-12.8 12.8v198.4c0 6.4 6.4 12.8 12.8 12.8zm96 0h22.4c6.4 0 12.8-6.4 12.8-12.8V204.8c0-6.4-6.4-12.8-12.8-12.8h-22.4c-6.4 0-12.8 6.4-12.8 12.8v134.4c0 6.4 6.4 12.8 12.8 12.8zM496 400H48V80c0-8.84-7.16-16-16-16H16C7.16 64 0 71.16 0 80v336c0 17.67 14.33 32 32 32h464c8.84 0 16-7.16 16-16v-16c0-8.84-7.16-16-16-16zm-387.2-48h22.4c6.4 0 12.8-6.4 12.8-12.8v-70.4c0-6.4-6.4-12.8-12.8-12.8h-22.4c-6.4 0-12.8 6.4-12.8 12.8v70.4c0 6.4 6.4 12.8 12.8 12.8z\" class=\"\"><\/path><\/svg><\/i> <img loading=\"lazy\" decoding=\"async\" width=\"16\" height=\"16\" alt=\"Loading\" src=\"https:\/\/temucotelevision.cl\/web\/wp-content\/plugins\/page-views-count\/ajax-loader-2x.gif\" border=0 \/><\/p><div class=\"pvc_clear\"><\/div>\n<ul class=\"wp-block-list\"><li>Desde la CNTC Chile expresaron que se necesita una coordinaci\u00f3n entre los distintos poderes del Estado para buscar soluciones al problema del terrorismo en la macrozona sur. Tambi\u00e9n hacen un llamado para que se reestablezca el Estado de Excepci\u00f3n en La Araucan\u00eda y Provincia de Arauco.<\/li><\/ul>\n\n\n\n<p>Tras la seguidilla de atentados incendiarios que han involucrado a camiones y maquinaria forestal, en la Confederaci\u00f3n de Transporte de Carga (CNTC Chile) manifestaron su preocupaci\u00f3n por los niveles de violencia que hoy afectan a los conductores que transitan por la macrozona sur.&nbsp;<\/p>\n\n\n\n<p>Sergio P\u00e9rez, presidente de la CNTC Chile, se\u00f1ala que, frente al aumento de los ataques terroristas que ocurren a diario en las distintas rutas, es imposible que los camioneros trabajen con normalidad. \u201cQueremos que se asegure la integridad f\u00edsica de nuestros conductores para poder seguir abasteciendo al pa\u00eds\u201d, indic\u00f3.&nbsp;<\/p>\n\n\n\n<p>\u201cVemos con preocupaci\u00f3n las se\u00f1ales que han dado en el gobierno, ya que han insistido en dialogar con gente que amenaza, que entrega ultim\u00e1tums y que pone la pistola sobre la mesa. Ac\u00e1 lo importante es que se restablezca el estado de derecho y no darles espacio a grupos armados\u201d, enfatiz\u00f3.&nbsp;<\/p>\n\n\n\n<p>\u201cEsperamos que los distintos poderes del Estado se logren coordinar y busquen soluciones conjuntas al problema del terrorismo que hoy nos afecta. Creemos que un primer paso ser\u00eda reestablecer el Estado de Excepci\u00f3n, ya que desde que lo retiraron ha habido m\u00e1s de 80 atentados\u201d, finaliz\u00f3.&nbsp;<\/p>\n","protected":false},"excerpt":{"rendered":"<div class=\"pvc_clear\"><\/div>\n<p id=\"pvc_stats_30995\" class=\"pvc_stats total_only  \" data-element-id=\"30995\" style=\"\"><i class=\"pvc-stats-icon large\" aria-hidden=\"true\"><svg aria-hidden=\"true\" focusable=\"false\" data-prefix=\"far\" data-icon=\"chart-bar\" role=\"img\" xmlns=\"http:\/\/www.w3.org\/2000\/svg\" viewBox=\"0 0 512 512\" class=\"svg-inline--fa fa-chart-bar fa-w-16 fa-2x\"><path fill=\"currentColor\" d=\"M396.8 352h22.4c6.4 0 12.8-6.4 12.8-12.8V108.8c0-6.4-6.4-12.8-12.8-12.8h-22.4c-6.4 0-12.8 6.4-12.8 12.8v230.4c0 6.4 6.4 12.8 12.8 12.8zm-192 0h22.4c6.4 0 12.8-6.4 12.8-12.8V140.8c0-6.4-6.4-12.8-12.8-12.8h-22.4c-6.4 0-12.8 6.4-12.8 12.8v198.4c0 6.4 6.4 12.8 12.8 12.8zm96 0h22.4c6.4 0 12.8-6.4 12.8-12.8V204.8c0-6.4-6.4-12.8-12.8-12.8h-22.4c-6.4 0-12.8 6.4-12.8 12.8v134.4c0 6.4 6.4 12.8 12.8 12.8zM496 400H48V80c0-8.84-7.16-16-16-16H16C7.16 64 0 71.16 0 80v336c0 17.67 14.33 32 32 32h464c8.84 0 16-7.16 16-16v-16c0-8.84-7.16-16-16-16zm-387.2-48h22.4c6.4 0 12.8-6.4 12.8-12.8v-70.4c0-6.4-6.4-12.8-12.8-12.8h-22.4c-6.4 0-12.8 6.4-12.8 12.8v70.4c0 6.4 6.4 12.8 12.8 12.8z\" class=\"\"><\/path><\/svg><\/i> <img loading=\"lazy\" decoding=\"async\" width=\"16\" height=\"16\" alt=\"Loading\" src=\"https:\/\/temucotelevision.cl\/web\/wp-content\/plugins\/page-views-count\/ajax-loader-2x.gif\" border=0 \/><\/p>\n<div class=\"pvc_clear\"><\/div>\n<p>Desde la CNTC Chile expresaron que se necesita una coordinaci\u00f3n entre los distintos poderes del Estado para buscar soluciones al<\/p>\n","protected":false},"author":1,"featured_media":18723,"comment_status":"open","ping_status":"open","sticky":false,"template":"","format":"standard","meta":{"colormag_page_container_layout":"default_layout","colormag_page_sidebar_layout":"default_layout","footnotes":""},"categories":[18,14],"tags":[2318,236,3418,706],"class_list":["post-30995","post","type-post","status-publish","format-standard","has-post-thumbnail","hentry","category-nacional","category-temuco","tag-abastecimiento","tag-camiones","tag-carga","tag-transporte"],"a3_pvc":{"activated":true,"total_views":29,"today_views":0},"_links":{"self":[{"href":"https:\/\/temucotelevision.cl\/web\/wp-json\/wp\/v2\/posts\/30995","targetHints":{"allow":["GET"]}}],"collection":[{"href":"https:\/\/temucotelevision.cl\/web\/wp-json\/wp\/v2\/posts"}],"about":[{"href":"https:\/\/temucotelevision.cl\/web\/wp-json\/wp\/v2\/types\/post"}],"author":[{"embeddable":true,"href":"https:\/\/temucotelevision.cl\/web\/wp-json\/wp\/v2\/users\/1"}],"replies":[{"embeddable":true,"href":"https:\/\/temucotelevision.cl\/web\/wp-json\/wp\/v2\/comments?post=30995"}],"version-history":[{"count":1,"href":"https:\/\/temucotelevision.cl\/web\/wp-json\/wp\/v2\/posts\/30995\/revisions"}],"predecessor-version":[{"id":30996,"href":"https:\/\/temucotelevision.cl\/web\/wp-json\/wp\/v2\/posts\/30995\/revisions\/30996"}],"wp:featuredmedia":[{"embeddable":true,"href":"https:\/\/temucotelevision.cl\/web\/wp-json\/wp\/v2\/media\/18723"}],"wp:attachment":[{"href":"https:\/\/temucotelevision.cl\/web\/wp-json\/wp\/v2\/media?parent=30995"}],"wp:term":[{"taxonomy":"category","embeddable":true,"href":"https:\/\/temucotelevision.cl\/web\/wp-json\/wp\/v2\/categories?post=30995"},{"taxonomy":"post_tag","embeddable":true,"href":"https:\/\/temucotelevision.cl\/web\/wp-json\/wp\/v2\/tags?post=30995"}],"curies":[{"name":"wp","href":"https:\/\/api.w.org\/{rel}","templated":true}]}}