{"id":30988,"date":"2022-04-12T10:43:07","date_gmt":"2022-04-12T13:43:07","guid":{"rendered":"https:\/\/temucotelevision.cl\/web\/?p=30988"},"modified":"2022-04-12T10:43:08","modified_gmt":"2022-04-12T13:43:08","slug":"programa-formativo-online-cultura-conecta-oscar-contardo-ernesto-anaya-y-clara-antinao-esta-semana-comienzan-talleres-formativos-personalizados-de-literatura-guion-y-lengua-mapuche","status":"publish","type":"post","link":"https:\/\/temucotelevision.cl\/web\/2022\/04\/12\/programa-formativo-online-cultura-conecta-oscar-contardo-ernesto-anaya-y-clara-antinao-esta-semana-comienzan-talleres-formativos-personalizados-de-literatura-guion-y-lengua-mapuche\/","title":{"rendered":"Programa formativo online Cultura Conecta: Oscar Contardo, Ernesto Anaya y Clara Antinao esta semana comienzan talleres formativos personalizados de literatura, gui\u00f3n y lengua mapuche"},"content":{"rendered":"<div class=\"pvc_clear\"><\/div><p id=\"pvc_stats_30988\" class=\"pvc_stats total_only  \" data-element-id=\"30988\" style=\"\"><i class=\"pvc-stats-icon large\" aria-hidden=\"true\"><svg aria-hidden=\"true\" focusable=\"false\" data-prefix=\"far\" data-icon=\"chart-bar\" role=\"img\" xmlns=\"http:\/\/www.w3.org\/2000\/svg\" viewBox=\"0 0 512 512\" class=\"svg-inline--fa fa-chart-bar fa-w-16 fa-2x\"><path fill=\"currentColor\" d=\"M396.8 352h22.4c6.4 0 12.8-6.4 12.8-12.8V108.8c0-6.4-6.4-12.8-12.8-12.8h-22.4c-6.4 0-12.8 6.4-12.8 12.8v230.4c0 6.4 6.4 12.8 12.8 12.8zm-192 0h22.4c6.4 0 12.8-6.4 12.8-12.8V140.8c0-6.4-6.4-12.8-12.8-12.8h-22.4c-6.4 0-12.8 6.4-12.8 12.8v198.4c0 6.4 6.4 12.8 12.8 12.8zm96 0h22.4c6.4 0 12.8-6.4 12.8-12.8V204.8c0-6.4-6.4-12.8-12.8-12.8h-22.4c-6.4 0-12.8 6.4-12.8 12.8v134.4c0 6.4 6.4 12.8 12.8 12.8zM496 400H48V80c0-8.84-7.16-16-16-16H16C7.16 64 0 71.16 0 80v336c0 17.67 14.33 32 32 32h464c8.84 0 16-7.16 16-16v-16c0-8.84-7.16-16-16-16zm-387.2-48h22.4c6.4 0 12.8-6.4 12.8-12.8v-70.4c0-6.4-6.4-12.8-12.8-12.8h-22.4c-6.4 0-12.8 6.4-12.8 12.8v70.4c0 6.4 6.4 12.8 12.8 12.8z\" class=\"\"><\/path><\/svg><\/i> <img loading=\"lazy\" decoding=\"async\" width=\"16\" height=\"16\" alt=\"Loading\" src=\"https:\/\/temucotelevision.cl\/web\/wp-content\/plugins\/page-views-count\/ajax-loader-2x.gif\" border=0 \/><\/p><div class=\"pvc_clear\"><\/div>\n<p><strong>La propuesta del primer trimestre 2022 contar\u00e1 nuevamente con la gu\u00eda y experiencia de artistas y profesionales de vasta trayectoria en sus respectivas \u00e1reas.<\/strong><\/p>\n\n\n\n<p><strong>Participa el&nbsp;<\/strong><strong>m\u00fasico cofundador del grupo Inti Illimani, Horacio Dur\u00e1n; la activista feminista y fundadora de Matria Fundaci\u00f3n, Victoria Send\u00f3n; el&nbsp;<\/strong><strong>periodista y escritor chileno Oscar Contardo; sumando la presencia del<\/strong><strong>&nbsp;escritor y psicoanalista Javier Norambuena;&nbsp;&nbsp;<\/strong><strong>el guionista y dramaturgo chileno naturalizado en M\u00e9xico, Ernesto Anaya;&nbsp;<\/strong><strong>la entrenadora vocal y licenciada en arte dram\u00e1tico,&nbsp; Javiera Guill\u00e9n Garc\u00eda; la master en escritura creativa Micaela Paredes; y la docente y artista mapuche Clara Antinao.<\/strong><\/p>\n\n\n\n<p><strong>Esta es una invitaci\u00f3n a participar de talleres formativos personalizados, a bajo costo y en vivo, para 6 pa\u00edses de habla hispana.<\/strong><\/p>\n\n\n\n<p>Ya comenz\u00f3 una nueva temporada de cursos y talleres formativos&nbsp;<a href=\"https:\/\/trackercl1.fidelizador.com\/L10E9CD10GA90EDC0BHA9FF52380DJ7808DA2EE0K10E9CD109947881EFCF135AF6B6895\" target=\"_blank\" rel=\"noreferrer noopener\">Cultura Conecta<\/a>.&nbsp;El espacio de encuentros virtuales para el pensamiento propone este 2022 nuevas y relevantes claves para la comprensi\u00f3n del mundo actual. Entre las novedades se encuentran los talleres de \u201cAproximaci\u00f3n a los sue\u00f1os desde el psicoan\u00e1lisis\u201d, \u201cLengua Mapuche\u201d y \u201cLa Historia previa al Patriarcado\u201d. Adem\u00e1s, la lista de ponentes se destaca el m\u00fasico nacional de gran trayectoria&nbsp;<strong>Horacio Dur\u00e1n (Inti Illimani).<\/strong><\/p>\n\n\n\n<p><strong>NOVEDADES 2022<\/strong><\/p>\n\n\n\n<p>En un acercamiento a las sonoridades propias de los instrumentos de tradici\u00f3n ind\u00edgena, el m\u00fasico co fundador de Inti Illimani<strong>, Horacio Dur\u00e1n<\/strong>, propone un espacio de conocimiento general de la m\u00fasica andina y la Nueva Canci\u00f3n Chilena, a participar del taller&nbsp;<a href=\"https:\/\/trackercl1.fidelizador.com\/L10E9CD10GA90EDC0BHA9FF52380DJ7808493BFCK10E9CD109947881EFCF135AF6B6895\" target=\"_blank\" rel=\"noreferrer noopener\">Historias de Charango en la M\u00fasica Chilena.<\/a>&nbsp;Un viaje sonoro que invita a descubrir por qu\u00e9 la masiva incorporaci\u00f3n del charango en la escena citadina; recorrido de 4 sesiones que inicia el 19 de abril y finaliza el 10 de mayo.<\/p>\n\n\n\n<p>Como una clara se\u00f1al de la necesidad de apertura a una patria plurinacional, la profesora y artista<strong>&nbsp;Clara Antinao&nbsp;<\/strong>ofrecer\u00e1 un taller de iniciaci\u00f3n al mapudungun y la cosmogon\u00eda de este pueblo ancestral. Aqu\u00ed las y los participantes aprender\u00e1n una lengua oral que da cuenta que el mapudungun est\u00e1 muy relacionado con el cosmos y la tierra.&nbsp;<a href=\"https:\/\/trackercl1.fidelizador.com\/L10E9CD10GA90EDC0BHA9FF52380DJ7808493B02K10E9CD109947881EFCF135AF6B6895\" target=\"_blank\" rel=\"noreferrer noopener\">\u201cLengua Mapuche\u201d<\/a>&nbsp;se dictar\u00e1 en 8 sesiones en vivo desde el 18 de abril al 6 de junio, e incluye entre sus tem\u00e1ticas: saludos, n\u00fameros y gram\u00e1tica b\u00e1sica (art\u00edculos, pronombres, conjugaci\u00f3n de verbos y adjetivos).<\/p>\n\n\n\n<p>La posibilidad de acercamiento a los misterios de la vida y el ser humano surge de la mano del psicoanalista y escritor chileno&nbsp;<strong>Javier Norambuena<\/strong>, quien invita a un recorrido panor\u00e1mico desde la pr\u00e1ctica cl\u00ednica del psicoan\u00e1lisis. Desglosando los elementos de los sue\u00f1os y su estructura,&nbsp;<a href=\"https:\/\/trackercl1.fidelizador.com\/L10E9CD10GA90EDC0BHA9FF52380DJ7808493BBBK10E9CD109947881EFCF135AF6B6895\" target=\"_blank\" rel=\"noreferrer noopener\">\u201cAnoche So\u00f1\u00e9 Contigo\u201d<\/a>&nbsp;propone identificar conceptos y herramientas singulares que den un nuevo lugar a los sue\u00f1os y permitan desmontar su sentido com\u00fan. Ser\u00e1n 3 sesiones de 90 minutos, los s\u00e1bado el 23 y 30 de abril y 7 de mayo a las 13.00 horas Chile.<\/p>\n\n\n\n<p>Con el fin de descubrir el trascendente rol de la lectura para la humanidad y los desaf\u00edos que trae el cambio a una realidad virtual, la m\u00e1ster en escritura creativa de la Universidad de Nueva York,&nbsp;<strong>Micaela Paredes<\/strong>, les invita a participar de&nbsp;<a href=\"https:\/\/trackercl1.fidelizador.com\/L10E9CD10GA90EDC0BHA9FF52380DJ7808493BF3K10E9CD109947881EFCF135AF6B6895\" target=\"_blank\" rel=\"noreferrer noopener\">\u201cEl Infinito en un Junco\u201d<\/a>.&nbsp;Un viaje por la historia de los libros desde su aparici\u00f3n hace cinco mil a\u00f1os, sus transformaciones a lo largo de siglos, as\u00ed como las posibilidades que estos nos dan de expandir el conocimiento. Participa de 3 encuentros de 90 minutos en vivo, en clases personalizadas entre el 11 y 25 de abril a las 19.30 horas Chile.<\/p>\n\n\n\n<p>Por su parte, la fil\u00f3sofa espa\u00f1ola, docente, guionista y directora audiovisual,&nbsp;<strong>Victoria Send\u00f3n de Le\u00f3n,<\/strong>&nbsp;expondr\u00e1 sobre patriarcado y&nbsp;<a href=\"https:\/\/trackercl1.fidelizador.com\/L10E9CD10GA90EDC0BHA9FF52380DJ7808493B6AK10E9CD109947881EFCF135AF6B6895\" target=\"_blank\" rel=\"noreferrer noopener\">\u201cLa Matria Perdida\u201d&nbsp;<\/a>exponiendo las evidencias que confirman la existencia hist\u00f3rica de culturas no patriarcales. Un espacio que busca analizar las huellas de una civilizaci\u00f3n&nbsp; perdida, abordando lo femenino a partir de registros que denotan el surgimiento de una cultura de muerte en desmedro del gozo de la vida.&nbsp; Sus clases ser\u00e1n entre el s\u00e1bado 4 y 25 de junio a las 12.00 horas Chile y durante 90 minutos.<\/p>\n\n\n\n<p>Para ofrecer nuevas t\u00e9cnicas de escritura y entender el proceso creativo como algo placentero, el guionista y dramaturgo chileno naturalizado en M\u00e9xico,<strong>&nbsp;Ernesto Anaya Ottone&nbsp;<\/strong>extiende una especial invitaci\u00f3n a aprender<strong>&nbsp;<\/strong>a utilizar el&nbsp;<a href=\"https:\/\/trackercl1.fidelizador.com\/L10E9CD10GA90EDC0BHA9FF52380DJ7808493BD6K10E9CD109947881EFCF135AF6B6895\" target=\"_blank\" rel=\"noreferrer noopener\">pensamiento dram\u00e1tico<\/a>.&nbsp;Es el pensamiento aristot\u00e9lico con el que se ha ense\u00f1ado a componer y entender la historia el principal responsable de la p\u00e1gina en blanco. En las 5 sesiones, que comienzan el 12 de abril y culminan el 10 de mayo, Ernesto ofrecer\u00e1 una perspectiva que trabaja la paradoja y el dilema, donde el conflicto no ocupa el centro.<\/p>\n\n\n\n<p>As\u00ed tambi\u00e9n tendr\u00e1 su espacio<strong>&nbsp;<\/strong>la<strong>&nbsp;<\/strong>entrenadora vocal y licenciada en arte dram\u00e1tico,&nbsp;&nbsp;<strong>Javiera Guill\u00e9n Garc\u00eda<\/strong>, quien ofrece un taller con t\u00e9cnica de voz hablada y herramientas para hablar en p\u00fablico. El Seminario bajo el t\u00edtulo&nbsp;<a href=\"https:\/\/trackercl1.fidelizador.com\/L10E9CD10GA90EDC0BHA9FF52380DJ7808493BC5K10E9CD109947881EFCF135AF6B6895\" target=\"_blank\" rel=\"noreferrer noopener\">Descubre tu voz y sus posibilidades<\/a><\/p>\n\n\n\n<p>Ocurrir\u00e1 los s\u00e1bados 23 y 30 de abril, 07 y 14 de mayo, a las 11.00 horas Chile.<\/p>\n\n\n\n<p><strong>Oscar Contardo<\/strong>, periodista y escritor ofrecer\u00e1 nuevamente su taller de lectura de no ficci\u00f3n. El Seminario&nbsp;<a href=\"https:\/\/trackercl1.fidelizador.com\/L10E9CD10GA90EDC0BHA9FF52380DJ7808493B70K10E9CD109947881EFCF135AF6B6895\" target=\"_blank\" rel=\"noreferrer noopener\">Hay vida all\u00e1 afuera<\/a>&nbsp;presenta una selecci\u00f3n de obras e invita a descubrir los m\u00e9todos que utilizan grandes autores. Este curso ocurrir\u00e1 los jueves 14, 21, 28 de abril y 5 de mayo. A las 20:00 hrs. Chile&nbsp;<\/p>\n","protected":false},"excerpt":{"rendered":"<div class=\"pvc_clear\"><\/div>\n<p id=\"pvc_stats_30988\" class=\"pvc_stats total_only  \" data-element-id=\"30988\" style=\"\"><i class=\"pvc-stats-icon large\" aria-hidden=\"true\"><svg aria-hidden=\"true\" focusable=\"false\" data-prefix=\"far\" data-icon=\"chart-bar\" role=\"img\" xmlns=\"http:\/\/www.w3.org\/2000\/svg\" viewBox=\"0 0 512 512\" class=\"svg-inline--fa fa-chart-bar fa-w-16 fa-2x\"><path fill=\"currentColor\" d=\"M396.8 352h22.4c6.4 0 12.8-6.4 12.8-12.8V108.8c0-6.4-6.4-12.8-12.8-12.8h-22.4c-6.4 0-12.8 6.4-12.8 12.8v230.4c0 6.4 6.4 12.8 12.8 12.8zm-192 0h22.4c6.4 0 12.8-6.4 12.8-12.8V140.8c0-6.4-6.4-12.8-12.8-12.8h-22.4c-6.4 0-12.8 6.4-12.8 12.8v198.4c0 6.4 6.4 12.8 12.8 12.8zm96 0h22.4c6.4 0 12.8-6.4 12.8-12.8V204.8c0-6.4-6.4-12.8-12.8-12.8h-22.4c-6.4 0-12.8 6.4-12.8 12.8v134.4c0 6.4 6.4 12.8 12.8 12.8zM496 400H48V80c0-8.84-7.16-16-16-16H16C7.16 64 0 71.16 0 80v336c0 17.67 14.33 32 32 32h464c8.84 0 16-7.16 16-16v-16c0-8.84-7.16-16-16-16zm-387.2-48h22.4c6.4 0 12.8-6.4 12.8-12.8v-70.4c0-6.4-6.4-12.8-12.8-12.8h-22.4c-6.4 0-12.8 6.4-12.8 12.8v70.4c0 6.4 6.4 12.8 12.8 12.8z\" class=\"\"><\/path><\/svg><\/i> <img loading=\"lazy\" decoding=\"async\" width=\"16\" height=\"16\" alt=\"Loading\" src=\"https:\/\/temucotelevision.cl\/web\/wp-content\/plugins\/page-views-count\/ajax-loader-2x.gif\" border=0 \/><\/p>\n<div class=\"pvc_clear\"><\/div>\n<p>La propuesta del primer trimestre 2022 contar\u00e1 nuevamente con la gu\u00eda y experiencia de artistas y profesionales de vasta trayectoria<\/p>\n","protected":false},"author":1,"featured_media":30989,"comment_status":"open","ping_status":"open","sticky":false,"template":"","format":"standard","meta":{"colormag_page_container_layout":"default_layout","colormag_page_sidebar_layout":"default_layout","footnotes":""},"categories":[101,86],"tags":[2072,5096,2134,521,877],"class_list":["post-30988","post","type-post","status-publish","format-standard","has-post-thumbnail","hentry","category-actualidad","category-panoramas","tag-lengua","tag-literatura","tag-online","tag-programa","tag-talleres"],"a3_pvc":{"activated":true,"total_views":109,"today_views":0},"_links":{"self":[{"href":"https:\/\/temucotelevision.cl\/web\/wp-json\/wp\/v2\/posts\/30988","targetHints":{"allow":["GET"]}}],"collection":[{"href":"https:\/\/temucotelevision.cl\/web\/wp-json\/wp\/v2\/posts"}],"about":[{"href":"https:\/\/temucotelevision.cl\/web\/wp-json\/wp\/v2\/types\/post"}],"author":[{"embeddable":true,"href":"https:\/\/temucotelevision.cl\/web\/wp-json\/wp\/v2\/users\/1"}],"replies":[{"embeddable":true,"href":"https:\/\/temucotelevision.cl\/web\/wp-json\/wp\/v2\/comments?post=30988"}],"version-history":[{"count":1,"href":"https:\/\/temucotelevision.cl\/web\/wp-json\/wp\/v2\/posts\/30988\/revisions"}],"predecessor-version":[{"id":30990,"href":"https:\/\/temucotelevision.cl\/web\/wp-json\/wp\/v2\/posts\/30988\/revisions\/30990"}],"wp:featuredmedia":[{"embeddable":true,"href":"https:\/\/temucotelevision.cl\/web\/wp-json\/wp\/v2\/media\/30989"}],"wp:attachment":[{"href":"https:\/\/temucotelevision.cl\/web\/wp-json\/wp\/v2\/media?parent=30988"}],"wp:term":[{"taxonomy":"category","embeddable":true,"href":"https:\/\/temucotelevision.cl\/web\/wp-json\/wp\/v2\/categories?post=30988"},{"taxonomy":"post_tag","embeddable":true,"href":"https:\/\/temucotelevision.cl\/web\/wp-json\/wp\/v2\/tags?post=30988"}],"curies":[{"name":"wp","href":"https:\/\/api.w.org\/{rel}","templated":true}]}}