{"id":30925,"date":"2022-04-09T16:01:14","date_gmt":"2022-04-09T19:01:14","guid":{"rendered":"https:\/\/temucotelevision.cl\/web\/?p=30925"},"modified":"2022-04-09T16:01:15","modified_gmt":"2022-04-09T19:01:15","slug":"clinica-movil-avon-falp-realiza-su-recorrido-por-la-region-de-la-araucania-con-moderno-mamografo-digital","status":"publish","type":"post","link":"https:\/\/temucotelevision.cl\/web\/2022\/04\/09\/clinica-movil-avon-falp-realiza-su-recorrido-por-la-region-de-la-araucania-con-moderno-mamografo-digital\/","title":{"rendered":"Cl\u00ednica M\u00f3vil Avon-FALP realiza su recorrido por la Regi\u00f3n de La Araucan\u00eda con moderno mam\u00f3grafo digital\u00a0"},"content":{"rendered":"<div class=\"pvc_clear\"><\/div><p id=\"pvc_stats_30925\" class=\"pvc_stats total_only  \" data-element-id=\"30925\" style=\"\"><i class=\"pvc-stats-icon large\" aria-hidden=\"true\"><svg aria-hidden=\"true\" focusable=\"false\" data-prefix=\"far\" data-icon=\"chart-bar\" role=\"img\" xmlns=\"http:\/\/www.w3.org\/2000\/svg\" viewBox=\"0 0 512 512\" class=\"svg-inline--fa fa-chart-bar fa-w-16 fa-2x\"><path fill=\"currentColor\" d=\"M396.8 352h22.4c6.4 0 12.8-6.4 12.8-12.8V108.8c0-6.4-6.4-12.8-12.8-12.8h-22.4c-6.4 0-12.8 6.4-12.8 12.8v230.4c0 6.4 6.4 12.8 12.8 12.8zm-192 0h22.4c6.4 0 12.8-6.4 12.8-12.8V140.8c0-6.4-6.4-12.8-12.8-12.8h-22.4c-6.4 0-12.8 6.4-12.8 12.8v198.4c0 6.4 6.4 12.8 12.8 12.8zm96 0h22.4c6.4 0 12.8-6.4 12.8-12.8V204.8c0-6.4-6.4-12.8-12.8-12.8h-22.4c-6.4 0-12.8 6.4-12.8 12.8v134.4c0 6.4 6.4 12.8 12.8 12.8zM496 400H48V80c0-8.84-7.16-16-16-16H16C7.16 64 0 71.16 0 80v336c0 17.67 14.33 32 32 32h464c8.84 0 16-7.16 16-16v-16c0-8.84-7.16-16-16-16zm-387.2-48h22.4c6.4 0 12.8-6.4 12.8-12.8v-70.4c0-6.4-6.4-12.8-12.8-12.8h-22.4c-6.4 0-12.8 6.4-12.8 12.8v70.4c0 6.4 6.4 12.8 12.8 12.8z\" class=\"\"><\/path><\/svg><\/i> <img loading=\"lazy\" decoding=\"async\" width=\"16\" height=\"16\" alt=\"Loading\" src=\"https:\/\/temucotelevision.cl\/web\/wp-content\/plugins\/page-views-count\/ajax-loader-2x.gif\" border=0 \/><\/p><div class=\"pvc_clear\"><\/div>\n<ul class=\"wp-block-list\"><li>Hasta el 12 de abril estar\u00e1 recorriendo desde Villarrica, Gorbea, Teodoro Schmidt, Puerto Saavedra a Vilc\u00fan. A la incorporaci\u00f3n de un equipo de \u00faltima generaci\u00f3n, \u00fanico modelo para este tipo de operativos m\u00f3viles, este a\u00f1o se sumaron m\u00f3dulos educativos para generar mayor conciencia sobre la detecci\u00f3n precoz del c\u00e1ncer de mama.&nbsp;&nbsp;<\/li><\/ul>\n\n\n\n<p>Durante el 2021 por primera vez el c\u00e1ncer se situ\u00f3 como la causa n\u00famero uno de muerte en Chile, con casi 28.500 decesos al a\u00f1o, equivalente al 26% del total de fallecimientos de acuerdo con Estad\u00edsticas Vitales 2019 del INE. Con el objetivo de revertir las bajas tasas de cobertura mamogr\u00e1fica, que no superan el 50% a nivel pa\u00eds, y acercar la detecci\u00f3n precoz del c\u00e1ncer de mama a sectores socioecon\u00f3micamente vulnerables y de mayor ruralidad a lo largo de Chile, Avon y la Fundaci\u00f3n Arturo L\u00f3pez P\u00e9rez (FALP) se encuentran recorriendo el pa\u00eds con su cl\u00ednica m\u00f3vil, 100% renovada, la que se trasladar\u00e1 de norte a sur entregando m\u00e1s de 3.500 mamograf\u00edas gratuitas a mujeres en edad de riesgo. Tras recorrer la regi\u00f3n del\u00a0la Regi\u00f3n del Libertador Bernardo O\u2019Higgins, el Maule y Los Lagos, finalizar\u00e1 en abril el recorrido en la regi\u00f3n del La Araucan\u00eda.\u00a0\u00a0<\/p>\n\n\n\n<p>Sumado a las mamograf\u00edas gratuitas, se har\u00e1 un recorrido educativo con m\u00f3dulos de concientizaci\u00f3n con testimonios de sobrevivientes de c\u00e1ncer de mama adem\u00e1s de informaci\u00f3n clave sobre la importancia de la detecci\u00f3n precoz de esta enfermedad. No hay que olvidar que, pesquisado tempranamente, sin el compromiso de ganglios, el c\u00e1ncer de mama tiene una sobrevida superior al 95%. Es decir, 9 de cada 10 mujeres podr\u00edan recuperarse.&nbsp;&nbsp;<\/p>\n\n\n\n<p>\u201cNos llena de satisfacci\u00f3n poder entregar junto a Avon un servicio de la m\u00e1s alta calidad a tantas mujeres que no han podido acceder a su mamograf\u00eda durante este tiempo. Como fundaci\u00f3n estamos haciendo un gran esfuerzo para llegar hasta las localidades m\u00e1s aisladas, con el mismo est\u00e1ndar de calidad y tecnolog\u00eda que ofrecemos en nuestro Instituto Cl\u00ednico en Santiago, adem\u00e1s del equipamiento educativo desarrollado especialmente para la cl\u00ednica m\u00f3vil\u201d, se\u00f1ala Soledad Neumann, gerente de Donaciones y Beneficencia de Fundaci\u00f3n Arturo L\u00f3pez P\u00e9rez.&nbsp;<\/p>\n\n\n\n<p>La cl\u00ednica m\u00f3vil Avon-FALP, que comenz\u00f3 su trayecto en comunas de la Regi\u00f3n del Libertador Bernardo O\u2019Higgins, vuelve absolutamente renovada con la incorporaci\u00f3n de un mam\u00f3grafo digital, que entre sus principales caracter\u00edsticas destaca la entrega de im\u00e1genes m\u00e1s n\u00edtidas y de mejor resoluci\u00f3n, con un buen contraste y bajas dosis, lo que contribuye a una mejor interpretaci\u00f3n de ellas y mayor precisi\u00f3n diagn\u00f3stica.&nbsp;&nbsp;<\/p>\n\n\n\n<p>Entre las actualizaciones m\u00e1s importantes, destaca la reducci\u00f3n de tiempos de espera de los ex\u00e1menes realizados, contando con un sistema de transmisi\u00f3n de im\u00e1genes en l\u00ednea que permiten disminuir los tiempos de env\u00edo para la interpretaci\u00f3n y resultados posteriores. De esta manera, se puede ampliar \u00e1reas espec\u00edficas para ayudar a detectar peque\u00f1as calcificaciones, masas y otros cambios que podr\u00edan ser signos tempranos de c\u00e1ncer, caracter\u00edsticas hasta hoy no incorporadas en mam\u00f3grafos m\u00f3viles.&nbsp;<\/p>\n\n\n\n<p>Ana In\u00e9s \u00c1lvarez, directora ejecutiva de Fundaci\u00f3n Avon para el mercado sur, comenta: \u201cuna de nuestras promesas es la detecci\u00f3n temprana del c\u00e1ncer de mama en Chile y por lo mismo nos enorgullece poder estar aportando a ello facilitando el acceso a mamograf\u00edas gratuitas. Adem\u00e1s, no queremos dejar de destacar el formato educativo con el que cuenta la cl\u00ednica m\u00f3vil, que es la base de la concientizaci\u00f3n y del cuidado que nos puede llevar a salvar muchas vidas en esta enfermedad, como, por ejemplo, estar atentas a los cambios en la mama, como inflamaci\u00f3n, bultos, o durezas en las mamas o en la axila, salida de l\u00edquidos desde el pez\u00f3n o irritaciones en la piel\u201d.&nbsp;<\/p>\n\n\n\n<p>Tanto Avon como FALP, anunciaron que har\u00e1n todos los esfuerzos para continuar con este programa de detecci\u00f3n precoz del c\u00e1ncer de mama, que lleva m\u00e1s de 15 a\u00f1os de trayectoria, recorriendo Chile.&nbsp;<\/p>\n","protected":false},"excerpt":{"rendered":"<div class=\"pvc_clear\"><\/div>\n<p id=\"pvc_stats_30925\" class=\"pvc_stats total_only  \" data-element-id=\"30925\" style=\"\"><i class=\"pvc-stats-icon large\" aria-hidden=\"true\"><svg aria-hidden=\"true\" focusable=\"false\" data-prefix=\"far\" data-icon=\"chart-bar\" role=\"img\" xmlns=\"http:\/\/www.w3.org\/2000\/svg\" viewBox=\"0 0 512 512\" class=\"svg-inline--fa fa-chart-bar fa-w-16 fa-2x\"><path fill=\"currentColor\" d=\"M396.8 352h22.4c6.4 0 12.8-6.4 12.8-12.8V108.8c0-6.4-6.4-12.8-12.8-12.8h-22.4c-6.4 0-12.8 6.4-12.8 12.8v230.4c0 6.4 6.4 12.8 12.8 12.8zm-192 0h22.4c6.4 0 12.8-6.4 12.8-12.8V140.8c0-6.4-6.4-12.8-12.8-12.8h-22.4c-6.4 0-12.8 6.4-12.8 12.8v198.4c0 6.4 6.4 12.8 12.8 12.8zm96 0h22.4c6.4 0 12.8-6.4 12.8-12.8V204.8c0-6.4-6.4-12.8-12.8-12.8h-22.4c-6.4 0-12.8 6.4-12.8 12.8v134.4c0 6.4 6.4 12.8 12.8 12.8zM496 400H48V80c0-8.84-7.16-16-16-16H16C7.16 64 0 71.16 0 80v336c0 17.67 14.33 32 32 32h464c8.84 0 16-7.16 16-16v-16c0-8.84-7.16-16-16-16zm-387.2-48h22.4c6.4 0 12.8-6.4 12.8-12.8v-70.4c0-6.4-6.4-12.8-12.8-12.8h-22.4c-6.4 0-12.8 6.4-12.8 12.8v70.4c0 6.4 6.4 12.8 12.8 12.8z\" class=\"\"><\/path><\/svg><\/i> <img loading=\"lazy\" decoding=\"async\" width=\"16\" height=\"16\" alt=\"Loading\" src=\"https:\/\/temucotelevision.cl\/web\/wp-content\/plugins\/page-views-count\/ajax-loader-2x.gif\" border=0 \/><\/p>\n<div class=\"pvc_clear\"><\/div>\n<p>Hasta el 12 de abril estar\u00e1 recorriendo desde Villarrica, Gorbea, Teodoro Schmidt, Puerto Saavedra a Vilc\u00fan. A la incorporaci\u00f3n de<\/p>\n","protected":false},"author":1,"featured_media":30926,"comment_status":"open","ping_status":"open","sticky":false,"template":"","format":"standard","meta":{"colormag_page_container_layout":"default_layout","colormag_page_sidebar_layout":"default_layout","footnotes":""},"categories":[15],"tags":[886,1173,5201,1308],"class_list":["post-30925","post","type-post","status-publish","format-standard","has-post-thumbnail","hentry","category-la-araucania","tag-clinica","tag-digital","tag-mamografo","tag-movil"],"a3_pvc":{"activated":true,"total_views":118,"today_views":0},"_links":{"self":[{"href":"https:\/\/temucotelevision.cl\/web\/wp-json\/wp\/v2\/posts\/30925","targetHints":{"allow":["GET"]}}],"collection":[{"href":"https:\/\/temucotelevision.cl\/web\/wp-json\/wp\/v2\/posts"}],"about":[{"href":"https:\/\/temucotelevision.cl\/web\/wp-json\/wp\/v2\/types\/post"}],"author":[{"embeddable":true,"href":"https:\/\/temucotelevision.cl\/web\/wp-json\/wp\/v2\/users\/1"}],"replies":[{"embeddable":true,"href":"https:\/\/temucotelevision.cl\/web\/wp-json\/wp\/v2\/comments?post=30925"}],"version-history":[{"count":1,"href":"https:\/\/temucotelevision.cl\/web\/wp-json\/wp\/v2\/posts\/30925\/revisions"}],"predecessor-version":[{"id":30927,"href":"https:\/\/temucotelevision.cl\/web\/wp-json\/wp\/v2\/posts\/30925\/revisions\/30927"}],"wp:featuredmedia":[{"embeddable":true,"href":"https:\/\/temucotelevision.cl\/web\/wp-json\/wp\/v2\/media\/30926"}],"wp:attachment":[{"href":"https:\/\/temucotelevision.cl\/web\/wp-json\/wp\/v2\/media?parent=30925"}],"wp:term":[{"taxonomy":"category","embeddable":true,"href":"https:\/\/temucotelevision.cl\/web\/wp-json\/wp\/v2\/categories?post=30925"},{"taxonomy":"post_tag","embeddable":true,"href":"https:\/\/temucotelevision.cl\/web\/wp-json\/wp\/v2\/tags?post=30925"}],"curies":[{"name":"wp","href":"https:\/\/api.w.org\/{rel}","templated":true}]}}