{"id":30922,"date":"2022-04-09T14:11:03","date_gmt":"2022-04-09T17:11:03","guid":{"rendered":"https:\/\/temucotelevision.cl\/web\/?p=30922"},"modified":"2022-04-09T14:11:04","modified_gmt":"2022-04-09T17:11:04","slug":"con-alfombra-roja-y-varios-conciertos-banda-chilena-ciudadanos-vuelve-tras-exito-en-sxsw","status":"publish","type":"post","link":"https:\/\/temucotelevision.cl\/web\/2022\/04\/09\/con-alfombra-roja-y-varios-conciertos-banda-chilena-ciudadanos-vuelve-tras-exito-en-sxsw\/","title":{"rendered":"Con alfombra roja y varios conciertos: Banda chilena Ciudadanos vuelve tras \u00e9xito en SXSW"},"content":{"rendered":"<div class=\"pvc_clear\"><\/div><p id=\"pvc_stats_30922\" class=\"pvc_stats total_only  \" data-element-id=\"30922\" style=\"\"><i class=\"pvc-stats-icon large\" aria-hidden=\"true\"><svg aria-hidden=\"true\" focusable=\"false\" data-prefix=\"far\" data-icon=\"chart-bar\" role=\"img\" xmlns=\"http:\/\/www.w3.org\/2000\/svg\" viewBox=\"0 0 512 512\" class=\"svg-inline--fa fa-chart-bar fa-w-16 fa-2x\"><path fill=\"currentColor\" d=\"M396.8 352h22.4c6.4 0 12.8-6.4 12.8-12.8V108.8c0-6.4-6.4-12.8-12.8-12.8h-22.4c-6.4 0-12.8 6.4-12.8 12.8v230.4c0 6.4 6.4 12.8 12.8 12.8zm-192 0h22.4c6.4 0 12.8-6.4 12.8-12.8V140.8c0-6.4-6.4-12.8-12.8-12.8h-22.4c-6.4 0-12.8 6.4-12.8 12.8v198.4c0 6.4 6.4 12.8 12.8 12.8zm96 0h22.4c6.4 0 12.8-6.4 12.8-12.8V204.8c0-6.4-6.4-12.8-12.8-12.8h-22.4c-6.4 0-12.8 6.4-12.8 12.8v134.4c0 6.4 6.4 12.8 12.8 12.8zM496 400H48V80c0-8.84-7.16-16-16-16H16C7.16 64 0 71.16 0 80v336c0 17.67 14.33 32 32 32h464c8.84 0 16-7.16 16-16v-16c0-8.84-7.16-16-16-16zm-387.2-48h22.4c6.4 0 12.8-6.4 12.8-12.8v-70.4c0-6.4-6.4-12.8-12.8-12.8h-22.4c-6.4 0-12.8 6.4-12.8 12.8v70.4c0 6.4 6.4 12.8 12.8 12.8z\" class=\"\"><\/path><\/svg><\/i> <img loading=\"lazy\" decoding=\"async\" width=\"16\" height=\"16\" alt=\"Loading\" src=\"https:\/\/temucotelevision.cl\/web\/wp-content\/plugins\/page-views-count\/ajax-loader-2x.gif\" border=0 \/><\/p><div class=\"pvc_clear\"><\/div>\n<p>El rock chileno se pudo escuchar fuertemente en norteam\u00e9rica durante el mes de marzo, precisamente en M\u00e9xico y en el destacado Festival Internacional SXSW 2022 en la ciudad de Austin, TX, de la mano de&nbsp;<a href=\"https:\/\/www.instagram.com\/ciudadanos.oficial\/\" target=\"_blank\" rel=\"noreferrer noopener\"><strong>Ciudadanos<\/strong><\/a>, banda chilena de Grunge Rock que cautiv\u00f3 a la audiencia en el norte del continente.<\/p>\n\n\n\n<p>La traves\u00eda internacional de los chilenos tuvo gran saz\u00f3n y movimiento, incluyendo una escala en Monterrey para presentarse en&nbsp;<strong>Sal\u00f3n Morelos<\/strong>&nbsp;el pasado s\u00e1bado 12 de marzo, previo al comienzo del&nbsp;<strong>SXSW<\/strong>&nbsp;en Austin, para luego dar paso a sus showcases oficiales en el festival, en la semana del 14 al 20 de marzo, donde se dieron cita en&nbsp;<strong>Low Down<\/strong>,&nbsp;<strong>Chess Club<\/strong>&nbsp;y&nbsp;<strong>Kramer X Baker Fest 2022<\/strong>.<\/p>\n\n\n\n<p>De esta forma, la banda cautiv\u00f3 al p\u00fablico estadounidense que visitaba el reconocido festival, adem\u00e1s de llegar tambi\u00e9n a una audiencia latina que se mostraba efervescente ante la energ\u00e9tica muestra musical por parte de la banda chilena, quienes entregan una dosis de adrenalina y buen rock en cada presentaci\u00f3n.<\/p>\n\n\n\n<p>A comienzos del a\u00f1o 2020,&nbsp;<strong><a href=\"https:\/\/www.instagram.com\/ciudadanos.oficial\/\" target=\"_blank\" rel=\"noreferrer noopener\">Ciudadanos<\/a>&nbsp;<\/strong>confirmaba su presencia como uno de los representantes chilenos en el&nbsp;<strong>Festival South By Southwest<\/strong>&nbsp;a realizarse en la ciudad de Austin, al sur de Estados Unidos. No obstante, la participaci\u00f3n no se pudo concretar debido al suceso mundial de la pandemia, que comenzaba a ebullir en aquel entonces. Finalmente, la espera lleg\u00f3 a su fin este 2022 llevando rock desde el sur del mundo a los principales escenarios de norteam\u00e9rica.<\/p>\n\n\n\n<p><strong>Ciudadanos<\/strong>, quienes forman parte del cat\u00e1logo musical del sello\u00a0<a rel=\"noreferrer noopener\" href=\"https:\/\/www.redponchoproducciones.com\/\" target=\"_blank\"><strong>Red Poncho<\/strong><\/a>\u00a0&#8211; y realizan su distribuci\u00f3n de manera exclusiva con\u00a0<strong>Warner Music Chile<\/strong>\u00a0&#8211; han anunciado la pronta salida de nueva m\u00fasica durante 2022, retomando tambi\u00e9n los conciertos en Santiago y alrededores. Ademas, han publicado una reversi\u00f3n de su exitoso sencillo\u00a0<a rel=\"noreferrer noopener\" href=\"https:\/\/open.spotify.com\/track\/2das7KNOuRxUCSUkdpCwHm?si=b8361d57383447c0\" target=\"_blank\"><strong>Hoy No Es Viernes<\/strong><\/a>, la que puedes disfrutar a continuaci\u00f3n.<\/p>\n\n\n\n<figure class=\"wp-block-embed is-type-video is-provider-youtube wp-block-embed-youtube wp-embed-aspect-4-3 wp-has-aspect-ratio\"><div class=\"wp-block-embed__wrapper\">\n<div class=\"epyt-video-wrapper\"><iframe loading=\"lazy\"  id=\"_ytid_38537\"  width=\"800\" height=\"600\"  data-origwidth=\"800\" data-origheight=\"600\" src=\"https:\/\/www.youtube.com\/embed\/Xdh98eAnr8U?enablejsapi=1&#038;autoplay=0&#038;cc_load_policy=0&#038;cc_lang_pref=&#038;iv_load_policy=1&#038;loop=0&#038;rel=1&#038;fs=1&#038;playsinline=0&#038;autohide=2&#038;theme=dark&#038;color=red&#038;controls=1&#038;disablekb=0&#038;\" class=\"__youtube_prefs__  epyt-is-override  no-lazyload\" title=\"YouTube player\"  allow=\"fullscreen; accelerometer; autoplay; clipboard-write; encrypted-media; gyroscope; picture-in-picture; web-share\" referrerpolicy=\"strict-origin-when-cross-origin\" allowfullscreen data-no-lazy=\"1\" data-skipgform_ajax_framebjll=\"\"><\/iframe><\/div>\n<\/div><\/figure>\n","protected":false},"excerpt":{"rendered":"<div class=\"pvc_clear\"><\/div>\n<p id=\"pvc_stats_30922\" class=\"pvc_stats total_only  \" data-element-id=\"30922\" style=\"\"><i class=\"pvc-stats-icon large\" aria-hidden=\"true\"><svg aria-hidden=\"true\" focusable=\"false\" data-prefix=\"far\" data-icon=\"chart-bar\" role=\"img\" xmlns=\"http:\/\/www.w3.org\/2000\/svg\" viewBox=\"0 0 512 512\" class=\"svg-inline--fa fa-chart-bar fa-w-16 fa-2x\"><path fill=\"currentColor\" d=\"M396.8 352h22.4c6.4 0 12.8-6.4 12.8-12.8V108.8c0-6.4-6.4-12.8-12.8-12.8h-22.4c-6.4 0-12.8 6.4-12.8 12.8v230.4c0 6.4 6.4 12.8 12.8 12.8zm-192 0h22.4c6.4 0 12.8-6.4 12.8-12.8V140.8c0-6.4-6.4-12.8-12.8-12.8h-22.4c-6.4 0-12.8 6.4-12.8 12.8v198.4c0 6.4 6.4 12.8 12.8 12.8zm96 0h22.4c6.4 0 12.8-6.4 12.8-12.8V204.8c0-6.4-6.4-12.8-12.8-12.8h-22.4c-6.4 0-12.8 6.4-12.8 12.8v134.4c0 6.4 6.4 12.8 12.8 12.8zM496 400H48V80c0-8.84-7.16-16-16-16H16C7.16 64 0 71.16 0 80v336c0 17.67 14.33 32 32 32h464c8.84 0 16-7.16 16-16v-16c0-8.84-7.16-16-16-16zm-387.2-48h22.4c6.4 0 12.8-6.4 12.8-12.8v-70.4c0-6.4-6.4-12.8-12.8-12.8h-22.4c-6.4 0-12.8 6.4-12.8 12.8v70.4c0 6.4 6.4 12.8 12.8 12.8z\" class=\"\"><\/path><\/svg><\/i> <img loading=\"lazy\" decoding=\"async\" width=\"16\" height=\"16\" alt=\"Loading\" src=\"https:\/\/temucotelevision.cl\/web\/wp-content\/plugins\/page-views-count\/ajax-loader-2x.gif\" border=0 \/><\/p>\n<div class=\"pvc_clear\"><\/div>\n<p>El rock chileno se pudo escuchar fuertemente en norteam\u00e9rica durante el mes de marzo, precisamente en M\u00e9xico y en el<\/p>\n","protected":false},"author":1,"featured_media":30923,"comment_status":"open","ping_status":"open","sticky":false,"template":"","format":"standard","meta":{"colormag_page_container_layout":"default_layout","colormag_page_sidebar_layout":"default_layout","footnotes":""},"categories":[369],"tags":[],"class_list":["post-30922","post","type-post","status-publish","format-standard","has-post-thumbnail","hentry","category-musica"],"a3_pvc":{"activated":true,"total_views":87,"today_views":0},"_links":{"self":[{"href":"https:\/\/temucotelevision.cl\/web\/wp-json\/wp\/v2\/posts\/30922","targetHints":{"allow":["GET"]}}],"collection":[{"href":"https:\/\/temucotelevision.cl\/web\/wp-json\/wp\/v2\/posts"}],"about":[{"href":"https:\/\/temucotelevision.cl\/web\/wp-json\/wp\/v2\/types\/post"}],"author":[{"embeddable":true,"href":"https:\/\/temucotelevision.cl\/web\/wp-json\/wp\/v2\/users\/1"}],"replies":[{"embeddable":true,"href":"https:\/\/temucotelevision.cl\/web\/wp-json\/wp\/v2\/comments?post=30922"}],"version-history":[{"count":1,"href":"https:\/\/temucotelevision.cl\/web\/wp-json\/wp\/v2\/posts\/30922\/revisions"}],"predecessor-version":[{"id":30924,"href":"https:\/\/temucotelevision.cl\/web\/wp-json\/wp\/v2\/posts\/30922\/revisions\/30924"}],"wp:featuredmedia":[{"embeddable":true,"href":"https:\/\/temucotelevision.cl\/web\/wp-json\/wp\/v2\/media\/30923"}],"wp:attachment":[{"href":"https:\/\/temucotelevision.cl\/web\/wp-json\/wp\/v2\/media?parent=30922"}],"wp:term":[{"taxonomy":"category","embeddable":true,"href":"https:\/\/temucotelevision.cl\/web\/wp-json\/wp\/v2\/categories?post=30922"},{"taxonomy":"post_tag","embeddable":true,"href":"https:\/\/temucotelevision.cl\/web\/wp-json\/wp\/v2\/tags?post=30922"}],"curies":[{"name":"wp","href":"https:\/\/api.w.org\/{rel}","templated":true}]}}