{"id":30917,"date":"2022-04-09T11:22:11","date_gmt":"2022-04-09T14:22:11","guid":{"rendered":"https:\/\/temucotelevision.cl\/web\/?p=30917"},"modified":"2022-04-09T11:22:11","modified_gmt":"2022-04-09T14:22:11","slug":"funcion-de-circo-teatro-este-fin-de-semana-en-espacio-txawun","status":"publish","type":"post","link":"https:\/\/temucotelevision.cl\/web\/2022\/04\/09\/funcion-de-circo-teatro-este-fin-de-semana-en-espacio-txawun\/","title":{"rendered":"Funci\u00f3n de circo teatro este fin de semana en Espacio Txaw\u00fcn"},"content":{"rendered":"<div class=\"pvc_clear\"><\/div><p id=\"pvc_stats_30917\" class=\"pvc_stats total_only  \" data-element-id=\"30917\" style=\"\"><i class=\"pvc-stats-icon large\" aria-hidden=\"true\"><svg aria-hidden=\"true\" focusable=\"false\" data-prefix=\"far\" data-icon=\"chart-bar\" role=\"img\" xmlns=\"http:\/\/www.w3.org\/2000\/svg\" viewBox=\"0 0 512 512\" class=\"svg-inline--fa fa-chart-bar fa-w-16 fa-2x\"><path fill=\"currentColor\" d=\"M396.8 352h22.4c6.4 0 12.8-6.4 12.8-12.8V108.8c0-6.4-6.4-12.8-12.8-12.8h-22.4c-6.4 0-12.8 6.4-12.8 12.8v230.4c0 6.4 6.4 12.8 12.8 12.8zm-192 0h22.4c6.4 0 12.8-6.4 12.8-12.8V140.8c0-6.4-6.4-12.8-12.8-12.8h-22.4c-6.4 0-12.8 6.4-12.8 12.8v198.4c0 6.4 6.4 12.8 12.8 12.8zm96 0h22.4c6.4 0 12.8-6.4 12.8-12.8V204.8c0-6.4-6.4-12.8-12.8-12.8h-22.4c-6.4 0-12.8 6.4-12.8 12.8v134.4c0 6.4 6.4 12.8 12.8 12.8zM496 400H48V80c0-8.84-7.16-16-16-16H16C7.16 64 0 71.16 0 80v336c0 17.67 14.33 32 32 32h464c8.84 0 16-7.16 16-16v-16c0-8.84-7.16-16-16-16zm-387.2-48h22.4c6.4 0 12.8-6.4 12.8-12.8v-70.4c0-6.4-6.4-12.8-12.8-12.8h-22.4c-6.4 0-12.8 6.4-12.8 12.8v70.4c0 6.4 6.4 12.8 12.8 12.8z\" class=\"\"><\/path><\/svg><\/i> <img loading=\"lazy\" decoding=\"async\" width=\"16\" height=\"16\" alt=\"Loading\" src=\"https:\/\/temucotelevision.cl\/web\/wp-content\/plugins\/page-views-count\/ajax-loader-2x.gif\" border=0 \/><\/p><div class=\"pvc_clear\"><\/div>\n<p>\u00b7&nbsp; &nbsp; &nbsp; &nbsp;&#8220;Violeta se qued\u00f3 en el sur&#8221; se presenta este domingo 10 de abril en Padre Las Casas.<\/p>\n\n\n\n<p>La obra de circo teatro \u201cVioleta se qued\u00f3 en el sur\u201d de la compa\u00f1\u00eda Circo de las M\u00e1quinas tendr\u00e1 una funci\u00f3n especial este domingo 10 de abril, a las 16 horas, en el Espacio de Creaci\u00f3n Art\u00edstica Txaw\u00fcn ubicado en el kil\u00f3metro 13 camino a Ni\u00e1gara en la comuna de Padre Las Casas. La entrada es liberada.<\/p>\n\n\n\n<p>La obra transcurre en 1957, cuando Violeta viaja al sur de Chile para investigar el folclor de este territorio. All\u00ed es cuando recibe la invitaci\u00f3n de parte de la comunidad de Milleche (comuna de Freire), para conocer a la machi Mar\u00eda Painen Cotaro. Con este hecho hist\u00f3rico la \u201cCompa\u00f1\u00eda El circo de las m\u00e1quinas\u201d desarrolla el proyecto que abarca teatro, circo, canto y m\u00fasica en vivo.<\/p>\n\n\n\n<p>Para llevar a cabo esta obra se realiz\u00f3 un proceso de investigaci\u00f3n usando como referentes a las investigadoras Paula Miranda y Elisa Loncon, quienes desarrollan una valiosa investigaci\u00f3n sobre Violeta Parra, creando el libro \u201cVioleta en el Wallmapu\u201d, que da a conocer las grabaciones in\u00e9ditas que se encuentran en la mediateca de la Universidad de Chile y que corresponden a cantos en mapudungun grabados en 1957, tanto en Lautaro como Labranza y Freire, pero existe un audio perdido de Mar\u00eda Painen Cotaro, que corresponde a la localidad de Millelche, que es de donde nace el relato de la obra.<\/p>\n\n\n\n<p>Los interesados deben inscribirse previamente en el formulario del sitio web txawun.cl\/violeta-se-quedo-en-el-sur<\/p>\n\n\n\n<p>M\u00e1s consultas e informaci\u00f3n al WhatsApp +569 89986244.<\/p>\n\n\n\n<p>La direcci\u00f3n de la obra es de V\u00edctor Bobadilla, y el elenco se compone de Paula Mora, Paula Mardones, Melissa, Ren\u00e9 Manuel Mu\u00f1oz, H\u00e9ctor Garrido, Josu\u00e9 Mora, Emilio Olate, Sergio Lagos, Daniel Paredes y Javier Millar.<\/p>\n\n\n\n<p>Jaime Silva,&nbsp;coordinador general de Txaw\u00fcn, explic\u00f3 que esta funci\u00f3n se enmarca en la programaci\u00f3n que desarrolla la Organizaci\u00f3n En Tr\u00e1nsito en este espacio art\u00edstico y su&nbsp;financiamiento proviene por el Ministerio de las Culturas, las Artes y el Patrimonio a trav\u00e9s del Programa de Apoyo a Organizaciones Culturales Colaboradoras PAOCC.<\/p>\n\n\n\n<p>\u201cComo Espacio Txaw\u00fcn, estamos enfocados en fomentar y difundir las artes esc\u00e9nicas desde todos sus enfoques, es decir, desde las&nbsp;residencias art\u00edsticas, la creaci\u00f3n y la investigaci\u00f3n, explorando nuevas metodolog\u00edas y miradas en torno al desarrollo de las disciplinas. Y para ello, nos inspiramos y fortalecemos en este lugar, lleno de biodiversidad donde los espectadores pueden vivir una experiencia en torno al arte, la cultura y la naturaleza\u201d, cerr\u00f3 Jaime Silva.<\/p>\n","protected":false},"excerpt":{"rendered":"<div class=\"pvc_clear\"><\/div>\n<p id=\"pvc_stats_30917\" class=\"pvc_stats total_only  \" data-element-id=\"30917\" style=\"\"><i class=\"pvc-stats-icon large\" aria-hidden=\"true\"><svg aria-hidden=\"true\" focusable=\"false\" data-prefix=\"far\" data-icon=\"chart-bar\" role=\"img\" xmlns=\"http:\/\/www.w3.org\/2000\/svg\" viewBox=\"0 0 512 512\" class=\"svg-inline--fa fa-chart-bar fa-w-16 fa-2x\"><path fill=\"currentColor\" d=\"M396.8 352h22.4c6.4 0 12.8-6.4 12.8-12.8V108.8c0-6.4-6.4-12.8-12.8-12.8h-22.4c-6.4 0-12.8 6.4-12.8 12.8v230.4c0 6.4 6.4 12.8 12.8 12.8zm-192 0h22.4c6.4 0 12.8-6.4 12.8-12.8V140.8c0-6.4-6.4-12.8-12.8-12.8h-22.4c-6.4 0-12.8 6.4-12.8 12.8v198.4c0 6.4 6.4 12.8 12.8 12.8zm96 0h22.4c6.4 0 12.8-6.4 12.8-12.8V204.8c0-6.4-6.4-12.8-12.8-12.8h-22.4c-6.4 0-12.8 6.4-12.8 12.8v134.4c0 6.4 6.4 12.8 12.8 12.8zM496 400H48V80c0-8.84-7.16-16-16-16H16C7.16 64 0 71.16 0 80v336c0 17.67 14.33 32 32 32h464c8.84 0 16-7.16 16-16v-16c0-8.84-7.16-16-16-16zm-387.2-48h22.4c6.4 0 12.8-6.4 12.8-12.8v-70.4c0-6.4-6.4-12.8-12.8-12.8h-22.4c-6.4 0-12.8 6.4-12.8 12.8v70.4c0 6.4 6.4 12.8 12.8 12.8z\" class=\"\"><\/path><\/svg><\/i> <img loading=\"lazy\" decoding=\"async\" width=\"16\" height=\"16\" alt=\"Loading\" src=\"https:\/\/temucotelevision.cl\/web\/wp-content\/plugins\/page-views-count\/ajax-loader-2x.gif\" border=0 \/><\/p>\n<div class=\"pvc_clear\"><\/div>\n<p>\u00b7&nbsp; &nbsp; &nbsp; &nbsp;&#8220;Violeta se qued\u00f3 en el sur&#8221; se presenta este domingo 10 de abril en Padre Las Casas.<\/p>\n","protected":false},"author":1,"featured_media":30918,"comment_status":"open","ping_status":"open","sticky":false,"template":"","format":"standard","meta":{"colormag_page_container_layout":"default_layout","colormag_page_sidebar_layout":"default_layout","footnotes":""},"categories":[86],"tags":[1601,2566,925,283],"class_list":["post-30917","post","type-post","status-publish","format-standard","has-post-thumbnail","hentry","category-panoramas","tag-circo","tag-espacio","tag-obra","tag-teatro"],"a3_pvc":{"activated":true,"total_views":44,"today_views":0},"_links":{"self":[{"href":"https:\/\/temucotelevision.cl\/web\/wp-json\/wp\/v2\/posts\/30917","targetHints":{"allow":["GET"]}}],"collection":[{"href":"https:\/\/temucotelevision.cl\/web\/wp-json\/wp\/v2\/posts"}],"about":[{"href":"https:\/\/temucotelevision.cl\/web\/wp-json\/wp\/v2\/types\/post"}],"author":[{"embeddable":true,"href":"https:\/\/temucotelevision.cl\/web\/wp-json\/wp\/v2\/users\/1"}],"replies":[{"embeddable":true,"href":"https:\/\/temucotelevision.cl\/web\/wp-json\/wp\/v2\/comments?post=30917"}],"version-history":[{"count":1,"href":"https:\/\/temucotelevision.cl\/web\/wp-json\/wp\/v2\/posts\/30917\/revisions"}],"predecessor-version":[{"id":30919,"href":"https:\/\/temucotelevision.cl\/web\/wp-json\/wp\/v2\/posts\/30917\/revisions\/30919"}],"wp:featuredmedia":[{"embeddable":true,"href":"https:\/\/temucotelevision.cl\/web\/wp-json\/wp\/v2\/media\/30918"}],"wp:attachment":[{"href":"https:\/\/temucotelevision.cl\/web\/wp-json\/wp\/v2\/media?parent=30917"}],"wp:term":[{"taxonomy":"category","embeddable":true,"href":"https:\/\/temucotelevision.cl\/web\/wp-json\/wp\/v2\/categories?post=30917"},{"taxonomy":"post_tag","embeddable":true,"href":"https:\/\/temucotelevision.cl\/web\/wp-json\/wp\/v2\/tags?post=30917"}],"curies":[{"name":"wp","href":"https:\/\/api.w.org\/{rel}","templated":true}]}}